{"id":339788,"date":"2025-08-24T03:01:10","date_gmt":"2025-08-24T03:01:10","guid":{"rendered":"https:\/\/www.europesays.com\/fr\/339788\/"},"modified":"2025-08-24T03:01:10","modified_gmt":"2025-08-24T03:01:10","slug":"classement-tour-de-guyane-2025-les-resultats-de-letape-8-sinnamary","status":"publish","type":"post","link":"https:\/\/www.europesays.com\/fr\/339788\/","title":{"rendered":"CLASSEMENT. Tour de Guyane 2025 : les r\u00e9sultats de l&rsquo;\u00e9tape 8 Sinnamary"},"content":{"rendered":"<p>C&rsquo;\u00e9tait l&rsquo;avant-derni\u00e8re \u00e9tape de ce tour cycliste de Guyane. Ce 23 ao\u00fbt, l&rsquo;\u00e9tape 8 a \u00e9t\u00e9 remport\u00e9e par le Qu\u00e9b\u00e9cois L\u00e9o Roy, c&rsquo;est la troisi\u00e8me victoire d&rsquo;\u00e9tape pour lui. Quant au maillot jaune, il change de porteur mais reste dans la m\u00eame \u00e9quipe, celle du Schils. On fait le point sur le classement.<\/p>\n<p>Jamais deux sans trois pour L\u00e9o Roy. Le soci\u00e9taire d&rsquo;Entreposage Bluebird Qu\u00e9bec \u00e0 v\u00e9lo a obtenu sa troisi\u00e8me victoire d&rsquo;\u00e9tape ce samedi \u00e0 Macouria. <strong>Une victoire obtenue en \u00e9quipe, selon lui, notamment avec la participation de Gr\u00e9gory ZAPATA CORDOBA<\/strong>, deuxi\u00e8me sur la ligne d&rsquo;arriv\u00e9e. <\/p>\n<p>Une course qui a un peu bouscul\u00e9 le classement g\u00e9n\u00e9ral, puisque<strong> le maillot jaune n&rsquo;est plus Charlie LACAILLE <\/strong>(Schils), c&rsquo;est d\u00e9sormais son co\u00e9quipier, Oscar HUTCHINGS, qui l&rsquo;endosse. <\/p>\n<p>Les 10 premiers du classement g\u00e9n\u00e9ral :<\/p>\n<ol>\n<li>HUTCHINGS Oscar (GRB)<\/li>\n<li>LACAILLE Charlie (GRB)<\/li>\n<li>CLAVIER Kendrick (Guadeloupe)<\/li>\n<li>BOUSQUET Benjamin (VCM)<\/li>\n<li>KELLER Hermann (GRB)<\/li>\n<li>BOSCHER Killian (Martinique)<\/li>\n<li>ROY L\u00e9o (Qu\u00e9bec)<\/li>\n<li>DEROUAULT Baptiste (Haute Savoie)<\/li>\n<li>STANIS Myron (Espoir Cycliste)<\/li>\n<li>LE NY Benjamin (Guadeloupe)<\/li>\n<\/ol>\n<p><a target=\"_blank\" rel=\"noopener noreferrer nofollow\" href=\"https:\/\/drive.google.com\/file\/d\/1EHYaPG3LmPVcqFf7oE4UX4_xDP-iFlah\/view?usp=sharing\"><strong>R\u00e9sultats et classements \u00e0 l&rsquo;issue de l&rsquo;\u00e9tape 8<\/strong><\/a><\/p>\n","protected":false},"excerpt":{"rendered":"C&rsquo;\u00e9tait l&rsquo;avant-derni\u00e8re \u00e9tape de ce tour cycliste de Guyane. Ce 23 ao\u00fbt, l&rsquo;\u00e9tape 8 a \u00e9t\u00e9 remport\u00e9e par&hellip;\n","protected":false},"author":2,"featured_media":339789,"comment_status":"","ping_status":"","sticky":false,"template":"","format":"standard","meta":{"footnotes":""},"categories":[1411],"tags":[1154,207,1011,27,60],"class_list":{"0":"post-339788","1":"post","2":"type-post","3":"status-publish","4":"format-standard","5":"has-post-thumbnail","7":"category-cyclisme","8":"tag-cycling","9":"tag-cyclisme","10":"tag-fr","11":"tag-france","12":"tag-sports"},"share_on_mastodon":{"url":"https:\/\/pubeurope.com\/@fr\/115081516393694863","error":""},"_links":{"self":[{"href":"https:\/\/www.europesays.com\/fr\/wp-json\/wp\/v2\/posts\/339788","targetHints":{"allow":["GET"]}}],"collection":[{"href":"https:\/\/www.europesays.com\/fr\/wp-json\/wp\/v2\/posts"}],"about":[{"href":"https:\/\/www.europesays.com\/fr\/wp-json\/wp\/v2\/types\/post"}],"author":[{"embeddable":true,"href":"https:\/\/www.europesays.com\/fr\/wp-json\/wp\/v2\/users\/2"}],"replies":[{"embeddable":true,"href":"https:\/\/www.europesays.com\/fr\/wp-json\/wp\/v2\/comments?post=339788"}],"version-history":[{"count":0,"href":"https:\/\/www.europesays.com\/fr\/wp-json\/wp\/v2\/posts\/339788\/revisions"}],"wp:featuredmedia":[{"embeddable":true,"href":"https:\/\/www.europesays.com\/fr\/wp-json\/wp\/v2\/media\/339789"}],"wp:attachment":[{"href":"https:\/\/www.europesays.com\/fr\/wp-json\/wp\/v2\/media?parent=339788"}],"wp:term":[{"taxonomy":"category","embeddable":true,"href":"https:\/\/www.europesays.com\/fr\/wp-json\/wp\/v2\/categories?post=339788"},{"taxonomy":"post_tag","embeddable":true,"href":"https:\/\/www.europesays.com\/fr\/wp-json\/wp\/v2\/tags?post=339788"}],"curies":[{"name":"wp","href":"https:\/\/api.w.org\/{rel}","templated":true}]}}