{"id":339790,"date":"2025-08-24T03:02:09","date_gmt":"2025-08-24T03:02:09","guid":{"rendered":"https:\/\/www.europesays.com\/fr\/339790\/"},"modified":"2025-08-24T03:02:09","modified_gmt":"2025-08-24T03:02:09","slug":"la-pire-chose-le-probleme-qui-a-degoute-luis-enrique-et-le-psg","status":"publish","type":"post","link":"https:\/\/www.europesays.com\/fr\/339790\/","title":{"rendered":"\u00abLa pire chose&#8230;\u00bb\u00a0: Le probl\u00e8me qui a d\u00e9go\u00fbt\u00e9 Luis Enrique et le PSG"},"content":{"rendered":"<p>                    Bernard Colas<br \/>\n                        &#8211;<\/p>\n<p>Journaliste<\/p>\n<p>Passionn\u00e9 de sport, de cin\u00e9ma et de t\u00e9l\u00e9vision (\u00e0 l\u2019\u00e9cran comme derri\u00e8re) depuis son enfance, Bernard est journaliste pour le 10 Sport depuis 2018. Plus habile clavier en main que ballon au pied, il d\u00e9cide de couvrir principalement un sport adul\u00e9, critiqu\u00e9 et d\u00e9test\u00e9 \u00e0 la fois (le football) et un sport qui n\u2019en est pas un (le catch).<\/p>\n<p class=\"heading\">Vendredi, le Paris SG a remport\u00e9 son deuxi\u00e8me match de la saison en Ligue 1 contre Angers (1-0) au Parc des Princes, mais l&rsquo;\u00e9tat d\u00e9plorable de la pelouse a \u00e9t\u00e9 vivement critiqu\u00e9 par l&rsquo;entra\u00eeneur Luis Enrique. Un probl\u00e8me qui s\u2019explique par la forte chaleur dans la capitale cet \u00e9t\u00e9.<\/p>\n<p>Le <a href=\"https:\/\/le10sport.com\/football\/mercato\/transfert-de-donnarumma-cest-la-panique-au-psg-755302\" rel=\"nofollow noopener\" target=\"_blank\">PSG <\/a>a retrouv\u00e9 le Parc des Princes ce vendredi, face \u00e0 <strong>Angers <\/strong>(1-0), sur une pelouse tr\u00e8s loin de ce que l\u2019on a l\u2019habitude de voir dans l\u2019enceinte parisienne. Ce qui n\u2019a pas emp\u00each\u00e9 la bande \u00e0 <strong>Luis Enrique <\/strong>de l\u2019emporter pour son deuxi\u00e8me match en Ligue 1, mais l\u2019entra\u00eeneur espagnol n\u2019a pas manqu\u00e9 de souligner ce probl\u00e8me au coup de sifflet final.<\/p>\n<p>                                            \u00ab\u00a0La pire chose, c&rsquo;est l&rsquo;\u00e9tat de la pelouse\u00a0\u00bb<\/p>\n<p>\u00ab\u00a0La pire chose, c&rsquo;est l&rsquo;\u00e9tat de la pelouse. Je ne savais pas que l&rsquo;\u00e9tat \u00e9tait comme \u00e7a et \u00e7a a \u00e9t\u00e9 encore plus difficile. Je dois f\u00e9liciter mes joueurs parce qu&rsquo;ils n&rsquo;ont pas pens\u00e9 \u00e0 cet \u00e9tat de la pelouse. On a jou\u00e9 avec confiance et leurs capacit\u00e9s techniques et physiques ont fait qu&rsquo;on a pu gagner le match\u00a0\u00bb, a confi\u00e9 en conf\u00e9rence de presse<strong> Luis Enrique<\/strong>, \u00e9voquant \u00e0 plusieurs reprises l\u2019\u00e9tat de la pelouse dans ses r\u00e9ponses. \u00ab\u00a0Cela fait que c&rsquo;est encore plus difficile d&rsquo;\u00eatre efficace\u00a0\u00bb, a-t-il indiqu\u00e9 quelques secondes plus tard, avant d\u2019ajouter\u00a0: \u00ab Le feeling avec le ballon avait besoin d&rsquo;une pelouse en condition et ce n&rsquo;\u00e9tait pas le cas. Mais en m\u00eame temps, je dois dire que je suis content de la capacit\u00e9 de mes joueurs \u00e0 ne pas parler de l&rsquo;\u00e9tat de la pelouse. Mais je dois en \u00eatre conscient et parler de \u00e7a parce que \u00e7a a \u00e9t\u00e9 quelque chose d&rsquo;impr\u00e9visible pour moi. \u00bb<\/p>\n<p>                                            La canicule plombe la pelouse<\/p>\n<p>Pourquoi le gazon du Parc des Princes \u00e9tait-il dans un \u00e9tat aussi d\u00e9sastreux ce vendredi\u00a0? Cela s\u2019explique par les fortes chaleurs qui se sont abattues sur la capitale ces derni\u00e8res semaines selon Le Parisien. La pelouse, chang\u00e9e en fin de saison derni\u00e8re, a \u00e9t\u00e9 choisie pour \u00eatre adapt\u00e9e \u00e0 une temp\u00e9rature temp\u00e9r\u00e9e entre 10 et 25 degr\u00e9s maximum. En juillet, les 38 \u00b0C ont \u00e9t\u00e9 atteints \u00e0 Paris&#8230;<\/p>\n","protected":false},"excerpt":{"rendered":"Bernard Colas &#8211; Journaliste Passionn\u00e9 de sport, de cin\u00e9ma et de t\u00e9l\u00e9vision (\u00e0 l\u2019\u00e9cran comme derri\u00e8re) depuis son&hellip;\n","protected":false},"author":2,"featured_media":339791,"comment_status":"","ping_status":"","sticky":false,"template":"","format":"standard","meta":{"footnotes":""},"categories":[1410],"tags":[63,1011,27,60],"class_list":{"0":"post-339790","1":"post","2":"type-post","3":"status-publish","4":"format-standard","5":"has-post-thumbnail","7":"category-football","8":"tag-football","9":"tag-fr","10":"tag-france","11":"tag-sports"},"share_on_mastodon":{"url":"https:\/\/pubeurope.com\/@fr\/115081520392777302","error":""},"_links":{"self":[{"href":"https:\/\/www.europesays.com\/fr\/wp-json\/wp\/v2\/posts\/339790","targetHints":{"allow":["GET"]}}],"collection":[{"href":"https:\/\/www.europesays.com\/fr\/wp-json\/wp\/v2\/posts"}],"about":[{"href":"https:\/\/www.europesays.com\/fr\/wp-json\/wp\/v2\/types\/post"}],"author":[{"embeddable":true,"href":"https:\/\/www.europesays.com\/fr\/wp-json\/wp\/v2\/users\/2"}],"replies":[{"embeddable":true,"href":"https:\/\/www.europesays.com\/fr\/wp-json\/wp\/v2\/comments?post=339790"}],"version-history":[{"count":0,"href":"https:\/\/www.europesays.com\/fr\/wp-json\/wp\/v2\/posts\/339790\/revisions"}],"wp:featuredmedia":[{"embeddable":true,"href":"https:\/\/www.europesays.com\/fr\/wp-json\/wp\/v2\/media\/339791"}],"wp:attachment":[{"href":"https:\/\/www.europesays.com\/fr\/wp-json\/wp\/v2\/media?parent=339790"}],"wp:term":[{"taxonomy":"category","embeddable":true,"href":"https:\/\/www.europesays.com\/fr\/wp-json\/wp\/v2\/categories?post=339790"},{"taxonomy":"post_tag","embeddable":true,"href":"https:\/\/www.europesays.com\/fr\/wp-json\/wp\/v2\/tags?post=339790"}],"curies":[{"name":"wp","href":"https:\/\/api.w.org\/{rel}","templated":true}]}}