{"id":339794,"date":"2025-08-24T03:04:11","date_gmt":"2025-08-24T03:04:11","guid":{"rendered":"https:\/\/www.europesays.com\/fr\/339794\/"},"modified":"2025-08-24T03:04:11","modified_gmt":"2025-08-24T03:04:11","slug":"ce-jeune-photographe-installe-a-cahors-se-specialise-dans-la-photo-animaliere-et-les-portraits","status":"publish","type":"post","link":"https:\/\/www.europesays.com\/fr\/339794\/","title":{"rendered":"Ce jeune photographe install\u00e9 \u00e0 Cahors se sp\u00e9cialise dans la photo animali\u00e8re et les portraits"},"content":{"rendered":"<p>            Par<br \/>\n        <strong><br \/>\n            <a href=\"https:\/\/actu.fr\/auteur\/marie-cecile-itier\" title=\"Consulter tous les articles de Marie-C\u00e9cile Itier\" rel=\"nofollow noopener\" target=\"_blank\">Marie-C\u00e9cile Itier<\/a><br \/>\n        <\/strong><\/p>\n<p>        Publi\u00e9 le<\/p>\n<p>            23 ao\u00fbt 2025 \u00e0 12h00        <\/p>\n<p>Gwena\u00ebl Decaen a fait de sa <b>sensibilit\u00e9 un atout dans son activit\u00e9<\/b>. Il vient de lancer au d\u00e9but de l\u2019\u00e9t\u00e9 sur <a href=\"https:\/\/actu.fr\/occitanie\/cahors_46042\" rel=\"nofollow noopener\" target=\"_blank\"><b>Cahors <\/b><\/a>sa micro-entreprise de <b>photographe professionnel,<\/b> sp\u00e9cialis\u00e9 dans la <b>photographie animali\u00e8re et les portraits<\/b>.<\/p>\n<p>Bac pro photo \u00e0 Cahors<\/p>\n<p class=\" wall-content\">Apr\u00e8s avoir effectu\u00e9 un bac professionnel photo <a href=\"https:\/\/actu.fr\/occitanie\/_46\/lycee-professionnel-saint-etienne-cahors-deux-eleves-decrochent-medaille-dor-concours-meilleur-apprenti-france_10629855.html\" rel=\"nofollow noopener\" target=\"_blank\">au lyc\u00e9e Saint-\u00c9tienne de Cahors<\/a>, il a travaill\u00e9 quelques ann\u00e9es en int\u00e9rim et petits boulots alimentaires avant de se sentir pr\u00eat \u00e0 se lancer dans la photo en tant que professionnel \u00e0 l\u2019\u00e2ge de 24 ans.<\/p>\n<p class=\" wall-content\">Aujourd\u2019hui, il cumule un service civique \u00e0 la Banque Alimentaire et son activit\u00e9 de photographe animalier et portraitiste. Un choix de sp\u00e9cialisation pour lui, \u00ab parce que je ne voulais pas perdre le client et axer mon activit\u00e9 sur ce que je serai s\u00fbr de r\u00e9ussir et d\u2019assurer \u00bb.<\/p>\n<p>Portraits d\u2019animaux<\/p>\n<p class=\" wall-content\">Enfant d\u2019expatri\u00e9s, il a grandi en Afrique au milieu des chevaux, sa premi\u00e8re passion. C\u2019est gr\u00e2ce \u00e0 eux qu\u2019il en est venu \u00e0 la photo animali\u00e8re. Gr\u00e2ce aux r\u00e9seaux sociaux aussi. Adolescent, il ne s\u2019\u00e9panouit pas totalement dans le milieu scolaire, except\u00e9 dans les mati\u00e8res artistiques. \u00c0 cette \u00e9poque, il allait beaucoup sur les r\u00e9seaux sociaux, en particulier Instagram o\u00f9 il postait de nombreuses photos de lui et de sa jument. Quand son p\u00e8re lui offre son premier appareil photo, c\u2019est une r\u00e9v\u00e9lation. \u00ab En Afrique, je pouvais m\u2019entra\u00eener \u00e0 la photo animali\u00e8re avec des animaux sauvages dans les r\u00e9serves : phacoch\u00e8res, \u00e9l\u00e9phants\u2026 \u00bb se rem\u00e9more le jeune photographe. En France, il se concentre plut\u00f4t sur les portraits d\u2019animaux de compagnie, les chevaux bien s\u00fbr, qu\u2019il adore, mais aussi les chats, chiens, lapins\u2026 Il serait aussi pr\u00eat \u00e0 aller aupr\u00e8s d\u2019\u00e9leveurs pour photographier les animaux de ferme ou les animaux d\u2019\u00e9levage, d\u00e8s lors que la bienveillance animale est respect\u00e9e. Pour lui, le rapport avec l\u2019animal est primordial. \u00ab L\u2019animal est sinc\u00e8re, il ne ment pas. Je me sens moi-m\u00eame avec les animaux \u00bb avoue-t-il.<\/p>\n<p>Vid\u00e9os : en ce moment sur ActuDes portraits pas comme les autres<\/p>\n<p class=\" wall-content\">Il aime aussi \u00e0 r\u00e9aliser des portraits de personnes. Avec sa technique \u00e0 lui : il ne fait pas poser mais pr\u00e9f\u00e8re photographier les gens \u00e0 un instant T, en les pla\u00e7ant dans les situations qui les caract\u00e9risent le plus. \u00ab Ce que j\u2019aime, c\u2019est communiquer avec les personnes pour mieux les conna\u00eetre et faire la photo qui leur ressemblera le plus \u00bb explique le photographe. Il appr\u00e9cie aussi de combiner ses deux sp\u00e9cialit\u00e9s : faire des portraits de gens avec leurs animaux.<\/p>\n<p class=\" wall-content\">\u00ab Ensuite, je fais le minimum de retouches. Ceux qui travaillent avec du tout Photoshop, avec l\u2019IA, je respecte, c\u2019est une forme d\u2019art, mais je n\u2019appelle plus \u00e7a de la photographie \u00bb avoue Gwena\u00ebl Decaen. Dans ses images, il aime aussi faire ressortir le c\u00f4t\u00e9 chaud, se rapprochant du s\u00e9pia. \u00ab \u00c7a repr\u00e9sente une certaine nostalgie de l\u2019instant pris en photo. Et puis, ces images chaudes sont un rappel de mon enfance en Afrique \u00bb.<\/p>\n<p>Votre r\u00e9gion, votre actu !<\/p>\n<p>Recevez chaque jour les infos qui comptent pour vous.<\/p>\n<p>\t<a href=\"https:\/\/actu.fr\/newsletter\" class=\"ac-btn ac-btn--corner ac-btn--medium ac-btn--blue800\" rel=\"nofollow noopener\" target=\"_blank\">S&rsquo;incrire<\/a><\/p>\n<p>    <img   decoding=\"async\" loading=\"lazy\" class=\"size-large\" src=\"https:\/\/www.europesays.com\/fr\/wp-content\/uploads\/2025\/08\/bc3766ab33a86a04766ab33a884476v-960x640.jpg\" alt=\"Le photographe Gwena\u00ebl Decaen.\" width=\"960\" height=\"640\"\/><br \/>\n    Le photographe Gwena\u00ebl Decaen. \u00a9Gwena\u00ebl DecaenSe faire plaisir avec des photos<\/p>\n<p class=\" wall-content\">Ses photos animali\u00e8res sont autant adapt\u00e9es aux propri\u00e9taires d\u2019animaux de compagnie qu\u2019aux \u00e9leveurs, amateurs de concours canin, \u00e9quins\u2026 Il propose des s\u00e9ances photos d\u2019une heure environ, avec diff\u00e9rentes formules en fonction du nombre de photos et d\u2019animaux photographi\u00e9s (tarifs autour de 40 \u00e0 80\u00a0\u20ac). Pour ses portraits, Gwena\u00ebl Decaen propose des tarifs un peu plus bas, avec des formules en solo ou en duo, avec dans l\u2019avenir la possibilit\u00e9 de faire des photos avec des bulles ou des poudres de couleur. \u00ab Mes tarifs sont peu \u00e9lev\u00e9s, cela permet \u00e0 tous de pouvoir se faire plaisir avec des photos sans trop d\u00e9penser \u00bb ajoute-t-il.<\/p>\n<p class=\" wall-content\">Il peut travailler dans un rayon d\u2019une heure de route sans frais suppl\u00e9mentaires, ou jusqu\u2019\u00e0 3 h avec quelques frais, et se d\u00e9place la plupart de temps avec son \u00ab acolyte \u00bb, un ami qui l\u2019aide dans la logistique. Il peut aussi faire des photos d\u2019\u00e9v\u00e9nements \u00e0 la demande (comme des anniversaires, mais aussi des concours canins, f\u00e9lins, \u00e9quins\u2026).<\/p>\n<p>Contact sur Instagram \u00ab gd.photographies \u00bb ; sur Facebook \u00ab g.dphotographies \u00bb, ou alors par SMS ou appels WhatsApp au 06 95 80 77 38.<\/p>\n<p class=\" wall-content\">Personnalisez votre actualit\u00e9 en ajoutant vos villes et m\u00e9dias en favori avec <a href=\"https:\/\/moncompte.actu.fr\" title=\"D\u00e9couvez Mon Actu\" rel=\"nofollow noopener\" data-trk=\"{&quot;cta&quot;:{&quot;action&quot;:&quot;https:\\\/\\\/moncompte.actu.fr&quot;,&quot;category&quot;:&quot;mon compte&quot;,&quot;from&quot;:&quot;article footer&quot;,&quot;name&quot;:&quot;Mon actu&quot;,&quot;type&quot;:&quot;cta&quot;}}\" target=\"_blank\">Mon Actu<\/a>.<\/p>\n","protected":false},"excerpt":{"rendered":"Par Marie-C\u00e9cile Itier Publi\u00e9 le 23 ao\u00fbt 2025 \u00e0 12h00 Gwena\u00ebl Decaen a fait de sa sensibilit\u00e9 un&hellip;\n","protected":false},"author":2,"featured_media":339795,"comment_status":"","ping_status":"","sticky":false,"template":"","format":"standard","meta":{"footnotes":""},"categories":[1358],"tags":[1348,1384,1385,1386,58,59,1011,27,1652],"class_list":{"0":"post-339794","1":"post","2":"type-post","3":"status-publish","4":"format-standard","5":"has-post-thumbnail","7":"category-arts-et-design","8":"tag-arts","9":"tag-arts-and-design","10":"tag-arts-et-design","11":"tag-design","12":"tag-divertissement","13":"tag-entertainment","14":"tag-fr","15":"tag-france","16":"tag-loisirs-culture"},"share_on_mastodon":{"url":"https:\/\/pubeurope.com\/@fr\/115081528201140342","error":""},"_links":{"self":[{"href":"https:\/\/www.europesays.com\/fr\/wp-json\/wp\/v2\/posts\/339794","targetHints":{"allow":["GET"]}}],"collection":[{"href":"https:\/\/www.europesays.com\/fr\/wp-json\/wp\/v2\/posts"}],"about":[{"href":"https:\/\/www.europesays.com\/fr\/wp-json\/wp\/v2\/types\/post"}],"author":[{"embeddable":true,"href":"https:\/\/www.europesays.com\/fr\/wp-json\/wp\/v2\/users\/2"}],"replies":[{"embeddable":true,"href":"https:\/\/www.europesays.com\/fr\/wp-json\/wp\/v2\/comments?post=339794"}],"version-history":[{"count":0,"href":"https:\/\/www.europesays.com\/fr\/wp-json\/wp\/v2\/posts\/339794\/revisions"}],"wp:featuredmedia":[{"embeddable":true,"href":"https:\/\/www.europesays.com\/fr\/wp-json\/wp\/v2\/media\/339795"}],"wp:attachment":[{"href":"https:\/\/www.europesays.com\/fr\/wp-json\/wp\/v2\/media?parent=339794"}],"wp:term":[{"taxonomy":"category","embeddable":true,"href":"https:\/\/www.europesays.com\/fr\/wp-json\/wp\/v2\/categories?post=339794"},{"taxonomy":"post_tag","embeddable":true,"href":"https:\/\/www.europesays.com\/fr\/wp-json\/wp\/v2\/tags?post=339794"}],"curies":[{"name":"wp","href":"https:\/\/api.w.org\/{rel}","templated":true}]}}