{"id":339796,"date":"2025-08-24T03:05:13","date_gmt":"2025-08-24T03:05:13","guid":{"rendered":"https:\/\/www.europesays.com\/fr\/339796\/"},"modified":"2025-08-24T03:05:13","modified_gmt":"2025-08-24T03:05:13","slug":"kolkhoze-demmanuel-carrere-la-gloire-de-ma-mere","status":"publish","type":"post","link":"https:\/\/www.europesays.com\/fr\/339796\/","title":{"rendered":"\u00ab\u00a0Kolkhoze\u00a0\u00bb d\u2019Emmanuel Carr\u00e8re\u00a0: la gloire de ma m\u00e8re"},"content":{"rendered":"<p>Kolkhoze s\u2019ouvre sur l\u2019hommage national \u00e0 H\u00e9l\u00e8ne Carr\u00e8re d\u2019Encausse dans la cour d\u2019honneur des Invalides en octobre 2023. Fille d\u2019apatrides, jamais la jeune H\u00e9l\u00e8ne n\u2019aurait pu imaginer une telle destin\u00e9e en devenant la premi\u00e8re femme \u00e0 la t\u00eate de l\u2019Acad\u00e9mie fran\u00e7aise. Dans un r\u00e9cit tentaculaire et d\u2019une richesse incroyable, Emmanuel Carr\u00e8re emporte le lecteur dans son histoire familiale.<br \/>\n<img fetchpriority=\"high\" decoding=\"async\" class=\"size-full wp-image-177343 lazyload\" alt=\"Emmanuel Carr\u00e8\" width=\"800\" height=\"541\" src=\"https:\/\/www.europesays.com\/fr\/wp-content\/uploads\/2025\/08\/Emmanuel-Carrere-2025.jpg\"  data- data-eio-rwidth=\"800\" data-eio-rheight=\"541\"\/>Emmanuel Carr\u00e8re \u00a9 Olivier Seignette<\/p>\n<p>En plus d\u2019un hymne d\u2019amour adress\u00e9 \u00e0 sa m\u00e8re et \u00e0 son p\u00e8re, <strong>Emmanuel Carr\u00e8re <\/strong>dresse une fresque familiale qui d\u00e9passe la fiction, m\u00ealant la petite histoire \u00e0 la grande.<\/p>\n<p>De ce r\u00e9cit ressort une s\u00e9r\u00e9nit\u00e9 qui est nouvelle dans l\u2019\u00e9criture d\u2019<strong>Emmanuel Carr\u00e8re<\/strong>. Il d\u00e9crit ses souvenirs d\u2019enfance avec une grande tendresse (mais sans sentimentalisme), tr\u00e8s certainement parce qu\u2019il a \u00e9t\u00e9 un enfant tr\u00e8s aim\u00e9 et choy\u00e9. H\u00e9l\u00e8nou \u00e9tait son surnom, ce qui d\u00e9montre le lien fort qui l\u2019unissait \u00e0 sa m\u00e8re. Ce lien a pu \u00eatre distendu, notamment apr\u00e8s la publication d\u2019Un roman russe\u00a0: la m\u00e8re et le fils sont rest\u00e9s f\u00e2ch\u00e9s pendant deux ans. Puis les relations se sont apais\u00e9es. H\u00e9l\u00e8ne Carr\u00e8re d\u2019Encausse a reconnu que son fils avait bien fait d\u2019\u00e9crire ce livre. Cela aura \u00e9t\u00e9 l\u2019unique concession de cette femme fi\u00e8re.<\/p>\n<p><img loading=\"lazy\" decoding=\"async\" class=\"size-full wp-image-177344 alignleft lazyload\" alt=\"kolkhoze\" width=\"350\" height=\"512\" src=\"https:\/\/www.europesays.com\/fr\/wp-content\/uploads\/2025\/08\/kolkhoze_couv.jpg\" data-eio-rwidth=\"350\" data-eio-rheight=\"512\"\/><strong>Emmanuel Carr\u00e8re<\/strong> dresse le portrait de sa m\u00e8re sans la porter aux nues. Il sait comme elle pouvait \u00eatre de mauvaise foi et dure. D\u2019ailleurs, il revient \u00e9galement sur la relation qu\u2019entretenaient ses parents sans jeter de voile pudique, ce qui peut amener le lecteur \u00e0 s\u2019interroger sur le consentement des principaux int\u00e9ress\u00e9s. Mais quand on referme Kolkhoze, on r\u00e9alise \u00e0 quel point tout est juste et \u00e0 sa place. Tout ce qui est \u00e9crit l\u2019est pour de bonnes raisons. Chaque phrase est une pi\u00e8ce d\u2019un puzzle aux mille facettes, celle d\u2019une famille hors norme.<\/p>\n<p>Qui peut se targuer d\u2019\u00eatre n\u00e9e de parents apatrides g\u00e9orgien et germano-russe, de vivre une enfance pauvre en France, d\u2019int\u00e9grer Sciences po (les Sciences po comme disait H\u00e9l\u00e8ne Carr\u00e8re d\u2019Encausse) et \u00e0 force de travail, \u00eatre appel\u00e9e \u00e0 travailler dans les cabinets minist\u00e9riels\u00a0et tenir les fonctions de secr\u00e9taire perp\u00e9tuelle de l\u2019Acad\u00e9mie fran\u00e7aise pendant un quart de si\u00e8cle ?<\/p>\n<p>Revenons d\u2019ailleurs sur cette famille g\u00e9orgienne apatride\u00a0: les Zourabichvili. Ce nom vous \u00e9voque quelque chose\u00a0? C\u2019est normal. En plus d\u2019\u00eatre le nom de jeune fille d\u2019H\u00e9l\u00e8ne Carr\u00e8re d\u2019Encausse, c\u2019est aussi celui de sa ni\u00e8ce Salom\u00e9, qui a \u00e9t\u00e9 pr\u00e9sidente de G\u00e9orgie et qui maintenant s\u2019oppose au gouvernement actuel pro-russe. Quand on parle de famille \u00e0 la destin\u00e9e extraordinaire, on se pose l\u00e0\u00a0!<\/p>\n<p><strong>Emmanuel Carr\u00e8re<\/strong> revient sur l\u2019histoire des quatre g\u00e9n\u00e9rations des c\u00f4t\u00e9s paternel et maternel, gr\u00e2ce aux travaux de recherches g\u00e9n\u00e9alogiques qu\u2019aura men\u00e9s son p\u00e8re. C\u2019est \u00e0 son d\u00e9c\u00e8s, seulement quelques mois apr\u00e8s son \u00e9pouse, que l\u2019auteur d\u00e9couvrira l\u2019\u00e9tendue et la pr\u00e9cision des documents pr\u00e9cieusement class\u00e9s dans des dossiers.<\/p>\n<p>Parlons du choix du titre maintenant\u00a0: Kolkhoze. Le p\u00e8re d\u2019<strong>Emmanuel Carr\u00e8re<\/strong> partait tr\u00e8s souvent en d\u00e9placement professionnel. Les enfants avaient alors le droit de dormir dans la chambre parentale. \u00ab\u00a0Marina, \u00e9tant la plus petite, prenait la place dans le lit des parents. Nathalie et moi tirions nos matelas ou tout simplement des coussins autour du lit. Notre m\u00e8re avait donn\u00e9 \u00e0 ce rituel du dortoir\u00a0: faire kolkhoze. Nous adorions faire kolkhoze. Je ne sais pas jusqu\u2019\u00e0 quand nous l\u2019avons fait \u2013 je dirais\u00a0: bien apr\u00e8s que nous avons cess\u00e9 de croire au p\u00e8re No\u00ebl.\u00a0\u00bb.<\/p>\n<p>Les trois enfants ont accompagn\u00e9 leur m\u00e8re dans ses derniers jours. Les chapitres d\u00e9di\u00e9s \u00e0 ces moments sont extr\u00eamement \u00e9mouvants. \u00ab\u00a0Cette nuit-l\u00e0, r\u00e9unis tous les trois autour de notre m\u00e8re dans sa chambre de la maison Jeanne-Garnier, nous avons pour la derni\u00e8re fois fait kolkhoze.\u00a0\u00bb.<\/p>\n<p>D\u00e9j\u00e0 dans Un roman russe publi\u00e9 en 2007, <strong>Emmanuel Carr\u00e8re<\/strong> avait \u00e9voqu\u00e9 la future disparition de sa m\u00e8re. Lors d\u2019obs\u00e8ques d\u2019une amie de la famille auxquelles ils assistaient tous deux, H\u00e9l\u00e8ne Carr\u00e8re d\u2019Encausse avait gliss\u00e9 \u00e0 son fils\u00a0: \u00ab ce qui est bien, tu vois, c\u2019est que Philippe a \u00e9t\u00e9 avec elle toute la derni\u00e8re nuit.\u00a0\u00bb Cette phrase lanc\u00e9e l\u2019air de rien avait boulevers\u00e9 son fils qui \u00e9crivait alors\u00a0: \u00ab\u00a0Philippe est le fils a\u00een\u00e9 de Martine. J\u2019ai eu envie de pleurer pendant tout le service, pas tant parce qu\u2019elle \u00e9tait couch\u00e9e dans le cercueil \u00e0 quelques m\u00e8tres de moi qu\u2019en pensant \u00e0 la mort de ma m\u00e8re et \u00e0 ce qu\u2019implicitement elle venait de me demander. Non pas que je n\u2019y aie jamais pens\u00e9\u00a0: je soup\u00e7onne depuis longtemps qu\u2019en d\u00e9pit de notre \u00e9loignement elle compte sur moi pour le moment de sa mort, et j\u2019esp\u00e8re seulement \u00eatre pr\u00eat quand ce moment viendra. J\u2019\u00e9cris ceci pour m\u2019y pr\u00e9parer, pour apprendre \u00e0 regarder ma m\u00e8re dans les yeux, pour avoir moins peur de l\u2019amour entre nous.\u00a0\u00bb.<\/p>\n<p>Ainsi, <strong>Emmanuel Carr\u00e8re<\/strong> et ses s\u0153urs auront r\u00e9pondu \u00e0 la demande implicite de leur m\u00e8re faite en 2007\u00a0: \u00eatre accompagn\u00e9e de ses enfants pour ses derniers instants. Ils auront fait kolkhoze, comme lors des moments tant ch\u00e9ris quand ils \u00e9taient enfants.<\/p>\n<p>Ce r\u00e9cit n\u2019\u00e9voque pas seulement l\u2019histoire d\u2019une famille, mais l\u2019Histoire. Il ne concerne pas qu\u2019une g\u00e9n\u00e9ration mais toute une filiation. Il rend compte de l\u2019attachement des racines et du besoin de retourner aux origines.<\/p>\n<p>Kolkhoze est une pi\u00e8ce magistrale dans l\u2019\u0153uvre d\u2019<strong>Emmanuel Carr\u00e8re<\/strong>, dans laquelle il d\u00e9voile l\u2019amour infini qu\u2019il porte \u00e0 sa m\u00e8re.<\/p>\n<p><img loading=\"lazy\" decoding=\"async\" class=\"alignnone lazyload\" alt=\"\" width=\"75\" height=\"14\" src=\"https:\/\/www.europesays.com\/fr\/wp-content\/uploads\/2025\/08\/5.gif\" data-eio-rwidth=\"200\" data-eio-rheight=\"40\"\/><\/p>\n<p>Caroline Martin<\/p>\n<p>Kolkhoze<br \/>R\u00e9cit d\u2019Emmanuel Carr\u00e8re<br \/>Editeur : P.O.L<br \/>560 pages, 24 euros<br \/>Date de parution\u00a0: 28\u00a0ao\u00fbt\u00a02025<\/p>\n","protected":false},"excerpt":{"rendered":"Kolkhoze s\u2019ouvre sur l\u2019hommage national \u00e0 H\u00e9l\u00e8ne Carr\u00e8re d\u2019Encausse dans la cour d\u2019honneur des Invalides en octobre 2023.&hellip;\n","protected":false},"author":2,"featured_media":339797,"comment_status":"","ping_status":"","sticky":false,"template":"","format":"standard","meta":{"footnotes":""},"categories":[1357],"tags":[1379,58,59,1011,27,1380],"class_list":{"0":"post-339796","1":"post","2":"type-post","3":"status-publish","4":"format-standard","5":"has-post-thumbnail","7":"category-livres","8":"tag-books","9":"tag-divertissement","10":"tag-entertainment","11":"tag-fr","12":"tag-france","13":"tag-livres"},"share_on_mastodon":{"url":"https:\/\/pubeurope.com\/@fr\/115081532350151332","error":""},"_links":{"self":[{"href":"https:\/\/www.europesays.com\/fr\/wp-json\/wp\/v2\/posts\/339796","targetHints":{"allow":["GET"]}}],"collection":[{"href":"https:\/\/www.europesays.com\/fr\/wp-json\/wp\/v2\/posts"}],"about":[{"href":"https:\/\/www.europesays.com\/fr\/wp-json\/wp\/v2\/types\/post"}],"author":[{"embeddable":true,"href":"https:\/\/www.europesays.com\/fr\/wp-json\/wp\/v2\/users\/2"}],"replies":[{"embeddable":true,"href":"https:\/\/www.europesays.com\/fr\/wp-json\/wp\/v2\/comments?post=339796"}],"version-history":[{"count":0,"href":"https:\/\/www.europesays.com\/fr\/wp-json\/wp\/v2\/posts\/339796\/revisions"}],"wp:featuredmedia":[{"embeddable":true,"href":"https:\/\/www.europesays.com\/fr\/wp-json\/wp\/v2\/media\/339797"}],"wp:attachment":[{"href":"https:\/\/www.europesays.com\/fr\/wp-json\/wp\/v2\/media?parent=339796"}],"wp:term":[{"taxonomy":"category","embeddable":true,"href":"https:\/\/www.europesays.com\/fr\/wp-json\/wp\/v2\/categories?post=339796"},{"taxonomy":"post_tag","embeddable":true,"href":"https:\/\/www.europesays.com\/fr\/wp-json\/wp\/v2\/tags?post=339796"}],"curies":[{"name":"wp","href":"https:\/\/api.w.org\/{rel}","templated":true}]}}