{"id":339813,"date":"2025-08-24T03:14:10","date_gmt":"2025-08-24T03:14:10","guid":{"rendered":"https:\/\/www.europesays.com\/fr\/339813\/"},"modified":"2025-08-24T03:14:10","modified_gmt":"2025-08-24T03:14:10","slug":"des-touristes-francaises-fuient-sans-payer-la-note-la-restauratrice-les-retrouve-grace-a-facebook-et-debarque-avec-la-facture-devant-leur-logement","status":"publish","type":"post","link":"https:\/\/www.europesays.com\/fr\/339813\/","title":{"rendered":"Des touristes fran\u00e7aises fuient sans payer la note\u00a0: la restauratrice les retrouve gr\u00e2ce \u00e0 Facebook et d\u00e9barque avec la facture devant leur logement"},"content":{"rendered":"<p>\n                                                                Deux touristes fran\u00e7aises ont tent\u00e9 de quitter une pizzeria de Civitanova Marche\u00a0sans payer leur addition, le 19\u00a0ao\u00fbt 2025. Rep\u00e9r\u00e9es sur les cam\u00e9ras de surveillance, elles ont \u00e9t\u00e9 retrouv\u00e9es d\u00e8s le lendemain par la restauratrice qui avait sonn\u00e9 l\u2019alerte sur les r\u00e9seaux sociaux.\n                            <\/p>\n<p>Un resto-basket qui a \u00e9chou\u00e9. Le 19\u00a0ao\u00fbt 2025, deux Fran\u00e7aises ont cru pouvoir duper\u00a0Michela Malatini, la propri\u00e9taire de la pizzeria\u00a0Ai Due Re de Civitanova Marche,<a href=\"https:\/\/www.midilibre.fr\/2025\/04\/04\/un-stratageme-bien-rode-repete-des-dizaines-de-fois-le-pere-et-son-fils-mangeaient-au-restaurant-avant-de-filer-en-douce-sans-payer-12615566.php\" target=\"_self\" rel=\"nofollow noopener\"> en se carapatant sans payer apr\u00e8s avoir mang\u00e9<\/a>, rapporte le m\u00e9dia <a href=\"https:\/\/www.cronachemaceratesi.it\/2025\/08\/20\/turiste-fuggono-senza-pagare-il-conto-la-titolare-le-rintraccia-in-un-bb-mi-sono-fatta-restituire-i-soldi\/1988600\/\" target=\"_self\" rel=\"nofollow noopener\">Cronache Maceratesi<\/a>.<\/p>\n<p>Elle se pointe devant leur porte<\/p>\n<p>Au total, les deux touristes \u00e2g\u00e9es d\u2019une trentaine d\u2019ann\u00e9es ont consomm\u00e9 deux pizzas et quatre Spritz <a href=\"https:\/\/www.midilibre.fr\/2024\/05\/07\/un-employe-daction-mange-des-mini-saucisses-sans-les-payer-pendant-sa-pause-il-se-fait-licencier-pour-un-prejudice-de-548-euros-11936748.php\" target=\"_self\" rel=\"nofollow noopener\">pour une addition de 44\u00a0\u20ac<\/a>. Mais au moment de payer, les deux comp\u00e8res se sont lev\u00e9s pour sortir discr\u00e8tement de la pizzeria. Elles pensaient s\u00fbrement \u00eatre tir\u00e9es d\u2019affaire, mais le lendemain, Michela Malatini se trouvait devant leur porte <a href=\"https:\/\/www.midilibre.fr\/2024\/05\/26\/ils-ont-pris-4-menus-a-volonte-des-jeunes-font-un-resto-basket-pour-economiser-100-euros-ils-risquent-7-500-euros-damende-11975364.php\" target=\"_self\" rel=\"nofollow noopener\">pour leur r\u00e9clamer la somme impay\u00e9e<\/a>.<\/p>\n<blockquote data-instgrm-captioned=\"\" data-instgrm-permalink=\"https:\/\/www.instagram.com\/p\/DNlq07TIHkH\/?utm_source=ig_embed&amp;utm_campaign=loading\" data-instgrm-version=\"14\" style=\" background:#FFF; border:0; border-radius:3px; box-shadow:0 0 1px 0 rgba(0,0,0,0.5),0 1px 10px 0 rgba(0,0,0,0.15); margin: 1px; max-width:540px; min-width:326px; padding:0; width:99.375%; width:-webkit-calc(100% - 2px); width:calc(100% - 2px);\" data-class=\"instagram-media\"\/>\n<p>Tr\u00e8s t\u00f4t le matin, la restauratrice a donc r\u00e9veill\u00e9\u00a0les Fran\u00e7aises avant de leur tendre la facture.\u00a0\u00ab\u00a0Les deux femmes ont \u00e9t\u00e9 tr\u00e8s serviables et ont imm\u00e9diatement remis l\u2019argent sans la moindre protestation\u00a0\u00bb, a-t-elle expliqu\u00e9\u00a0\u00e0 nos confr\u00e8res italiens.<\/p>\n<p>Le pouvoir des r\u00e9seaux sociaux<\/p>\n<p>Si la propri\u00e9taire a pu retrouver les deux Fran\u00e7aises, c\u2019est parce qu\u2019elle les avait rep\u00e9r\u00e9es sur ses cam\u00e9ras de surveillance. \u00ab\u00a0Je les avais vues toutes les deux, je savais o\u00f9 elles allaient. J\u2019ai ensuite publi\u00e9 un message sur Facebook et, gr\u00e2ce \u00e0 certains commentaires, j\u2019ai pu les retrouver\u00a0\u00bb, explique la restauratrice \u00e0 nos confr\u00e8res. Avec la force des r\u00e9seaux sociaux, Michela Malatini\u00a0a rapidement pu retrouver le\u00a0logement des deux jeunes femmes.<\/p>\n<p>Ce n\u2019\u00e9tait pas la premi\u00e8re fois que\u00a0la propri\u00e9taire faisait face \u00e0 ce genre de clients adepte du resto-basket (manger sans payer), alors cette fois-ci elle ne s\u2019est pas laiss\u00e9 faire. \u00ab\u00a0Ce n\u2019est pas une question d\u2019argent, nous n\u2019aimons pas \u00eatre dup\u00e9s. Apr\u00e8s des ann\u00e9es d\u2019exp\u00e9rience, on devine intuitivement qui a l\u2019intention de partir sans payer\u00a0\u00bb, d\u00e9veloppe-t-elle. Sur les r\u00e9seaux sociaux, les commentaires n\u2019en finissent plus de f\u00e9liciter Michela.<\/p>\n<p>                                                                                                                                                                                                        <script async src=\"\/\/www.instagram.com\/embed.js\"><\/script><\/p>\n","protected":false},"excerpt":{"rendered":"Deux touristes fran\u00e7aises ont tent\u00e9 de quitter une pizzeria de Civitanova Marche\u00a0sans payer leur addition, le 19\u00a0ao\u00fbt 2025.&hellip;\n","protected":false},"author":2,"featured_media":339814,"comment_status":"","ping_status":"","sticky":false,"template":"","format":"standard","meta":{"footnotes":""},"categories":[5],"tags":[11,1011,27,14,12,28],"class_list":{"0":"post-339813","1":"post","2":"type-post","3":"status-publish","4":"format-standard","5":"has-post-thumbnail","7":"category-international","8":"tag-actualites","9":"tag-fr","10":"tag-france","11":"tag-international","12":"tag-news","13":"tag-world"},"share_on_mastodon":{"url":"https:\/\/pubeurope.com\/@fr\/115081567632621499","error":""},"_links":{"self":[{"href":"https:\/\/www.europesays.com\/fr\/wp-json\/wp\/v2\/posts\/339813","targetHints":{"allow":["GET"]}}],"collection":[{"href":"https:\/\/www.europesays.com\/fr\/wp-json\/wp\/v2\/posts"}],"about":[{"href":"https:\/\/www.europesays.com\/fr\/wp-json\/wp\/v2\/types\/post"}],"author":[{"embeddable":true,"href":"https:\/\/www.europesays.com\/fr\/wp-json\/wp\/v2\/users\/2"}],"replies":[{"embeddable":true,"href":"https:\/\/www.europesays.com\/fr\/wp-json\/wp\/v2\/comments?post=339813"}],"version-history":[{"count":0,"href":"https:\/\/www.europesays.com\/fr\/wp-json\/wp\/v2\/posts\/339813\/revisions"}],"wp:featuredmedia":[{"embeddable":true,"href":"https:\/\/www.europesays.com\/fr\/wp-json\/wp\/v2\/media\/339814"}],"wp:attachment":[{"href":"https:\/\/www.europesays.com\/fr\/wp-json\/wp\/v2\/media?parent=339813"}],"wp:term":[{"taxonomy":"category","embeddable":true,"href":"https:\/\/www.europesays.com\/fr\/wp-json\/wp\/v2\/categories?post=339813"},{"taxonomy":"post_tag","embeddable":true,"href":"https:\/\/www.europesays.com\/fr\/wp-json\/wp\/v2\/tags?post=339813"}],"curies":[{"name":"wp","href":"https:\/\/api.w.org\/{rel}","templated":true}]}}