{"id":339815,"date":"2025-08-24T03:15:22","date_gmt":"2025-08-24T03:15:22","guid":{"rendered":"https:\/\/www.europesays.com\/fr\/339815\/"},"modified":"2025-08-24T03:15:22","modified_gmt":"2025-08-24T03:15:22","slug":"pres-detretat-limpressionnant-eboulement-de-ce-pan-de-falaise-devant-des-touristes","status":"publish","type":"post","link":"https:\/\/www.europesays.com\/fr\/339815\/","title":{"rendered":"Pr\u00e8s d\u2019\u00c9tretat, l\u2019impressionnant \u00e9boulement de ce pan de falaise devant des touristes"},"content":{"rendered":"<p>        <img decoding=\"async\" loading=\"lazy\" src=\"https:\/\/www.europesays.com\/fr\/wp-content\/uploads\/2025\/08\/cc63343_upload-1-60txt6ji98e6-capture-d-a-cran-2025-08-23-162531.png\"  width=\"728\" height=\"409\" alt=\"Pr\u00e8s d\u2019Etretat, l\u2019impressionnant \u00e9boulement de ce pan de falaise devant des touristes\"\/>  <\/p>\n<p>Capture Facebook\/ Alx Berthaut<\/p>\n<p>Pr\u00e8s d\u2019Etretat, l\u2019impressionnant \u00e9boulement de ce pan de falaise devant des touristes<\/p>\n<p class=\"asset asset-text\">ENVIRONNEMENT &#8211; Alors que le surtourisme<a href=\"https:\/\/www.huffingtonpost.fr\/environnement\/video\/comment-les-influenceurs-ont-fait-s-emballer-la-machine-du-surtourisme_251867.html\" rel=\"nofollow noopener\" target=\"_blank\"> est soup\u00e7onn\u00e9 d\u2019\u00eatre \u00e0 l\u2019origine des effondrements<\/a> soudains des falaises d\u2019\u00c9tretat et des alentours, un nouvel \u00e9boulement a eu lieu \u00e0 F\u00e9camp, non loin de <a href=\"https:\/\/www.huffingtonpost.fr\/environnement\/article\/il-ne-faut-pas-visiter-ces-sites-francais-assure-un-guide-touristique-voici-pourquoi_213599.html\" rel=\"nofollow noopener\" target=\"_blank\">ce lieu pris\u00e9 par les vacanciers<\/a>, vendredi 22\u00a0ao\u00fbt.<\/p>\n<p class=\"asset asset-text\">Un pan de falaise situ\u00e9 pr\u00e8s de la plage des Petites-Dalles, sur la commune de Saint-Martin-aux-Buneaux (Seine-Maritime), s\u2019est effondr\u00e9 en fin de journ\u00e9e, peu avant 19\u00a0heures, sans faire de bless\u00e9, selon <a href=\"https:\/\/www.francebleu.fr\/infos\/environnement\/un-impressionnant-pan-de-falaise-s-effondre-aux-petites-dalles-sans-faire-de-blesse-8642310\" target=\"_blank\" rel=\"noopener nofollow\" title=\"Nouvelle fen\u00eatre\">Ici Normandie<\/a>. L\u2019instant a \u00e9t\u00e9 film\u00e9 et partag\u00e9 sur Facebook par un internaute, laissant voir d\u2019\u00e9normes blocs se d\u00e9tacher de la paroi avant de d\u00e9valer vers la plage dans un grand nuage de poussi\u00e8re. Ceci sous les yeux des touristes choqu\u00e9s.<\/p>\n<p class=\"asset asset-text\">L\u2019adjoint au maire de la commune et responsable local de la SNSM (Soci\u00e9t\u00e9 nationale des sauveteurs en mer), Philippe Duboc, a assist\u00e9 \u00e0 la sc\u00e8ne. \u00ab\u00a0On a entendu comme le bruit d\u2019un avion de chasse. Tout le monde a regard\u00e9 et on voit un l\u00e9ger \u00e9boulement de falaise, c\u00f4t\u00e9 Dieppe. Et \u00e0 ce moment-l\u00e0, on a un \u00e9norme bloc qui se d\u00e9tache de la falaise et qui glisse vers le bas entra\u00eenant un nuage de poussi\u00e8re tr\u00e8s important. On avait l\u2019impression d\u2019\u00eatre tout droit sorti d\u2019un film de catastrophe.\u00a0\u00bb, a-t-il confi\u00e9 \u00e0 Ici Normandie.<\/p>\n<p> La lecture de ce contenu est susceptible d\u2019entra\u00eener un d\u00e9p\u00f4t de cookies de la part de l\u2019op\u00e9rateur tiers qui l\u2019h\u00e9berge. Compte-tenu des choix que vous avez exprim\u00e9s en mati\u00e8re de d\u00e9p\u00f4t de cookies, nous avons bloqu\u00e9 l\u2019affichage de ce contenu. Si vous souhaitez y acc\u00e9der, vous devez accepter la cat\u00e9gorie de cookies \u201cContenus tiers\u201d en cliquant sur le bouton ci-dessous. <\/p>\n<p> Lire la Vid\u00e9o        Un \u00e9v\u00e9nement devenu \u00ab\u00a0routine\u00a0\u00bb    <\/p>\n<p class=\"asset asset-text\">Le maire, Pierre Bazin, \u00e9voque aupr\u00e8s de <a href=\"https:\/\/www.ouest-france.fr\/societe\/faits-divers\/un-bout-de-falaise-se-decroche-sur-la-plage-dun-village-en-normandie-c1f3aa4e-8002-11f0-a77f-922a296422d8\" target=\"_blank\" rel=\"noopener nofollow\" title=\"Nouvelle fen\u00eatre\">Ouest France<\/a> un\u00a0\ufeff\u00ab\u00a0\u00e9boulement assez cons\u00e9quent\u00a0\u00bb, qui est loin d\u2019\u00eatre un ph\u00e9nom\u00e8ne rare. \ufeff\u00ab\u00a0Malheureusement, ces \u00e9boulements de falaise deviennent la routine. Entre F\u00e9camp et \u00c9tretat, c\u2019est fr\u00e9quent. Il y a entre deux \u00e0 trois \u00e9boulements par an.\u00a0\u00bb<\/p>\n<p class=\"asset asset-text\">\u00ab\u00a0\u00c0 chaque \u00e9boulement d\u2019une falaise, le premier r\u00e9flexe est de se renseigner imm\u00e9diatement s\u2019il y avait quelqu\u2019un \u00e0 cet endroit. Ensuite, nous s\u00e9curisons l\u2019endroit.\u00a0\u00bb, explique-t-il.<\/p>\n<p class=\"asset asset-text\">\u00c0 la suite de l\u2019\u00e9boulement de vendredi, des barri\u00e8res ont \u00e9t\u00e9 install\u00e9es pour y interdire l\u2019acc\u00e8s et un arr\u00eat\u00e9 a \u00e9t\u00e9 pris pour interdire le cheminement vers la falaise depuis la plage.<\/p>\n","protected":false},"excerpt":{"rendered":"Capture Facebook\/ Alx Berthaut Pr\u00e8s d\u2019Etretat, l\u2019impressionnant \u00e9boulement de ce pan de falaise devant des touristes ENVIRONNEMENT &#8211;&hellip;\n","protected":false},"author":2,"featured_media":339816,"comment_status":"","ping_status":"","sticky":false,"template":"","format":"standard","meta":{"footnotes":""},"categories":[4],"tags":[11,436,1011,27,12,5161,25,602],"class_list":{"0":"post-339815","1":"post","2":"type-post","3":"status-publish","4":"format-standard","5":"has-post-thumbnail","7":"category-france","8":"tag-actualites","9":"tag-environnement","10":"tag-fr","11":"tag-france","12":"tag-news","13":"tag-normandie","14":"tag-republique-francaise","15":"tag-tourisme"},"share_on_mastodon":{"url":"https:\/\/pubeurope.com\/@fr\/115081571536668742","error":""},"_links":{"self":[{"href":"https:\/\/www.europesays.com\/fr\/wp-json\/wp\/v2\/posts\/339815","targetHints":{"allow":["GET"]}}],"collection":[{"href":"https:\/\/www.europesays.com\/fr\/wp-json\/wp\/v2\/posts"}],"about":[{"href":"https:\/\/www.europesays.com\/fr\/wp-json\/wp\/v2\/types\/post"}],"author":[{"embeddable":true,"href":"https:\/\/www.europesays.com\/fr\/wp-json\/wp\/v2\/users\/2"}],"replies":[{"embeddable":true,"href":"https:\/\/www.europesays.com\/fr\/wp-json\/wp\/v2\/comments?post=339815"}],"version-history":[{"count":0,"href":"https:\/\/www.europesays.com\/fr\/wp-json\/wp\/v2\/posts\/339815\/revisions"}],"wp:featuredmedia":[{"embeddable":true,"href":"https:\/\/www.europesays.com\/fr\/wp-json\/wp\/v2\/media\/339816"}],"wp:attachment":[{"href":"https:\/\/www.europesays.com\/fr\/wp-json\/wp\/v2\/media?parent=339815"}],"wp:term":[{"taxonomy":"category","embeddable":true,"href":"https:\/\/www.europesays.com\/fr\/wp-json\/wp\/v2\/categories?post=339815"},{"taxonomy":"post_tag","embeddable":true,"href":"https:\/\/www.europesays.com\/fr\/wp-json\/wp\/v2\/tags?post=339815"}],"curies":[{"name":"wp","href":"https:\/\/api.w.org\/{rel}","templated":true}]}}