{"id":339817,"date":"2025-08-24T03:16:16","date_gmt":"2025-08-24T03:16:16","guid":{"rendered":"https:\/\/www.europesays.com\/fr\/339817\/"},"modified":"2025-08-24T03:16:16","modified_gmt":"2025-08-24T03:16:16","slug":"saint-etienne-simpose-aux-forceps-a-boulogne-ligue-2-j3-boulogne-saint-etienne-0-1","status":"publish","type":"post","link":"https:\/\/www.europesays.com\/fr\/339817\/","title":{"rendered":"Saint-\u00c9tienne s\u2019impose aux forceps \u00e0 Boulogne &#8211; Ligue 2 &#8211; J3 &#8211; Boulogne-Saint-\u00c9tienne (0-1)"},"content":{"rendered":"<p>\t\t\t\u00a0<img decoding=\"async\" loading=\"lazy\" class=\"blason blason-grand\" src=\"https:\/\/www.europesays.com\/fr\/wp-content\/uploads\/2025\/08\/1755290058_856_grande.jpg\"\/> Boulogne-sur-Mer 0-1 Saint-\u00c9tienne <img decoding=\"async\" loading=\"lazy\" class=\"blason blason-grand\" src=\"https:\/\/www.europesays.com\/fr\/wp-content\/uploads\/2025\/05\/1746321787_489_grande.jpg\"\/><\/p>\n<p>But : Davitashvili (74e)<\/p>\n<p>D\u00e9j\u00e0 les patrons ?<\/p>\n<p>Apr\u00e8s avoir longtemps but\u00e9 sur la d\u00e9fense nordiste, <strong>l\u2019AS Saint-\u00c9tienne a fini par r\u00e9ussir \u00e0 forcer le verrou pour venir \u00e0 bout de Boulogne-sur-Mer (0-1). Une victoire qui permet aux joueurs du Forez de prendre les commandes de la Ligue 2<\/strong>, gr\u00e2ce \u00e0 leur excellente diff\u00e9rence de buts. Un goal-average dop\u00e9 par leurs sept buts inscrits en deux matchs. Pourtant, les Verts se heurtent pendant de longues minutes \u00e0 un tr\u00e8s bon Ibrahim Kon\u00e9, ou se montrent maladroits, \u00e0 l\u2019image d\u2019Augustine Boakye.<\/p>\n<p>Apr\u00e8s la pause, Irvin Cardona (entr\u00e9 en jeu) ou Florian Tardieu s\u2019essaient \u00e0 leur tour, mais toujours en vain. La lumi\u00e8re jaillit finalement du pied de Zuriko Davitashvili, qui s\u2019infiltre dans la surface avant de finir en force apr\u00e8s un relais d\u2019A\u00efmen Moueffek \u00e0 la suite d\u2019un corner <strong>(0-1, 74e)<\/strong>. Suffisant pour assurer le bonheur des visiteurs, qui se contenteront de ce court succ\u00e8s, m\u00eame sans festival offensif.<\/p>\n<p>La solidit\u00e9 et la ma\u00eetrise, c\u2019est super aussi.<\/p>\n<p>\t\t\t\t\t\t\t\t\t\t<a class=\"lien-connexe\" href=\"https:\/\/www.sofoot.com\/articles\/vercruysse-paris-pallois-les-jeunes-pepites-de-ligue-2-a-suivre-cette-saison-2025-2026\" rel=\"nofollow noopener\" target=\"_blank\">Ils vont illuminer cette saison de Ligue 2<\/a>\t\t\t\t\t<\/p>\n","protected":false},"excerpt":{"rendered":"\u00a0 Boulogne-sur-Mer 0-1 Saint-\u00c9tienne But : Davitashvili (74e) D\u00e9j\u00e0 les patrons ? Apr\u00e8s avoir longtemps but\u00e9 sur la&hellip;\n","protected":false},"author":2,"featured_media":339818,"comment_status":"","ping_status":"","sticky":false,"template":"","format":"standard","meta":{"footnotes":""},"categories":[2],"tags":[47,11,61,69,65,64,63,1011,27,68,66,12,62,70,67],"class_list":{"0":"post-339817","1":"post","2":"type-post","3":"status-publish","4":"format-standard","5":"has-post-thumbnail","7":"category-actualites","8":"tag-actualite","9":"tag-actualites","10":"tag-actus-football","11":"tag-bundesliga","12":"tag-championnats-europeens","13":"tag-equipe-de-france","14":"tag-football","15":"tag-fr","16":"tag-france","17":"tag-ligua","18":"tag-ligue-1","19":"tag-news","20":"tag-news-foot","21":"tag-premier-league","22":"tag-serie-a"},"share_on_mastodon":{"url":"https:\/\/pubeurope.com\/@fr\/115081575363697650","error":""},"_links":{"self":[{"href":"https:\/\/www.europesays.com\/fr\/wp-json\/wp\/v2\/posts\/339817","targetHints":{"allow":["GET"]}}],"collection":[{"href":"https:\/\/www.europesays.com\/fr\/wp-json\/wp\/v2\/posts"}],"about":[{"href":"https:\/\/www.europesays.com\/fr\/wp-json\/wp\/v2\/types\/post"}],"author":[{"embeddable":true,"href":"https:\/\/www.europesays.com\/fr\/wp-json\/wp\/v2\/users\/2"}],"replies":[{"embeddable":true,"href":"https:\/\/www.europesays.com\/fr\/wp-json\/wp\/v2\/comments?post=339817"}],"version-history":[{"count":0,"href":"https:\/\/www.europesays.com\/fr\/wp-json\/wp\/v2\/posts\/339817\/revisions"}],"wp:featuredmedia":[{"embeddable":true,"href":"https:\/\/www.europesays.com\/fr\/wp-json\/wp\/v2\/media\/339818"}],"wp:attachment":[{"href":"https:\/\/www.europesays.com\/fr\/wp-json\/wp\/v2\/media?parent=339817"}],"wp:term":[{"taxonomy":"category","embeddable":true,"href":"https:\/\/www.europesays.com\/fr\/wp-json\/wp\/v2\/categories?post=339817"},{"taxonomy":"post_tag","embeddable":true,"href":"https:\/\/www.europesays.com\/fr\/wp-json\/wp\/v2\/tags?post=339817"}],"curies":[{"name":"wp","href":"https:\/\/api.w.org\/{rel}","templated":true}]}}