{"id":339819,"date":"2025-08-24T03:18:13","date_gmt":"2025-08-24T03:18:13","guid":{"rendered":"https:\/\/www.europesays.com\/fr\/339819\/"},"modified":"2025-08-24T03:18:13","modified_gmt":"2025-08-24T03:18:13","slug":"les-verts-font-sauter-le-verrou-boulonnais","status":"publish","type":"post","link":"https:\/\/www.europesays.com\/fr\/339819\/","title":{"rendered":"Les Verts font sauter le verrou Boulonnais"},"content":{"rendered":"<p>              Le contexte<\/p>\n<p>Apr\u00e8s avoir enregistr\u00e9 un large et indiscutable succ\u00e8s face \u00e0 Rodez samedi dernier dans le Chaudron (4-0), les Verts se d\u00e9placent \u00e0 Boulogne-sur-Mer, valeureux promu. Leader avant cette troisi\u00e8me journ\u00e9e, les hommes d\u2019Eirik Horneland se sont faits d\u00e9passer par Nancy, victorieux \u00e0 Dunkerque et Troyes, qui a pris le dessus sur Montpellier ce samedi. Un succ\u00e8s dans le Pas-de-Calais permettrait aux Verts de retrouver le statut de leader ex-\u00e6quo.<\/p>\n<p>Le XI<\/p>\n<p>On prend (presque) les m\u00eames, et on recommence ! Seule diff\u00e9rence avec le pr\u00e9c\u00e9dent onze : le retour de Lucas Stassin qui fait son retour, en lieu et place de Joshua Duffus.<\/p>\n<blockquote class=\"twitter-tweet\">\n<p dir=\"ltr\" lang=\"fr\">\ud83d\udc65 Le XI des Verts pour cet <a href=\"https:\/\/twitter.com\/hashtag\/USBCOASSE?src=hash&amp;ref_src=twsrc%5Etfw\" rel=\"nofollow noopener\" target=\"_blank\">#USBCOASSE<\/a> ! \ud83d\udc4a<\/p>\n<p>Un changement dans le onze avec la premi\u00e8re titularisation de Lucas Stassin cette saison ! \ud83d\udc9a <a href=\"https:\/\/t.co\/Isd6vd1Xlw\" rel=\"nofollow\">pic.twitter.com\/Isd6vd1Xlw<\/a><\/p>\n<p>\u2014 AS Saint-\u00c9tienne (@ASSEofficiel) <a href=\"https:\/\/twitter.com\/ASSEofficiel\/status\/1959299612642001117?ref_src=twsrc%5Etfw\" rel=\"nofollow noopener\" target=\"_blank\">August 23, 2025<\/a><\/p><\/blockquote>\n<p>Le match<\/p>\n<p>Dans un stade de la Lib\u00e9ration comble, les Verts d\u00e9butent mieux la rencontre. A\u00efmen Moueffek est le premier \u00e0 prendre ses responsabilit\u00e9s mais ne cadre pas sa frappe (3e). \u00c0 l\u2019aff\u00fbt d\u2019une erreur du portier local : Kon\u00e9, Augustine Boakye est tout proche de r\u00e9cup\u00e9rer le ballon sur la ligne (6e). Zuriko Davitashvili, actif, inqui\u00e8te l\u2019arri\u00e8re-garde boulonnaise \u00e0 plusieurs reprises sans pour autant trouver le chemin des filets (11e, 19e, 27e). Dans les cinq derni\u00e8res minutes de la premi\u00e8re p\u00e9riode, c\u2019est Augustine Boakye qui se distingue. Mais ses tirs sont contr\u00e9 (40e), puis hors-cadre (42e). Au terme de 45 minutes ferm\u00e9es face \u00e0 un bloc bas et solide, les Verts rentrent au vestiaire frustr\u00e9s.<\/p>\n<p>Apr\u00e8s la pause, les St\u00e9phanois d\u00e9butent plus fort. Mais le verrou boulonnais tient bon. Les tentatives vertes sont l\u00e0 encore soit contr\u00e9e (Zuriko Davitashvili, 52e), soit d\u00e9vi\u00e9e (Augustine Boakye, 56e), soit avort\u00e9e (rush d\u2019A\u00efmen Moueffek, 58e). \u00c0 l\u2019heure de jeu, le coach st\u00e9phanois effectue ses premiers changements. Sur coup-franc et \u00e0 la r\u00e9ception de son tout premier ballon, Irvin Cardona touche, de la t\u00eate, le poteau droit de Kon\u00e9 (63e). Ce m\u00eame Kon\u00e9 sort parfaitement dans les pieds de Joshua Duffus, lanc\u00e9 en profondeur (65e). Mais il ne pourra, cette fois, rien apr\u00e8s une incursion dans la surface et sur le c\u00f4t\u00e9 de Zuriko Davitashvili. L\u2019international g\u00e9orgien frappe fort \u00e0 l\u2019issue de son action et trouve le petit filet oppos\u00e9 pour l\u2019ouverture du score <strong>(Boulogne 0-1 ASSE, 74e)<\/strong>. Dans le dernier quart d\u2019heure, les locaux tentent de pousser pour \u00e9galiser, mais l\u2019arri\u00e8re-garde st\u00e9phanoise reste impeccable pour s\u00e9curiser les trois points de la victoire, et le retour des Verts au sommet du classement !<\/p>\n<blockquote class=\"twitter-tweet\">\n<p dir=\"ltr\" lang=\"fr\">90e+5 : Peut-\u00eatre pas tr\u00e8s beau, mais \u00f4 combien pr\u00e9cieux \u270c\ufe0f ! Les Verts s\u2019imposent \u00e0 Boulogne !<\/p>\n<p>Rendez-vous samedi prochain, face \u00e0 Grenoble, dans un GG peut-\u00eatre plein \ud83d\ude0f !<\/p>\n<p>\ud83d\udd34 0-1 \ud83d\udc9a <a href=\"https:\/\/twitter.com\/hashtag\/USBCOASSE?src=hash&amp;ref_src=twsrc%5Etfw\" rel=\"nofollow noopener\" target=\"_blank\">#USBCOASSE<\/a> <a href=\"https:\/\/t.co\/rB6JjKSeXg\" rel=\"nofollow\">pic.twitter.com\/rB6JjKSeXg<\/a><\/p>\n<p>\u2014 AS Saint-\u00c9tienne (@ASSEofficiel) <a href=\"https:\/\/twitter.com\/ASSEofficiel\/status\/1959343665861579216?ref_src=twsrc%5Etfw\" rel=\"nofollow noopener\" target=\"_blank\">August 23, 2025<\/a><\/p><\/blockquote>\n<p>La suite<\/p>\n<p>Pour conclure ce mois d\u2019ao\u00fbt, les Verts recevront Grenoble samedi prochain (20h), dans un stade Geoffroy-Guichard qui s\u2019annonce d\u00e9j\u00e0 plein ! Prenez vite votre billet pour en faire partie !<\/p>\n<p>                          <script async src=\"https:\/\/platform.twitter.com\/widgets.js\" charset=\"utf-8\"><\/script><\/p>\n","protected":false},"excerpt":{"rendered":"Le contexte Apr\u00e8s avoir enregistr\u00e9 un large et indiscutable succ\u00e8s face \u00e0 Rodez samedi dernier dans le Chaudron&hellip;\n","protected":false},"author":2,"featured_media":339820,"comment_status":"","ping_status":"","sticky":false,"template":"","format":"standard","meta":{"footnotes":""},"categories":[9653],"tags":[1111,11,2430,1777,674,1011,27,12,25,4001],"class_list":{"0":"post-339819","1":"post","2":"type-post","3":"status-publish","4":"format-standard","5":"has-post-thumbnail","7":"category-saint-etienne","8":"tag-actu","9":"tag-actualites","10":"tag-auvergne-rhone-alpes","11":"tag-eu","12":"tag-europe","13":"tag-fr","14":"tag-france","15":"tag-news","16":"tag-republique-francaise","17":"tag-saint-etienne"},"share_on_mastodon":{"url":"https:\/\/pubeurope.com\/@fr\/115081583198801928","error":""},"_links":{"self":[{"href":"https:\/\/www.europesays.com\/fr\/wp-json\/wp\/v2\/posts\/339819","targetHints":{"allow":["GET"]}}],"collection":[{"href":"https:\/\/www.europesays.com\/fr\/wp-json\/wp\/v2\/posts"}],"about":[{"href":"https:\/\/www.europesays.com\/fr\/wp-json\/wp\/v2\/types\/post"}],"author":[{"embeddable":true,"href":"https:\/\/www.europesays.com\/fr\/wp-json\/wp\/v2\/users\/2"}],"replies":[{"embeddable":true,"href":"https:\/\/www.europesays.com\/fr\/wp-json\/wp\/v2\/comments?post=339819"}],"version-history":[{"count":0,"href":"https:\/\/www.europesays.com\/fr\/wp-json\/wp\/v2\/posts\/339819\/revisions"}],"wp:featuredmedia":[{"embeddable":true,"href":"https:\/\/www.europesays.com\/fr\/wp-json\/wp\/v2\/media\/339820"}],"wp:attachment":[{"href":"https:\/\/www.europesays.com\/fr\/wp-json\/wp\/v2\/media?parent=339819"}],"wp:term":[{"taxonomy":"category","embeddable":true,"href":"https:\/\/www.europesays.com\/fr\/wp-json\/wp\/v2\/categories?post=339819"},{"taxonomy":"post_tag","embeddable":true,"href":"https:\/\/www.europesays.com\/fr\/wp-json\/wp\/v2\/tags?post=339819"}],"curies":[{"name":"wp","href":"https:\/\/api.w.org\/{rel}","templated":true}]}}