{"id":339830,"date":"2025-08-24T03:34:40","date_gmt":"2025-08-24T03:34:40","guid":{"rendered":"https:\/\/www.europesays.com\/fr\/339830\/"},"modified":"2025-08-24T03:34:40","modified_gmt":"2025-08-24T03:34:40","slug":"strasbourg-surpris-en-plein-vol-il-pique-un-commercant-de-lhypercentre-et-affirme-etre-atteint-du-sida","status":"publish","type":"post","link":"https:\/\/www.europesays.com\/fr\/339830\/","title":{"rendered":"Strasbourg. Surpris en plein vol, il pique un commer\u00e7ant de l\u2019hypercentre et affirme \u00eatre atteint du sida"},"content":{"rendered":"<p>            Par<br \/>\n        <strong><br \/>\n            <a href=\"https:\/\/actu.fr\/auteur\/ivan-capecchi\" title=\"Consulter tous les articles de Ivan CAPECCHI\" rel=\"nofollow noopener\" target=\"_blank\">Ivan CAPECCHI<\/a><br \/>\n        <\/strong><\/p>\n<p>        Publi\u00e9 le<\/p>\n<p>            20 ao\u00fbt 2025 \u00e0 14h39        <\/p>\n<p>Dimanche 17 ao\u00fbt, un commer\u00e7ant de la <strong>place de la Cath\u00e9drale \u00e0 Strasbourg<\/strong> a \u00e9t\u00e9 <strong>agress\u00e9 par un homme<\/strong> qu\u2019il venait de <strong>surprendre en train de voler dans sa boutique<\/strong>, selon une information des DNA, confirm\u00e9e par Actu Strasbourg. Avec l\u2019aide d\u2019un voisin, il a <strong>tent\u00e9 de retenir le suspect, \u00e2g\u00e9 de 57 ans, d\u00e9j\u00e0 connu de la justice<\/strong>.<\/p>\n<p>L\u2019agresseur affirme \u00eatre porteur du VIH<\/p>\n<p class=\" wall-content\">L\u2019individu a alors <strong>menac\u00e9 de le contaminer<\/strong>, affirmant \u00eatre <strong>porteur du VIH<\/strong>, le virus responsable du <strong>sida<\/strong>, avant de le <strong>mordre et de le piquer avec une seringue<\/strong>.<\/p>\n<p class=\" wall-content\">La victime, bless\u00e9e, a \u00e9t\u00e9 <strong>prise en charge aux urgences et doit suivre un traitement pr\u00e9ventif<\/strong>.<\/p>\n<p>Un sans-abri connu de la justice<\/p>\n<p class=\" wall-content\">D\u00e9j\u00e0 connu pour <strong>vols et violences<\/strong>, ce <strong>sans-abri a \u00e9t\u00e9 plac\u00e9 en d\u00e9tention provisoire<\/strong>.<\/p>\n<p class=\" wall-content\">Une information judiciaire pour \u00ab administration de substances nuisibles \u00bb a \u00e9t\u00e9 ouverte.<\/p>\n<p class=\" wall-content\">Les faits pourraient toutefois \u00eatre <strong>requalifi\u00e9s<\/strong> en vol et violences avec armes si aucune contamination n\u2019est constat\u00e9e.<\/p>\n<p class=\" wall-content\">Personnalisez votre actualit\u00e9 en ajoutant vos villes et m\u00e9dias en favori avec <a href=\"https:\/\/moncompte.actu.fr\" title=\"D\u00e9couvez Mon Actu\" rel=\"nofollow noopener\" data-trk=\"{&quot;cta&quot;:{&quot;action&quot;:&quot;https:\\\/\\\/moncompte.actu.fr&quot;,&quot;category&quot;:&quot;mon compte&quot;,&quot;from&quot;:&quot;article footer&quot;,&quot;name&quot;:&quot;Mon actu&quot;,&quot;type&quot;:&quot;cta&quot;}}\" target=\"_blank\">Mon Actu<\/a>.<\/p>\n","protected":false},"excerpt":{"rendered":"Par Ivan CAPECCHI Publi\u00e9 le 20 ao\u00fbt 2025 \u00e0 14h39 Dimanche 17 ao\u00fbt, un commer\u00e7ant de la place&hellip;\n","protected":false},"author":2,"featured_media":339831,"comment_status":"","ping_status":"","sticky":false,"template":"","format":"standard","meta":{"footnotes":""},"categories":[2820],"tags":[1111,11,1777,674,118,1011,27,775,12,1072,25,640],"class_list":{"0":"post-339830","1":"post","2":"type-post","3":"status-publish","4":"format-standard","5":"has-post-thumbnail","7":"category-strasbourg","8":"tag-actu","9":"tag-actualites","10":"tag-eu","11":"tag-europe","12":"tag-faits-divers","13":"tag-fr","14":"tag-france","15":"tag-grand-est","16":"tag-news","17":"tag-police","18":"tag-republique-francaise","19":"tag-strasbourg"},"share_on_mastodon":{"url":"https:\/\/pubeurope.com\/@fr\/115081646186169430","error":""},"_links":{"self":[{"href":"https:\/\/www.europesays.com\/fr\/wp-json\/wp\/v2\/posts\/339830","targetHints":{"allow":["GET"]}}],"collection":[{"href":"https:\/\/www.europesays.com\/fr\/wp-json\/wp\/v2\/posts"}],"about":[{"href":"https:\/\/www.europesays.com\/fr\/wp-json\/wp\/v2\/types\/post"}],"author":[{"embeddable":true,"href":"https:\/\/www.europesays.com\/fr\/wp-json\/wp\/v2\/users\/2"}],"replies":[{"embeddable":true,"href":"https:\/\/www.europesays.com\/fr\/wp-json\/wp\/v2\/comments?post=339830"}],"version-history":[{"count":0,"href":"https:\/\/www.europesays.com\/fr\/wp-json\/wp\/v2\/posts\/339830\/revisions"}],"wp:featuredmedia":[{"embeddable":true,"href":"https:\/\/www.europesays.com\/fr\/wp-json\/wp\/v2\/media\/339831"}],"wp:attachment":[{"href":"https:\/\/www.europesays.com\/fr\/wp-json\/wp\/v2\/media?parent=339830"}],"wp:term":[{"taxonomy":"category","embeddable":true,"href":"https:\/\/www.europesays.com\/fr\/wp-json\/wp\/v2\/categories?post=339830"},{"taxonomy":"post_tag","embeddable":true,"href":"https:\/\/www.europesays.com\/fr\/wp-json\/wp\/v2\/tags?post=339830"}],"curies":[{"name":"wp","href":"https:\/\/api.w.org\/{rel}","templated":true}]}}