{"id":339834,"date":"2025-08-24T03:36:11","date_gmt":"2025-08-24T03:36:11","guid":{"rendered":"https:\/\/www.europesays.com\/fr\/339834\/"},"modified":"2025-08-24T03:36:11","modified_gmt":"2025-08-24T03:36:11","slug":"les-gerants-cherchent-a-fideliser-et-pratiquent-des-prix-honnetes-comment-les-auberges-de-montagne-survivent-elles-dans-larriere-pays-azureen","status":"publish","type":"post","link":"https:\/\/www.europesays.com\/fr\/339834\/","title":{"rendered":"\u00ab\u00a0Les g\u00e9rants cherchent \u00e0 fid\u00e9liser et pratiquent des prix honn\u00eates\u00a0\u00bb: comment les auberges de montagne survivent-elles dans l&rsquo;arri\u00e8re-pays azur\u00e9en"},"content":{"rendered":"<p>Elles sont perch\u00e9es! Tant par leur isolement au sommet des montagnes qu\u2019en raison du grain de folie de leurs g\u00e9rants, les auberges du haut pays d\u00e9tonnent dans le monde de l\u2019h\u00f4tellerie-restauration azur\u00e9en.<\/p>\n<p>Situ\u00e9s \u00e0 pr\u00e8s d\u2019une heure et demie de trajet de Nice, ces \u00e9tablissements ne sauraient compter sur le flot ininterrompu de touristes d\u00e9ferlant sur les terrasses du littoral.<\/p>\n<p>En haut des cols ou au fin fond d\u2019une vall\u00e9e, l\u00e0 o\u00f9 l\u2019\u00e9troite route s\u2019arr\u00eate apr\u00e8s d\u2019interminables lacets, comment ces tables du \u00ab\u00a0bout du monde\u00a0\u00bb peuvent-elles attirer le moindre client?<\/p>\n<p>La question ne se pose m\u00eame plus pour les nombreux esth\u00e8tes qui s\u2019y sont aventur\u00e9s. \u00ab\u00a0C\u2019est une \u00e9vidence: les menus sont recherch\u00e9s, l\u2019accueil chaleureux, le cadre, exceptionnel, f\u00e9licite Ugo (son pr\u00e9nom a \u00e9t\u00e9 modifi\u00e9), trentenaire originaire du bassin cagnois. L\u2019habitu\u00e9 \u00ab des road trips gustatifs\u00a0\u00bb, (pr\u00e9f\u00e9rant garder l\u2019anonymat car amateur de critique culinaire), note aussi que \u00ab\u00a0les g\u00e9rants cherchent \u00e0 fid\u00e9liser et pratiquent des prix honn\u00eates, facilit\u00e9s aussi par des loyers assez bas. Sur la C\u00f4te, un patron se fiche de surfacturer un touriste qui ne reviendra jamais. En montagne, il faut absolument tenir sa r\u00e9putation.\u00a0\u00bb<\/p>\n<p>L\u2019\u00e9picurien conviendra tout de m\u00eame que les bonnes adresses, bien plus proches, ne manquent pas \u00e0 la carte? \u00ab\u00a0Certes&#8230; mais les auberges, qu\u2019elles soient gastronomiques ou plus traditionnelles, cultivent une sp\u00e9cificit\u00e9 irr\u00e9sistible. C\u2019est le seul moyen de motiver les gens \u00e0 monter.\u00a0\u00bb Pour conna\u00eetre ces \u00ab\u00a0suppl\u00e9ments d\u2019\u00e2mes\u00a0\u00bb et les secrets de leur survie, Nice-Matin a fait un tour d\u2019horizons (loin d\u2019\u00eatre exhaustif) de quelques pensions les plus paum\u00e9es, mais aussi les plus pris\u00e9es, du d\u00e9partement.<\/p>\n<p>\u00c0 Roubion, l\u2019\u00e9toil\u00e9 locavore<\/p>\n<p>              <img ci-src=\"https:\/\/www.nicematin.com\/gastronomie\/protec\/DATA_ART_16123525-3md4Eont.jpg?vh=bbeb56&amp;ci_seal=5a719b4acf\" alt=\"\"\/><br \/>\n        L\u2019auberge Quintessence \u00e0 Roubion. Photo DR <strong>Emmanunel JUPPEAUX.<\/strong> <\/p>\n<p>Ayant r\u00e9cemment r\u00e9cup\u00e9r\u00e9 la pr\u00e9cieuse \u00e9toile du guide Michelin, perdue \u00e0 deux reprises, l\u2019auberge gastronomique Quintessence \u00e0 Roubion a fini par s\u2019imposer comme une r\u00e9f\u00e9rence de la cuisine locavore. Tr\u00f4nant en haut du col de la Couillole, l\u2019auberge, refaite \u00e0 neuf en 2017 \u00e0 partir d\u2019un vieux refuge chancelant, invite le paysage dans l\u2019assiette: \u00ab\u00a0Parce que nous nous inspirons de la nature environnante pour composer nos menus, nous travaillons \u00e9troitement avec les producteurs locaux. Cela un co\u00fbt et \u00e7a prend du temps, tous ne livrent pas. Mais au moins on reste coh\u00e9rent avec notre philosophie\u00a0\u00bb, d\u00e9clame Christophe Billau.<\/p>\n<p>\u00c0 43 ans, celui qui est install\u00e9 dans le Mercantour avec sa famille depuis 2009, ne tarit pas d\u2019\u00e9loges \u00ab\u00a0sur les truites sauvages des clues du Cians, les volailles rustiques de la ferme de Pierlas, les escargots d\u2019Entrevaux [dans le Val-de-Chalvagne] et les produits mara\u00eechers de Malauss\u00e8ne.\u00a0\u00bb M\u00eame les particuliers prennent part au ravitaillement: \u00ab\u00a0A l\u2019approche de septembre, on nous ram\u00e8ne des coings, des baies d\u2019\u00e9glantiers ou du gibier de la chasse locale\u00a0\u00bb.<\/p>\n<p>Ainsi la carte change \u00e0 chaque saison? \u00ab\u00a0Exactement, nous avons un menu unique \u00e0 87 euros, en six temps\u00a0\u00bb. En pratiquant un tel tarif, l\u2019adresse ne risque-t-elle pas de se couper d\u2019une partie des randonneurs et motards de passage, client\u00e8le g\u00e9n\u00e9ralement plus modeste? \u00ab\u00a0Pour n\u2019intimider personne, l\u2019\u00e9toile Michelin est affich\u00e9e en cuisine. Quant aux prix, bien qu\u2019haut de gamme, ils restent bien plus accessibles que sur la C\u00f4te\u00a0\u00bb. L\u2019h\u00f4te assure ainsi \u00ab\u00a0le meilleur des accueils\u00a0\u00bb, m\u00eame au \u00ab\u00a0traileur tout suant apr\u00e8s sa course\u00a0\u00bb. Si tant est que ce dernier arrive pour le d\u00eener. Un seul service vesp\u00e9ral, comme une invitation \u00e0 cr\u00e9cher dans l\u2019une des sept chambres? \u00ab\u00a0\u00c7a \u00e9vite de se cogner la route retour\u00a0\u00bb, glisse malicieusement le g\u00e9rant. Surtout en hiver? \u00ab\u00a0L\u2019acc\u00e8s est toujours d\u00e9neig\u00e9. Les vacanciers bas\u00e9s \u00e0 Valberg peuvent donc nous aider \u00e0 tourner.\u00a0\u00bb<\/p>\n<p>Quintessence, route du col de la Couillole, Roubion. Du jeudi au lundi, \u00e0 d\u00eener uniquement. Chambres trois \u00e9toiles de 120 \u00e0 145 euros. Demi-pension: 320 \u00e0 347 euros pour deux personnes. 04.93.02.02.60.<\/p>\n<p>\u00c0 Ilonse, le gastro lyrique<\/p>\n<p>On l\u2019appelle l\u2019ovni, tant son concept phare est atypique. Il y a un an, en reprenant La Gruppio, le chef Marc Bernard a import\u00e9 dans la Tin\u00e9e ses fameux d\u00eeners lyriques. Une fois par mois, pour 89 euros, l\u2019on peut d\u00e9guster un plat gastro tout en \u00e9tant aux premi\u00e8res loges d\u2019un op\u00e9ra. \u00ab\u00a0Quatre chanteurs et chanteuses, accompagn\u00e9s d\u2019une pianiste, offrent un spectacle \u00e9poustouflant. \u00c0 part au Bel Canto, \u00e0 Paris, c\u2019est le seul endroit o\u00f9 l\u2019on peut profiter d\u2019une telle exp\u00e9rience\u00a0\u00bb, vend l\u2019entrepreneur. Qui ne cache pas sa volont\u00e9 de toucher \u00ab\u00a0une \u00e9lite. Seul moyen, selon lui, \u00ab de survivre l\u00e0-haut [&#8230;] \u00e7a ne sont pas les villageois qui vont faire tourner l\u2019auberge\u00a0\u00bb. Alors, pour attirer une \u00ab\u00a0client\u00e8le citadine et ais\u00e9e\u00a0\u00bb, malgr\u00e9 la concurrence des restaurants luxueux du littoral, il mise sur \u00ab\u00a0une cuisine haut de gamme d\u00e9fiant toute concurrence sur le rapport qualit\u00e9 prix\u00a0\u00bb.<\/p>\n<p>La Gruppio, Place du Planet. Tous les jours deux menus \u00e0 69 euros et 129 euros, prochains d\u00eeners lyriques les samedi 6 septembre et 4 octobre. Six chambres, 70 euros, dortoir \u00e0 35 euros. 04.93.02.07.78<\/p>\n<p>\u00c0 Pierlas, des tableaux dans l\u2019assiette<\/p>\n<p>Apr\u00e8s avoir \u0153uvr\u00e9 au pinacle culinaire de la c\u00f4te ouest \u00e9tats-unienne, \u00c9tienne B\u00e9jar, a repris Lou Poumi\u00e9 de Pierlas, il y a trois mois, en r\u00e9pondant \u00e0 une offre post\u00e9e sur SOS Village. Au c\u0153ur d\u2019une vall\u00e9e affluente du Cians, le puissant contraste vire \u00e0 la qu\u00eate de soi: \u00ab\u00a0A 42 ans, j\u2019avais besoin de me retrouver. Avec ma cuisine gastronomique et le magnifique paysage entourant l\u2019auberge, j\u2019invite les gens \u00e0 se ressourcer aussi. L\u2019isolement procure un sentiment d\u2019\u00e9vasion. Une libert\u00e9 que je transpose \u00e0 mes plats\u00a0\u00bb. Ainsi, \u00ab\u00a0l\u2019artisan\u00a0\u00bb devenu \u00ab\u00a0artiste\u00a0\u00bb, change sa carte toutes les semaines, s\u2019adonnant \u00e0 \u00ab\u00a0la cr\u00e9ation de tableaux gustatifs\u00a0\u00bb. Le concept n\u2019est-il pas trop \u00e9th\u00e9r\u00e9? \u00ab\u00a0\u00c7a d\u00e9tonne avec les recettes plus traditionnelles mais \u00e7a reste inspir\u00e9 par les produits du terroir. Des habitants de la vall\u00e9e et des gens de passage ont aim\u00e9 se laisser surprendre.\u00a0\u00bb<\/p>\n<p>Reste \u00e0 savoir si la bonne lanc\u00e9e se poursuivra durant l\u2019hiver&#8230; \u00ab\u00a0Pour \u00e7a, je navigue \u00e0 vue. Mais j\u2019ai sign\u00e9 pour trois ans et je compte bien rester.\u00a0\u00bb<\/p>\n<p>Lou Poumi\u00e9, village de Pierlas, tous les jours, midi et soir, menu unique \u00e0 34 euros. Trois chambres \u00e0 67 euros pour deux. 06.63.71.12.76.<\/p>\n<p>\u00c0 Rimplas, une cuisine familiale<\/p>\n<p>              <img ci-src=\"https:\/\/www.nicematin.com\/gastronomie\/protec\/DATA_ART_16123542-sSH0eFnj.jpg?vh=a5b0f8&amp;ci_seal=2fa12a621b\" alt=\"\"\/><br \/>\n        L\u2019auberge de Rimplas.  <strong>Emmanunel JUPPEAUX.<\/strong> <\/p>\n<p>Il y a pas mal de gastronomiques en montagne, mais pas que&#8230; Preuve en est avec l\u2019auberge de Rimplas, dans la vall\u00e9e de la Tin\u00e9e, o\u00f9 Paola Barriento-Stefani, 38 ans, et son \u00e9poux Yoanki Barriento-Fuentes, 42 ans, cultivent une cuisine \u00ab\u00a0traditionnelle fran\u00e7aise, accessible et familiale\u00a0\u00bb depuis 2021. Un moyen de se d\u00e9marquer avec simplicit\u00e9 des autres institutions plus haut de gamme? <\/p>\n<p>\u00ab\u00a0Je cherche juste \u00e0 m\u2019adapter \u00e0 la client\u00e8le. Nous sommes proches de la station de la Colmiane et nous avons principalement des motards, des cyclistes, des petites familles qui randonnent\u00a0\u00bb, d\u00e9roule la g\u00e9rante. \u00ab\u00a0On veut leur vendre une belle parenth\u00e8se chaleureuse qui viendra r\u00e9compenser le d\u00e9tour de deux kilom\u00e8tres qu\u2019ils sont oblig\u00e9s de faire pour venir au village, qui est un cul-de-sac\u00a0\u00bb. L\u2019accueil doit donc primer? \u00ab\u00a0On fait ce m\u00e9tier pour les rencontres humaines, confie-t-elle. Je me suis aussi install\u00e9e ici pour \u00e9lever mes deux filles. Donc, on a envie que les clients se sentent \u00e0 la maison. Pour \u00e7a, l\u2019auberge de campagne offre le cadre parfait d\u2019un salon avec chemin\u00e9e, jeux de soci\u00e9t\u00e9, espace enfant, coin musique et biblioth\u00e8que\u00a0\u00bb.<\/p>\n<p>Auberge de Rimplas, 1 Chem. des Canebiers, d\u00eener \u00e0 29 euros, demi-pension \u00e0 37 euros, neuf chambres deux \u00e9toiles entre 78 et 95 euros la nuit. 04 .93.02.01.45.<\/p>\n<p>\u00c0 Aiglun, moderniser les recettes proven\u00e7ales<\/p>\n<p>              <img ci-src=\"https:\/\/www.nicematin.com\/gastronomie\/protec\/DATA_ART_16120450-IMq64oGy.jpg?vh=0c6aea&amp;ci_seal=b897697d28\" alt=\"\"\/><br \/>\n        L\u2019auberge Le Calendal, au village d\u2019Aiglun, dans la vall\u00e9e de l\u2019Est\u00e9ron, ao\u00fbt 2025.  <strong>Photo A. O..<\/strong> <\/p>\n<p>Immigr\u00e9e de Russie, Larissa est tomb\u00e9e sous le charme de la Provence, de ses paysages pittoresques et de ses recettes authentiques. Alors, comme on fait sa d\u00e9claration d\u2019amour, la quadra s\u2019est lanc\u00e9e depuis juin dans la reprise du Calendal, auberge communale d\u2019Aiglun. Dans ce magnifique village de l\u2019Est\u00e9ron o\u00f9 elle est install\u00e9e depuis trois ans, la restauratrice peut compter sur Dimitri, form\u00e9 \u00e0 la cuisine nouvelle, pour \u00ab\u00a0moderniser les menus traditionnels\u00a0\u00bb.<\/p>\n<p>Au risque de piquer les puristes? \u00ab\u00a0On mise sur la curiosit\u00e9. Jusqu\u2019\u00e0 pr\u00e9sent la formule fonctionne. En plus des touristes, les habitants jouent le jeu. Reste \u00e0 attirer des gens de la C\u00f4te.\u00a0\u00bb Pour cela, la g\u00e9rante mise aussi sur les charmes naturels des clues d\u2019Aiglun et du Riolan ainsi que de la casacde de Vegay. \u00ab\u00a0Il faut plus d\u2019une journ\u00e9e pour d\u00e9couvrir toutes ces merveilles\u00a0\u00bb, glisse-t-elle. Subtile invitation \u00e0 passer la nuit \u00e0 l\u2019auberge.<\/p>\n<p>Le Calendal, 1 Rue Mont Saint-Martin \u00e0 Aiglun, repas et d\u00eener entre 22 et 25 euros, tous les jours, 26 couchages \u00e0 70 euros la chambre. 06.13.42.68.17.<\/p>\n","protected":false},"excerpt":{"rendered":"Elles sont perch\u00e9es! Tant par leur isolement au sommet des montagnes qu\u2019en raison du grain de folie de&hellip;\n","protected":false},"author":2,"featured_media":339835,"comment_status":"","ping_status":"","sticky":false,"template":"","format":"standard","meta":{"footnotes":""},"categories":[2819],"tags":[1111,11,33,1777,674,1011,27,1661,1393,12,2401,882,25],"class_list":{"0":"post-339834","1":"post","2":"type-post","3":"status-publish","4":"format-standard","5":"has-post-thumbnail","7":"category-nice","8":"tag-actu","9":"tag-actualites","10":"tag-economie","11":"tag-eu","12":"tag-europe","13":"tag-fr","14":"tag-france","15":"tag-gastronomie","16":"tag-loisirs","17":"tag-news","18":"tag-nice","19":"tag-provence-alpes-cote-dazur","20":"tag-republique-francaise"},"share_on_mastodon":{"url":"https:\/\/pubeurope.com\/@fr\/115081654012107259","error":""},"_links":{"self":[{"href":"https:\/\/www.europesays.com\/fr\/wp-json\/wp\/v2\/posts\/339834","targetHints":{"allow":["GET"]}}],"collection":[{"href":"https:\/\/www.europesays.com\/fr\/wp-json\/wp\/v2\/posts"}],"about":[{"href":"https:\/\/www.europesays.com\/fr\/wp-json\/wp\/v2\/types\/post"}],"author":[{"embeddable":true,"href":"https:\/\/www.europesays.com\/fr\/wp-json\/wp\/v2\/users\/2"}],"replies":[{"embeddable":true,"href":"https:\/\/www.europesays.com\/fr\/wp-json\/wp\/v2\/comments?post=339834"}],"version-history":[{"count":0,"href":"https:\/\/www.europesays.com\/fr\/wp-json\/wp\/v2\/posts\/339834\/revisions"}],"wp:featuredmedia":[{"embeddable":true,"href":"https:\/\/www.europesays.com\/fr\/wp-json\/wp\/v2\/media\/339835"}],"wp:attachment":[{"href":"https:\/\/www.europesays.com\/fr\/wp-json\/wp\/v2\/media?parent=339834"}],"wp:term":[{"taxonomy":"category","embeddable":true,"href":"https:\/\/www.europesays.com\/fr\/wp-json\/wp\/v2\/categories?post=339834"},{"taxonomy":"post_tag","embeddable":true,"href":"https:\/\/www.europesays.com\/fr\/wp-json\/wp\/v2\/tags?post=339834"}],"curies":[{"name":"wp","href":"https:\/\/api.w.org\/{rel}","templated":true}]}}