{"id":339836,"date":"2025-08-24T03:37:10","date_gmt":"2025-08-24T03:37:10","guid":{"rendered":"https:\/\/www.europesays.com\/fr\/339836\/"},"modified":"2025-08-24T03:37:10","modified_gmt":"2025-08-24T03:37:10","slug":"le-camion-etait-plein-a-craquer-grace-a-nos-bienfaiteurs-39-convois-ont-quitte-nice-en-direction-de-lukraine-depuis-le-debut-de-la-guerre","status":"publish","type":"post","link":"https:\/\/www.europesays.com\/fr\/339836\/","title":{"rendered":"\u00ab\u00a0Le camion \u00e9tait plein \u00e0 craquer, gr\u00e2ce \u00e0 nos bienfaiteurs\u00a0\u00bb: 39 convois ont quitt\u00e9 Nice en direction de l\u2019Ukraine depuis le d\u00e9but de la guerre"},"content":{"rendered":"<p>La semaine derni\u00e8re, un camion charg\u00e9 de mat\u00e9riel m\u00e9dical et de produits de premi\u00e8re n\u00e9cessit\u00e9 parti de Nice a ralli\u00e9 la r\u00e9gion de Tchernivtsi, o\u00f9 l\u2019afflux de d\u00e9plac\u00e9s et l\u2019accueil de militaires bless\u00e9s accentuent les besoins. L\u2019aide a \u00e9t\u00e9 remise \u00e0 la Fondation du Mouvement volontaire de Bucovine, partenaire de confiance de l\u2019Association franco-ukrainienne C\u00f4te d\u2019Azur (Afuca), qui r\u00e9partira une partie du mat\u00e9riel vers Ivano-Frankivsk, au centre de r\u00e9adaptation Franko-Hrazhda. \u00ab\u00a0Le camion \u00e9tait plein \u00e0 craquer, gr\u00e2ce \u00e0 nos bienfaiteurs, souligne l\u2019Afuca. Nous remercions ceux qui nous soutiennent depuis le d\u00e9but de la guerre, qui restent toujours en contact et n\u2019oublient pas les besoins de l\u2019Ukraine.\u00a0\u00bb<\/p>\n<p>Depuis le d\u00e9but du conflit, c\u2019est le 39e semi-remorque affr\u00e9t\u00e9 par l\u2019Afuca. Des op\u00e9rations de solidarit\u00e9 rendues possible gr\u00e2ce \u00e0 la mobilisation d\u2019organismes tels que le Secours populaire fran\u00e7ais \u00e0 Nice, mais aussi au concours d\u2019associations de Cogolin ou Fr\u00e9jus.<\/p>\n<p>En juillet, un convoi organis\u00e9 par l\u2019association ni\u00e7oise avait ralli\u00e9 l\u2019Ukraine pour livrer 150 lits m\u00e9dicalis\u00e9s, offerts par un Ehpad de Contes \u00e0 l\u2019h\u00f4pital de Dnipro.<\/p>\n","protected":false},"excerpt":{"rendered":"La semaine derni\u00e8re, un camion charg\u00e9 de mat\u00e9riel m\u00e9dical et de produits de premi\u00e8re n\u00e9cessit\u00e9 parti de Nice&hellip;\n","protected":false},"author":2,"featured_media":339837,"comment_status":"","ping_status":"","sticky":false,"template":"","format":"standard","meta":{"footnotes":""},"categories":[2819],"tags":[1111,11,1777,674,1011,27,10264,12,2401,882,25],"class_list":{"0":"post-339836","1":"post","2":"type-post","3":"status-publish","4":"format-standard","5":"has-post-thumbnail","7":"category-nice","8":"tag-actu","9":"tag-actualites","10":"tag-eu","11":"tag-europe","12":"tag-fr","13":"tag-france","14":"tag-humanitaire","15":"tag-news","16":"tag-nice","17":"tag-provence-alpes-cote-dazur","18":"tag-republique-francaise"},"share_on_mastodon":{"url":"https:\/\/pubeurope.com\/@fr\/115081657904620037","error":""},"_links":{"self":[{"href":"https:\/\/www.europesays.com\/fr\/wp-json\/wp\/v2\/posts\/339836","targetHints":{"allow":["GET"]}}],"collection":[{"href":"https:\/\/www.europesays.com\/fr\/wp-json\/wp\/v2\/posts"}],"about":[{"href":"https:\/\/www.europesays.com\/fr\/wp-json\/wp\/v2\/types\/post"}],"author":[{"embeddable":true,"href":"https:\/\/www.europesays.com\/fr\/wp-json\/wp\/v2\/users\/2"}],"replies":[{"embeddable":true,"href":"https:\/\/www.europesays.com\/fr\/wp-json\/wp\/v2\/comments?post=339836"}],"version-history":[{"count":0,"href":"https:\/\/www.europesays.com\/fr\/wp-json\/wp\/v2\/posts\/339836\/revisions"}],"wp:featuredmedia":[{"embeddable":true,"href":"https:\/\/www.europesays.com\/fr\/wp-json\/wp\/v2\/media\/339837"}],"wp:attachment":[{"href":"https:\/\/www.europesays.com\/fr\/wp-json\/wp\/v2\/media?parent=339836"}],"wp:term":[{"taxonomy":"category","embeddable":true,"href":"https:\/\/www.europesays.com\/fr\/wp-json\/wp\/v2\/categories?post=339836"},{"taxonomy":"post_tag","embeddable":true,"href":"https:\/\/www.europesays.com\/fr\/wp-json\/wp\/v2\/tags?post=339836"}],"curies":[{"name":"wp","href":"https:\/\/api.w.org\/{rel}","templated":true}]}}