{"id":339838,"date":"2025-08-24T03:40:10","date_gmt":"2025-08-24T03:40:10","guid":{"rendered":"https:\/\/www.europesays.com\/fr\/339838\/"},"modified":"2025-08-24T03:40:10","modified_gmt":"2025-08-24T03:40:10","slug":"nantes-universite-dete-2025-de-regions-et-peuples-solidaires-le-programme","status":"publish","type":"post","link":"https:\/\/www.europesays.com\/fr\/339838\/","title":{"rendered":"NANTES : Universit\u00e9 d&rsquo;\u00e9t\u00e9 2025 de R\u00e9gions et Peuples Solidaires, le programme"},"content":{"rendered":"<p><strong>R\u00e9gions et Peuples Solidaires (R&amp;PS) c\u00e9l\u00e8bre ses trente ans avec une universit\u00e9 d\u2019\u00e9t\u00e9 exceptionnelle.<\/strong><br \/>Fond\u00e9 en 1995 dans le sillage des \u00e9lections europ\u00e9ennes de 1994, R&amp;PS est le parti qui f\u00e9d\u00e8re les mouvements r\u00e9gionalistes de l\u2019Hexagone et des Outre-mer. En 2025, R&amp;PS compte douze membres, dont quatre d\u00e9put\u00e9s, un s\u00e9nateur, un ex\u00e9cutif territorial en Corse, et de nombreux conseillers r\u00e9gionaux, d\u00e9partementaux, maires et adjoints dans les territoires \u00e0 forte identit\u00e9.<\/p>\n<p>Pour marquer cet anniversaire, R&amp;PS organise une universit\u00e9 d\u2019\u00e9t\u00e9 exceptionnelle en Corse, du 25 au 27 ao\u00fbt. L\u2019\u00e9v\u00e9nement se tiendra au Village des Isles, dans la commune de Taglio-Isolaccio, au sud de Bastia. Le programme inclut des intervenants de qualit\u00e9 et des \u00e9v\u00e9nements marquants, tels que la restitution d\u2019un sondage command\u00e9 \u00e0 l\u2019institut IFOP intitul\u00e9 \u00ab Radiographie du r\u00e9gionalisme \u00bb.<\/p>\n<p><strong>Programme d\u00e9taill\u00e9<\/strong><\/p>\n<p>Le programme d\u00e9taill\u00e9 de l\u2019universit\u00e9 d\u2019\u00e9t\u00e9 est disponible en cliquant sur ce lien :\u00a0<a href=\"https:\/\/u44196987.ct.sendgrid.net\/ls\/click?upn=u001.oAvz0GakhwwEd9tE4-2BZc7EeI1-2BgyEpiMXez2seDQ8LIdsAANQqavpu25BhQ2eoPMLOCm3f9dBCwFDlmNt9izKDfJl6I7tZUbucrZgG9WCHM-3DWkzG_Cy1gKJ78C7YbA-2Bj-2BlN-2Brdg45j31CHH-2BJmir0nmWm5AM-2BiY5k0JIygvZkcLBIpH0OlK-2BI3C9Dt2NcDRDwxcijzck-2BnvaquMbH0AZXDytVRD5rGmrFqjZLpOzmdsTBO-2BELHL5cx2V-2BA29mbWJpi5X2ktfJbMwsbvRvLH1LKVSjOlYHEugn2LVhpzOXNe-2FWqXICTOXoZNt0ohHmTnXoc9TPYzPlNZkvqXjFrf6ZHkYbLBBfa2xB9DmDkHPW3-2B-2BIgvRuhX8kfpZBcsEL82iqKrHbQz0TDdXLa071y-2Bcn0nsSyit6niyx6Xg1FcZgsPXEP6hYRb0XnavjACqRsI4Wl1Rj9D-2B4xOcU7K9Zk-2BIGyivVQ-2FA-3D\" target=\"_blank\" rel=\"noopener nofollow\" data-saferedirecturl=\"https:\/\/www.google.com\/url?q=https:\/\/u44196987.ct.sendgrid.net\/ls\/click?upn%3Du001.oAvz0GakhwwEd9tE4-2BZc7EeI1-2BgyEpiMXez2seDQ8LIdsAANQqavpu25BhQ2eoPMLOCm3f9dBCwFDlmNt9izKDfJl6I7tZUbucrZgG9WCHM-3DWkzG_Cy1gKJ78C7YbA-2Bj-2BlN-2Brdg45j31CHH-2BJmir0nmWm5AM-2BiY5k0JIygvZkcLBIpH0OlK-2BI3C9Dt2NcDRDwxcijzck-2BnvaquMbH0AZXDytVRD5rGmrFqjZLpOzmdsTBO-2BELHL5cx2V-2BA29mbWJpi5X2ktfJbMwsbvRvLH1LKVSjOlYHEugn2LVhpzOXNe-2FWqXICTOXoZNt0ohHmTnXoc9TPYzPlNZkvqXjFrf6ZHkYbLBBfa2xB9DmDkHPW3-2B-2BIgvRuhX8kfpZBcsEL82iqKrHbQz0TDdXLa071y-2Bcn0nsSyit6niyx6Xg1FcZgsPXEP6hYRb0XnavjACqRsI4Wl1Rj9D-2B4xOcU7K9Zk-2BIGyivVQ-2FA-3D&amp;source=gmail&amp;ust=1756037432181000&amp;usg=AOvVaw3tLjklqzPfBiS1SuIvMn2I\">Programme d\u00e9taill\u00e9<\/a><\/p>\n<p><strong>\u00c9v\u00e9nements marquants<\/strong><\/p>\n<p>Parmi les \u00e9v\u00e9nements forts, la restitution du sondage \u00ab Radiographie du r\u00e9gionalisme \u00bb aura lieu le\u00a0<strong>lundi 25 ao\u00fbt \u00e0 17h<\/strong>, en pr\u00e9sence de Fr\u00e9d\u00e9ric Dabi, directeur g\u00e9n\u00e9ral de l\u2019IFOP. Ce sondage, r\u00e9alis\u00e9 aupr\u00e8s de 2.000 personnes, permet de conna\u00eetre l\u2019\u00e9tat de l\u2019opinion sur les principales revendications r\u00e9gionalistes et inclut un zoom sur les territoires \u00e0 forte identit\u00e9.<\/p>\n<p><strong>Participants et intervenants<\/strong><\/p>\n<p>R&amp;PS f\u00e9d\u00e8re plusieurs organisations r\u00e9gionalistes, dont l\u2019Union D\u00e9mocratique Bretonne (UDB), le Parti Nationaliste Basque (PNB), le Partit Occitan (POc), et bien d\u2019autres. Le Parti R\u00e9unionnais (PaR\u00e9) est membre observateur, et le Congr\u00e8s Mondial Amazigh est membre associ\u00e9.<\/p>\n<p><strong>Pour plus d\u2019informations :<\/strong><\/p>\n<p>Pour plus d\u2019informations, contactez P\u00e8ire COSTA, directeur de R&amp;PS, au 06.25.45.27.05 ou par email \u00e0\u00a0<a href=\"https:\/\/presseagence.fr\/nantes-universite-dete-2025-de-regions-et-peuples-solidaires-le-programme\/mailto:contact@federation-rps.org\" target=\"_blank\" rel=\"noopener nofollow\">contact@federation-rps.org<\/a>. Vous pouvez \u00e9galement suivre R&amp;PS sur les r\u00e9seaux sociaux :\u00a0<a href=\"https:\/\/u44196987.ct.sendgrid.net\/ls\/click?upn=u001.oAvz0GakhwwEd9tE4-2BZc7N8lL1qW5hJx240-2BjQy8gZEF-2FY2pmDRYpnkN8nLBTZkqt3el_Cy1gKJ78C7YbA-2Bj-2BlN-2Brdg45j31CHH-2BJmir0nmWm5AM-2BiY5k0JIygvZkcLBIpH0OlK-2BI3C9Dt2NcDRDwxcijzck-2BnvaquMbH0AZXDytVRD5rGmrFqjZLpOzmdsTBO-2BELHL5cx2V-2BA29mbWJpi5X2ktfJbMwsbvRvLH1LKVSjOlYHEugn2LVhpzOXNe-2FWqXICTOXoZNt0ohHmTnXoc9TPYxKY1T90oBIKUkd7BdCFHUZbsQi-2F43W6ePGAzC21zVQvTLHXd5Z1BfDBOtLLgW7dNER6mwZbfbTwGhExDi0ct-2BtNziYa8LkKukNhwWE4cmco1BJOYd6sIt8oDMp-2FL3uAz0KiD3rEyoPLS08yKSp6BKw-3D\" target=\"_blank\" rel=\"noopener nofollow\" data-saferedirecturl=\"https:\/\/www.google.com\/url?q=https:\/\/u44196987.ct.sendgrid.net\/ls\/click?upn%3Du001.oAvz0GakhwwEd9tE4-2BZc7N8lL1qW5hJx240-2BjQy8gZEF-2FY2pmDRYpnkN8nLBTZkqt3el_Cy1gKJ78C7YbA-2Bj-2BlN-2Brdg45j31CHH-2BJmir0nmWm5AM-2BiY5k0JIygvZkcLBIpH0OlK-2BI3C9Dt2NcDRDwxcijzck-2BnvaquMbH0AZXDytVRD5rGmrFqjZLpOzmdsTBO-2BELHL5cx2V-2BA29mbWJpi5X2ktfJbMwsbvRvLH1LKVSjOlYHEugn2LVhpzOXNe-2FWqXICTOXoZNt0ohHmTnXoc9TPYxKY1T90oBIKUkd7BdCFHUZbsQi-2F43W6ePGAzC21zVQvTLHXd5Z1BfDBOtLLgW7dNER6mwZbfbTwGhExDi0ct-2BtNziYa8LkKukNhwWE4cmco1BJOYd6sIt8oDMp-2FL3uAz0KiD3rEyoPLS08yKSp6BKw-3D&amp;source=gmail&amp;ust=1756037432181000&amp;usg=AOvVaw1TgXoyDXDFPZLuXloAd0c9\">Twitter<\/a>\u00a0|\u00a0<a href=\"https:\/\/u44196987.ct.sendgrid.net\/ls\/click?upn=u001.oAvz0GakhwwEd9tE4-2BZc7F2q-2BHKocRY7DuTDgnwThjvLNfjUIcBSOWisEl8xsx6uEAYM-2FJ2HO68rZJkrJKiUeg-3D-3D0kop_Cy1gKJ78C7YbA-2Bj-2BlN-2Brdg45j31CHH-2BJmir0nmWm5AM-2BiY5k0JIygvZkcLBIpH0OlK-2BI3C9Dt2NcDRDwxcijzck-2BnvaquMbH0AZXDytVRD5rGmrFqjZLpOzmdsTBO-2BELHL5cx2V-2BA29mbWJpi5X2ktfJbMwsbvRvLH1LKVSjOlYHEugn2LVhpzOXNe-2FWqXICTOXoZNt0ohHmTnXoc9TPY7fb9JaX-2FU-2BqcDxyDmNa22lQ0lL6l4CoReLdZjdfD7fVyYpLpyjgt86pQ0AU3Qt04eCG2yAfWoXWG-2BgMUCq6WOGOim7Au6WmsPV2qEh2S5ZuxYbcijLZEZNvU5CTXg20JEk0wvuIi4Ee8RjsRmcxcV0-3D\" target=\"_blank\" rel=\"noopener nofollow\" data-saferedirecturl=\"https:\/\/www.google.com\/url?q=https:\/\/u44196987.ct.sendgrid.net\/ls\/click?upn%3Du001.oAvz0GakhwwEd9tE4-2BZc7F2q-2BHKocRY7DuTDgnwThjvLNfjUIcBSOWisEl8xsx6uEAYM-2FJ2HO68rZJkrJKiUeg-3D-3D0kop_Cy1gKJ78C7YbA-2Bj-2BlN-2Brdg45j31CHH-2BJmir0nmWm5AM-2BiY5k0JIygvZkcLBIpH0OlK-2BI3C9Dt2NcDRDwxcijzck-2BnvaquMbH0AZXDytVRD5rGmrFqjZLpOzmdsTBO-2BELHL5cx2V-2BA29mbWJpi5X2ktfJbMwsbvRvLH1LKVSjOlYHEugn2LVhpzOXNe-2FWqXICTOXoZNt0ohHmTnXoc9TPY7fb9JaX-2FU-2BqcDxyDmNa22lQ0lL6l4CoReLdZjdfD7fVyYpLpyjgt86pQ0AU3Qt04eCG2yAfWoXWG-2BgMUCq6WOGOim7Au6WmsPV2qEh2S5ZuxYbcijLZEZNvU5CTXg20JEk0wvuIi4Ee8RjsRmcxcV0-3D&amp;source=gmail&amp;ust=1756037432181000&amp;usg=AOvVaw38JgYG_R-aDIWfsI638GX9\">Facebook<\/a>\u00a0|\u00a0<a href=\"https:\/\/u44196987.ct.sendgrid.net\/ls\/click?upn=u001.oAvz0GakhwwEd9tE4-2BZc7Lck3vYxLNJZscALoGv27tlZqUvbaEjOvX6m02kOwyM3riaVv9nZNIPBRY4v-2Bqq2cXZesa0VAOjLBxd-2FpLCFhEA-3Df2TA_Cy1gKJ78C7YbA-2Bj-2BlN-2Brdg45j31CHH-2BJmir0nmWm5AM-2BiY5k0JIygvZkcLBIpH0OlK-2BI3C9Dt2NcDRDwxcijzck-2BnvaquMbH0AZXDytVRD5rGmrFqjZLpOzmdsTBO-2BELHL5cx2V-2BA29mbWJpi5X2ktfJbMwsbvRvLH1LKVSjOlYHEugn2LVhpzOXNe-2FWqXICTOXoZNt0ohHmTnXoc9TPYzKY1oYSxg-2Bo46stB5ugcui49f3oszCujDVauP942KCIZmZEzIAPFaAp2do42lnQMlT2DIuerV2DCsohQJ2uMbgW5FoDEJUivCu2jlCijqAxwia-2F9WIP9ti-2F5fQF2Y29JZqXVufsNKGZufLk5u7-2FGsE-3D\" target=\"_blank\" rel=\"noopener nofollow\" data-saferedirecturl=\"https:\/\/www.google.com\/url?q=https:\/\/u44196987.ct.sendgrid.net\/ls\/click?upn%3Du001.oAvz0GakhwwEd9tE4-2BZc7Lck3vYxLNJZscALoGv27tlZqUvbaEjOvX6m02kOwyM3riaVv9nZNIPBRY4v-2Bqq2cXZesa0VAOjLBxd-2FpLCFhEA-3Df2TA_Cy1gKJ78C7YbA-2Bj-2BlN-2Brdg45j31CHH-2BJmir0nmWm5AM-2BiY5k0JIygvZkcLBIpH0OlK-2BI3C9Dt2NcDRDwxcijzck-2BnvaquMbH0AZXDytVRD5rGmrFqjZLpOzmdsTBO-2BELHL5cx2V-2BA29mbWJpi5X2ktfJbMwsbvRvLH1LKVSjOlYHEugn2LVhpzOXNe-2FWqXICTOXoZNt0ohHmTnXoc9TPYzKY1oYSxg-2Bo46stB5ugcui49f3oszCujDVauP942KCIZmZEzIAPFaAp2do42lnQMlT2DIuerV2DCsohQJ2uMbgW5FoDEJUivCu2jlCijqAxwia-2F9WIP9ti-2F5fQF2Y29JZqXVufsNKGZufLk5u7-2FGsE-3D&amp;source=gmail&amp;ust=1756037432181000&amp;usg=AOvVaw07I2VA9DqzuobqUWgeSNaV\">Instagram<\/a>\u00a0|\u00a0<a href=\"https:\/\/u44196987.ct.sendgrid.net\/ls\/click?upn=u001.oAvz0GakhwwEd9tE4-2BZc7PqqRVMp5nKHTkvDFFWQXr4LgPwfiU2DGq4rKKNPDZQhh-2FzqTHblfipxc-2BqMr4kvMdEvvLJDSdeN-2B54nYuooyOI-3D5pIY_Cy1gKJ78C7YbA-2Bj-2BlN-2Brdg45j31CHH-2BJmir0nmWm5AM-2BiY5k0JIygvZkcLBIpH0OlK-2BI3C9Dt2NcDRDwxcijzck-2BnvaquMbH0AZXDytVRD5rGmrFqjZLpOzmdsTBO-2BELHL5cx2V-2BA29mbWJpi5X2ktfJbMwsbvRvLH1LKVSjOlYHEugn2LVhpzOXNe-2FWqXICTOXoZNt0ohHmTnXoc9TPY0TSrywontatwihzK95hrpoh3uhHKXPqVnlL-2BGrYgj0xeqkv2-2Bl5SJ8VeG1MDVUjOqD04b-2BuS-2BnK8ABtGSJeOnC5TJ-2BapBGJcwLvoCc48nwbURAGDVGvi31phtYAa6qJ3RV02OrIpxUAYcPMZYUcAvQ-3D\" target=\"_blank\" rel=\"noopener nofollow\" data-saferedirecturl=\"https:\/\/www.google.com\/url?q=https:\/\/u44196987.ct.sendgrid.net\/ls\/click?upn%3Du001.oAvz0GakhwwEd9tE4-2BZc7PqqRVMp5nKHTkvDFFWQXr4LgPwfiU2DGq4rKKNPDZQhh-2FzqTHblfipxc-2BqMr4kvMdEvvLJDSdeN-2B54nYuooyOI-3D5pIY_Cy1gKJ78C7YbA-2Bj-2BlN-2Brdg45j31CHH-2BJmir0nmWm5AM-2BiY5k0JIygvZkcLBIpH0OlK-2BI3C9Dt2NcDRDwxcijzck-2BnvaquMbH0AZXDytVRD5rGmrFqjZLpOzmdsTBO-2BELHL5cx2V-2BA29mbWJpi5X2ktfJbMwsbvRvLH1LKVSjOlYHEugn2LVhpzOXNe-2FWqXICTOXoZNt0ohHmTnXoc9TPY0TSrywontatwihzK95hrpoh3uhHKXPqVnlL-2BGrYgj0xeqkv2-2Bl5SJ8VeG1MDVUjOqD04b-2BuS-2BnK8ABtGSJeOnC5TJ-2BapBGJcwLvoCc48nwbURAGDVGvi31phtYAa6qJ3RV02OrIpxUAYcPMZYUcAvQ-3D&amp;source=gmail&amp;ust=1756037432181000&amp;usg=AOvVaw1eQ_YJLhbWekeOBLkG4mfG\">YouTube<\/a><\/p>\n","protected":false},"excerpt":{"rendered":"R\u00e9gions et Peuples Solidaires (R&amp;PS) c\u00e9l\u00e8bre ses trente ans avec une universit\u00e9 d\u2019\u00e9t\u00e9 exceptionnelle.Fond\u00e9 en 1995 dans le&hellip;\n","protected":false},"author":2,"featured_media":339839,"comment_status":"","ping_status":"","sticky":false,"template":"","format":"standard","meta":{"footnotes":""},"categories":[2818],"tags":[1111,11,1777,674,1011,27,766,12,2636,25],"class_list":{"0":"post-339838","1":"post","2":"type-post","3":"status-publish","4":"format-standard","5":"has-post-thumbnail","7":"category-nantes","8":"tag-actu","9":"tag-actualites","10":"tag-eu","11":"tag-europe","12":"tag-fr","13":"tag-france","14":"tag-nantes","15":"tag-news","16":"tag-pays-de-la-loire","17":"tag-republique-francaise"},"share_on_mastodon":{"url":"https:\/\/pubeurope.com\/@fr\/115081669679333753","error":""},"_links":{"self":[{"href":"https:\/\/www.europesays.com\/fr\/wp-json\/wp\/v2\/posts\/339838","targetHints":{"allow":["GET"]}}],"collection":[{"href":"https:\/\/www.europesays.com\/fr\/wp-json\/wp\/v2\/posts"}],"about":[{"href":"https:\/\/www.europesays.com\/fr\/wp-json\/wp\/v2\/types\/post"}],"author":[{"embeddable":true,"href":"https:\/\/www.europesays.com\/fr\/wp-json\/wp\/v2\/users\/2"}],"replies":[{"embeddable":true,"href":"https:\/\/www.europesays.com\/fr\/wp-json\/wp\/v2\/comments?post=339838"}],"version-history":[{"count":0,"href":"https:\/\/www.europesays.com\/fr\/wp-json\/wp\/v2\/posts\/339838\/revisions"}],"wp:featuredmedia":[{"embeddable":true,"href":"https:\/\/www.europesays.com\/fr\/wp-json\/wp\/v2\/media\/339839"}],"wp:attachment":[{"href":"https:\/\/www.europesays.com\/fr\/wp-json\/wp\/v2\/media?parent=339838"}],"wp:term":[{"taxonomy":"category","embeddable":true,"href":"https:\/\/www.europesays.com\/fr\/wp-json\/wp\/v2\/categories?post=339838"},{"taxonomy":"post_tag","embeddable":true,"href":"https:\/\/www.europesays.com\/fr\/wp-json\/wp\/v2\/tags?post=339838"}],"curies":[{"name":"wp","href":"https:\/\/api.w.org\/{rel}","templated":true}]}}