{"id":339850,"date":"2025-08-24T03:48:10","date_gmt":"2025-08-24T03:48:10","guid":{"rendered":"https:\/\/www.europesays.com\/fr\/339850\/"},"modified":"2025-08-24T03:48:10","modified_gmt":"2025-08-24T03:48:10","slug":"marseille-la-comorienne-si-loin-si-proche-2","status":"publish","type":"post","link":"https:\/\/www.europesays.com\/fr\/339850\/","title":{"rendered":"Marseille la Comorienne &#8211; Si loin si proche"},"content":{"rendered":"<p>\n                                                \u00c0 7\u00a0000 km de l\u2019archipel des Comores*, loin de l&rsquo;oc\u00e9an Indien et de la c\u00f4te sud-est du continent africain, voyage dans la cit\u00e9 portuaire surnomm\u00e9e \u00ab\u00a0la cinqui\u00e8me \u00eele des Comores\u00a0\u00bb.\u00a0                    <\/p>\n<p>On conna\u00eet d\u2019abord Marseille la Phoc\u00e9enne fond\u00e9e il y a 2\u00a0600 ans, Marseille la M\u00e9diterran\u00e9enne, la Corse, l\u2019Italienne, l\u2019Arm\u00e9nienne ou encore l\u2019Alg\u00e9rienne, mais beaucoup moins la Comorienne ! Pourtant, selon une l\u00e9gende tenace, Marseille serait la plus grande ville comorienne au monde, devant m\u00eame Moroni, la capitale de l\u2019archipel\u00a0! Aujourd&rsquo;hui, on estime que la population comorienne -d&rsquo;origine ou de nationalit\u00e9- atteint les 100 000 personnes et repr\u00e9sente donc 10% des habitants de Marseille.<\/p>\n<p>En arrivant Gare Saint-Charles ou sur le Vieux-Port, dans\u00a0les rues de la deuxi\u00e8me ville de France, si le m\u00e9tissage ne fait pas l\u2019ombre d\u2019un doute, pour ce qui est de la pr\u00e9sence comorienne, il faut aller vers les quartiers Nord pour en saisir vraiment l&rsquo;importance. C&rsquo;est l\u00e0 que se concentre la communaut\u00e9 comorienne de Marseille, une communaut\u00e9 r\u00e9cente \u00e0 l\u2019\u00e9chelle de la longue histoire de la ville, ouverte quoique r\u00e9put\u00e9e discr\u00e8te, mais surtout fi\u00e8re de partager sa culture et son identit\u00e9 \u00e0 la fois comorienne et marseillaise.<\/p>\n<p><strong>Un reportage de Beno\u00eet Godin initialement diffus\u00e9 en septembre 2024.<\/strong><\/p>\n<p><strong>*<\/strong>\u00a0:\u00a0\u00ab\u00a0L\u2019archipel des Comores, situ\u00e9 dans l\u2019oc\u00e9an Indien, est compos\u00e9 de quatre \u00eeles. Trois d\u2019entre elles font partie de l\u2019\u00c9tat ind\u00e9pendant de l\u2019Union des Comores. Mayotte est un d\u00e9partement fran\u00e7ais.\u00a0\u00bb<\/p>\n<p>\u00a0<\/p>\n<p><strong>\u00c0 lire :<\/strong><\/p>\n<p>Les Comoriens \u00e0 Marseille : d&rsquo;une m\u00e9moire \u00e0 l&rsquo;autre,\u00a0de Karima Direche-Slimani et Fabienne Le Hou\u00e9rou. \u00c9ditions Autrement, 2002. Bien peu de choses \u00e0 lire sur la vaste communaut\u00e9 marseillo-comorienne en dehors de cet ouvrage datant de\u00a02002. Forc\u00e9ment dat\u00e9, il reste malgr\u00e9 tout le livre le plus complet \u00e0 ce jour sur ce sujet.\u00a0<\/p>\n<p>La cinqui\u00e8me \u00eele : les Comoriens de Marseille,\u00a0de Luc Sa\u00efd Mohamed Cheikh. \u00c9ditions Pragmatic, 2019. Un livre de photographies qui donne \u00e0 voir quelques aspects de la vie des Comoriens de la cit\u00e9 phoc\u00e9enne \u2013\u00a0pri\u00e8re du vendredi, figures politiques, cuisine&#8230;<\/p>\n<p><strong>\u00c0 voir :<\/strong><\/p>\n<p>Le documentaire Plan\u00e8te Marseille, enfants des Comores, de Charlotte Penchenier, 2016. Le parcours de trois Marseillais d&rsquo;origine comorienne (dont Fatima Ahmed, que l\u2019on entend dans notre reportage) qui tentent de concilier leurs diff\u00e9rentes parts d\u2019identit\u00e9.<\/p>\n<p>Sur Marseille, n&rsquo;h\u00e9sitez pas \u00e0 vous rendre chez Marie-Rose Said, \u00ab\u00a0pr\u00e9sidente\u00a0\u00bb et cuisini\u00e8re des \u00ab\u00a0Terrasses de Moroni Mamoudzou\u00a0\u00bb, une bonne table comorienne.<\/p>\n<p><strong>\u00c0 \u00e9couter :<\/strong><\/p>\n<p>La s\u00e9rie en deux \u00e9pisodes de Vladimir Cagnolari pour Si loin si proche en\u00a02018\u00a0: <strong><a target=\"_self\" href=\"https:\/\/www.rfi.fr\/fr\/emission\/20190428-comores-marseille-diaspora-orchestre-acm-ouellah-chebli-msaidie\" rel=\"nofollow noopener\">Je viens de Marseille et je vais \u00e0 Ouellah<\/a><\/strong>, suivi de <strong><a target=\"_self\" href=\"https:\/\/www.rfi.fr\/fr\/emission\/20190505-comores-marseille-diaspora-chebli-msaidie-artiste-madjiliss-mariages\" rel=\"nofollow noopener\">Je viens de Ouellah et je vais \u00e0 Marseille<\/a><\/strong>. On y suit Chebli Msa\u00efdi\u00e9, chanteur et producteur de musique de retour au pays. Et on y d\u00e9couvre une tradition comorienne essentielle\u00a0: le Anda, ou \u00ab\u00a0grand mariage\u00a0\u00bb.<\/p>\n","protected":false},"excerpt":{"rendered":"\u00c0 7\u00a0000 km de l\u2019archipel des Comores*, loin de l&rsquo;oc\u00e9an Indien et de la c\u00f4te sud-est du continent&hellip;\n","protected":false},"author":2,"featured_media":339747,"comment_status":"","ping_status":"","sticky":false,"template":"","format":"standard","meta":{"footnotes":""},"categories":[2814],"tags":[1111,11,12374,251,1777,674,1011,27,47568,884,12,882,25,47567,586],"class_list":{"0":"post-339850","1":"post","2":"type-post","3":"status-publish","4":"format-standard","5":"has-post-thumbnail","7":"category-marseille","8":"tag-actu","9":"tag-actualites","10":"tag-comores","11":"tag-culture","12":"tag-eu","13":"tag-europe","14":"tag-fr","15":"tag-france","16":"tag-les-villes-de-a-a-z","17":"tag-marseille","18":"tag-news","19":"tag-provence-alpes-cote-dazur","20":"tag-republique-francaise","21":"tag-si-loin-si-proche","22":"tag-voyage"},"share_on_mastodon":{"url":"https:\/\/pubeurope.com\/@fr\/115081701185777228","error":""},"_links":{"self":[{"href":"https:\/\/www.europesays.com\/fr\/wp-json\/wp\/v2\/posts\/339850","targetHints":{"allow":["GET"]}}],"collection":[{"href":"https:\/\/www.europesays.com\/fr\/wp-json\/wp\/v2\/posts"}],"about":[{"href":"https:\/\/www.europesays.com\/fr\/wp-json\/wp\/v2\/types\/post"}],"author":[{"embeddable":true,"href":"https:\/\/www.europesays.com\/fr\/wp-json\/wp\/v2\/users\/2"}],"replies":[{"embeddable":true,"href":"https:\/\/www.europesays.com\/fr\/wp-json\/wp\/v2\/comments?post=339850"}],"version-history":[{"count":0,"href":"https:\/\/www.europesays.com\/fr\/wp-json\/wp\/v2\/posts\/339850\/revisions"}],"wp:featuredmedia":[{"embeddable":true,"href":"https:\/\/www.europesays.com\/fr\/wp-json\/wp\/v2\/media\/339747"}],"wp:attachment":[{"href":"https:\/\/www.europesays.com\/fr\/wp-json\/wp\/v2\/media?parent=339850"}],"wp:term":[{"taxonomy":"category","embeddable":true,"href":"https:\/\/www.europesays.com\/fr\/wp-json\/wp\/v2\/categories?post=339850"},{"taxonomy":"post_tag","embeddable":true,"href":"https:\/\/www.europesays.com\/fr\/wp-json\/wp\/v2\/tags?post=339850"}],"curies":[{"name":"wp","href":"https:\/\/api.w.org\/{rel}","templated":true}]}}