{"id":339854,"date":"2025-08-24T03:53:17","date_gmt":"2025-08-24T03:53:17","guid":{"rendered":"https:\/\/www.europesays.com\/fr\/339854\/"},"modified":"2025-08-24T03:53:17","modified_gmt":"2025-08-24T03:53:17","slug":"le-gerant-mis-en-examen-pour-discrimination-fondee-sur-lorigine-lethnie-ou-la-nationalite","status":"publish","type":"post","link":"https:\/\/www.europesays.com\/fr\/339854\/","title":{"rendered":"le g\u00e9rant mis en examen pour \u00ab\u00a0discrimination fond\u00e9e sur l&rsquo;origine, l&rsquo;ethnie ou la nationalit\u00e9\u00a0\u00bb"},"content":{"rendered":"<p class=\"article__intro\">Le g\u00e9rant d&rsquo;un parc de loisirs \u00e0 Port\u00e9-Puymorens (Pyr\u00e9n\u00e9es-Orientales) a \u00e9t\u00e9 mis en examen samedi 23 ao\u00fbt 2025, annonce le parquet de Perpignan dan sun communiqu\u00e9. L&rsquo;homme de 52 ans avait \u00e9t\u00e9 plac\u00e9 en garde \u00e0 vue pour \u00ab\u00a0discrimination fond\u00e9e sur la religion\u00a0\u00bb apr\u00e8s avoir refus\u00e9 l&rsquo;acc\u00e8s \u00e0 150 jeunes Isra\u00e9liens en vacances, jeudi 21 ao\u00fbt 2025.<\/p>\n<p>\n      La Quotidienne Soci\u00e9t\u00e9\n    <\/p>\n<p>\n      De la vie quotidienne aux grands enjeux, recevez tous les jours les sujets qui font la soci\u00e9t\u00e9 locale, comme la justice, l\u2019\u00e9ducation, la sant\u00e9 et la famille.\n    <\/p>\n<p>    France T\u00e9l\u00e9visions utilise votre adresse e-mail afin de vous envoyer la newsletter \u00ab\u00a0La Quotidienne Soci\u00e9t\u00e9\u00a0\u00bb. Vous pouvez vous d\u00e9sinscrire \u00e0 tout moment via le lien en bas de cette newsletter. <a target=\"_blank\" href=\"https:\/\/www.francetelevisions.fr\/groupe\/confidentialite\/politique-de-confidentialite\/politique-de-confidentialite-de-france-televisions-6503\" rel=\"nofollow noopener\">Notre politique de confidentialit\u00e9<\/a><\/p>\n<p>Jeudi 21 ao\u00fbt 2025, le g\u00e9rant du parc de loisirs \u00ab\u00a0Tyrovol\u00a0\u00bb, situ\u00e9 \u00e0 Port\u00e9-Puymorens (Pyr\u00e9n\u00e9es-Orientales), avait refus\u00e9 l&rsquo;acc\u00e8s \u00e0 <a href=\"https:\/\/france3-regions.franceinfo.fr\/occitanie\/pyrenees-orientales\/perpignan\/150-enfants-et-adolescents-israeliens-refuses-d-acces-d-un-parc-de-loisirs-le-gerant-en-garde-a-vue-3204992.html\" target=\"_blank\" rel=\"noopener nofollow\">150 enfants isra\u00e9liens venus en vacances<\/a>.\u00a0L&rsquo;homme de 52 ans, plac\u00e9 en garde \u00e0 vue pour \u00ab\u00a0discrimination fond\u00e9e sur la religion\u00a0\u00bb, a finalement \u00e9t\u00e9 lib\u00e9r\u00e9 samedi 23 ao\u00fbt dans l&rsquo;apr\u00e8s-midi, a appris France T\u00e9l\u00e9visions de source proche du dossier.<\/p>\n<\/p>\n<p>Le groupe de 150 vacanciers isra\u00e9liens, tous mineurs, \u00e2g\u00e9s de 8 \u00e0 16 ans, en vacances en Espagne, avait \u00e9t\u00e9 refus\u00e9 \u00ab\u00a0alors qu&rsquo;une r\u00e9servation avait \u00e9t\u00e9 faite de longue date\u00a0\u00bb.<\/p>\n<p>Le g\u00e9rant du centre de loisirs aurait indiqu\u00e9 aux visiteurs leur refuser l&rsquo;acc\u00e8s \u00ab\u00a0en raison de &lsquo;convictions personnelles'\u00a0\u00bb, a renseign\u00e9 le parquet, jeudi 21 ao\u00fbt 2025.<\/p>\n<p>Plac\u00e9 en garde \u00e0 vue jeudi pour soup\u00e7on de \u00ab\u00a0discrimination fond\u00e9e sur la religion\u00a0\u00bb, il a ni\u00e9 avoir tenu ces propos. Il a avanc\u00e9 des raisons de s\u00e9curit\u00e9, \u00e9voquant sa peur de g\u00e9n\u00e9rer des troubles en accueillant ces jeunes. Sa garde \u00e0 vue avait \u00e9t\u00e9 prolong\u00e9e ce vendredi 22 ao\u00fbt au soir.<\/p>\n<p>Sa garde \u00e0 vue d\u00e9sormais termin\u00e9e, il a \u00e9t\u00e9 pr\u00e9sent\u00e9 \u00e0 un juge d&rsquo;instruction, pr\u00e9cise le tribunal judiciaire de Perpignan dans un communiqu\u00e9. Le mis en cause risque 5 ans d\u2019emprisonnement et 75\u00a0000 \u20ac d\u2019amende.<\/p>\n<p>Devant le juge, le g\u00e9rant du parc a confirm\u00e9 les d\u00e9clarations qu\u2019il avait faites en garde-\u00e0-vue, expliquant que son refus d\u2019accueillir le groupe de jeunes touristes de nationalit\u00e9 isra\u00e9lienne n\u2019\u00e9tait pas li\u00e9 \u00e0 des consid\u00e9rations id\u00e9ologiques, et invoquant des raisons de \u00ab\u00a0s\u00e9curit\u00e9\u00a0\u00bb.<\/p>\n<p>En plus de la brigade de recherche de Prades, l&rsquo;Office central de lutte contre les crimes contre l&rsquo;humanit\u00e9 et les crimes de haine est saisi de l&rsquo;affaire.<\/p>\n","protected":false},"excerpt":{"rendered":"Le g\u00e9rant d&rsquo;un parc de loisirs \u00e0 Port\u00e9-Puymorens (Pyr\u00e9n\u00e9es-Orientales) a \u00e9t\u00e9 mis en examen samedi 23 ao\u00fbt 2025,&hellip;\n","protected":false},"author":2,"featured_media":339855,"comment_status":"","ping_status":"","sticky":false,"template":"","format":"standard","meta":{"footnotes":""},"categories":[1888],"tags":[1111,1928,11,1927,1777,674,1011,27,12,1926,626,1925,25],"class_list":{"0":"post-339854","1":"post","2":"type-post","3":"status-publish","4":"format-standard","5":"has-post-thumbnail","7":"category-paris","8":"tag-actu","9":"tag-actu-paris","10":"tag-actualites","11":"tag-actualites-paris","12":"tag-eu","13":"tag-europe","14":"tag-fr","15":"tag-france","16":"tag-news","17":"tag-news-paris","18":"tag-paris","19":"tag-paris-news","20":"tag-republique-francaise"},"share_on_mastodon":{"url":"https:\/\/pubeurope.com\/@fr\/115081720885467454","error":""},"_links":{"self":[{"href":"https:\/\/www.europesays.com\/fr\/wp-json\/wp\/v2\/posts\/339854","targetHints":{"allow":["GET"]}}],"collection":[{"href":"https:\/\/www.europesays.com\/fr\/wp-json\/wp\/v2\/posts"}],"about":[{"href":"https:\/\/www.europesays.com\/fr\/wp-json\/wp\/v2\/types\/post"}],"author":[{"embeddable":true,"href":"https:\/\/www.europesays.com\/fr\/wp-json\/wp\/v2\/users\/2"}],"replies":[{"embeddable":true,"href":"https:\/\/www.europesays.com\/fr\/wp-json\/wp\/v2\/comments?post=339854"}],"version-history":[{"count":0,"href":"https:\/\/www.europesays.com\/fr\/wp-json\/wp\/v2\/posts\/339854\/revisions"}],"wp:featuredmedia":[{"embeddable":true,"href":"https:\/\/www.europesays.com\/fr\/wp-json\/wp\/v2\/media\/339855"}],"wp:attachment":[{"href":"https:\/\/www.europesays.com\/fr\/wp-json\/wp\/v2\/media?parent=339854"}],"wp:term":[{"taxonomy":"category","embeddable":true,"href":"https:\/\/www.europesays.com\/fr\/wp-json\/wp\/v2\/categories?post=339854"},{"taxonomy":"post_tag","embeddable":true,"href":"https:\/\/www.europesays.com\/fr\/wp-json\/wp\/v2\/tags?post=339854"}],"curies":[{"name":"wp","href":"https:\/\/api.w.org\/{rel}","templated":true}]}}