{"id":339856,"date":"2025-08-24T03:54:17","date_gmt":"2025-08-24T03:54:17","guid":{"rendered":"https:\/\/www.europesays.com\/fr\/339856\/"},"modified":"2025-08-24T03:54:17","modified_gmt":"2025-08-24T03:54:17","slug":"video-les-jeunes-joueurs-de-la-section-paloise-repeignent-leur-stade-avant-la-reprise-de-la-saison","status":"publish","type":"post","link":"https:\/\/www.europesays.com\/fr\/339856\/","title":{"rendered":"VID\u00c9O &#8211; Les jeunes joueurs de la Section Paloise repeignent leur stade avant la reprise de la saison"},"content":{"rendered":"<p> <img decoding=\"async\" src=\"https:\/\/www.europesays.com\/fr\/wp-content\/uploads\/2025\/08\/1756007657_471_1200x680\" alt=\"illustration agrandir l'image\" style=\"--_image-preview:url('data:image\/jpeg;base64,\/9j\/2wBDACgcHiMeGSgjISMtKygwPGRBPDc3PHtYXUlkkYCZlo+AjIqgtObDoKrarYqMyP\/L2u71\/\/\/\/m8H\/\/\/\/6\/+b9\/\/j\/2wBDASstLTw1PHZBQXb4pYyl+Pj4+Pj4+Pj4+Pj4+Pj4+Pj4+Pj4+Pj4+Pj4+Pj4+Pj4+Pj4+Pj4+Pj4+Pj4+Pj4+Pj\/wAARCAAXACoDASIAAhEBAxEB\/8QAGAAAAwEBAAAAAAAAAAAAAAAAAAIDAQT\/xAAXEAEBAQEAAAAAAAAAAAAAAAAAAQIR\/8QAFgEBAQEAAAAAAAAAAAAAAAAAAAIB\/8QAFhEBAQEAAAAAAAAAAAAAAAAAABEB\/9oADAMBAAIRAxEAPwDq2hqLaqWgSsNBRAUzT9Thk0htVLQCgpoAzWmjQEj\/2Q==');\" loading=\"eager\" fetchpriority=\"high\" aria-hidden=\"true\" class=\"svelte-1pnmlwx rounded\" onload=\"this.__e=event\" onerror=\"this.__e=event\"\/> 120 jeunes joueurs de la Section Paloise ont repeint leur stade samedi 23 ao\u00fbt avant la reprise de la saison \u00a9 Radio France &#8211; Charlotte Schuhmacher     <\/p>\n<p class=\"g-ici-body-regular-3 info svelte-1c4u67c\">Publi\u00e9 le samedi 23 ao\u00fbt 2025 \u00e0 19:19 <\/p>\n<ul class=\"SocialNetworks svelte-bt5901\">\n<li class=\"svelte-bt5901\"><\/li>\n<li class=\"svelte-bt5901\"><\/li>\n<li class=\"svelte-bt5901\"><\/li>\n<li class=\"svelte-bt5901\"><\/li>\n<li class=\"svelte-bt5901\"><\/li>\n<\/ul>\n<p class=\"standfirst g-ici-body-bold-1 svelte-983d72\">120 jeunes joueurs de la Section Paloise ont repeint leur stade, le stade de la Croix du Prince, samedi 23 ao\u00fbt avant la reprise de la saison. Ils ont pu compter sur quelques anciens de l&rsquo;Amicale pour leur donner un petit coup de main. <\/p>\n<p>Pinceaux, peinture, \u00e9chelle\u00a0: ambiance travaux au stade de la Croix du Prince \u00e0 Pau samedi 23 ao\u00fbt. Les murs tout autour de la pelouse et m\u00eame les vestiaires avaient besoin d&rsquo;\u00eatre un peu\u2026 rafra\u00eechis et ce sont pas moins de <strong>120 jeunes joueurs de la Section Paloise qui ont \u00e9t\u00e9 r\u00e9quisitionn\u00e9s pour mettre un coup de peinture<\/strong>, aid\u00e9s par des b\u00e9n\u00e9voles de l&rsquo;Amicale des anciens.<\/p>\n<p>Les travaux, en vid\u00e9o  <\/p>\n<ul class=\"SocialNetworks svelte-bt5901\">\n<li class=\"svelte-bt5901\"><\/li>\n<li class=\"svelte-bt5901\"><\/li>\n<li class=\"svelte-bt5901\"><\/li>\n<li class=\"svelte-bt5901\"><\/li>\n<li class=\"svelte-bt5901\"><\/li>\n<\/ul>\n","protected":false},"excerpt":{"rendered":"120 jeunes joueurs de la Section Paloise ont repeint leur stade samedi 23 ao\u00fbt avant la reprise de&hellip;\n","protected":false},"author":2,"featured_media":339857,"comment_status":"","ping_status":"","sticky":false,"template":"","format":"standard","meta":{"footnotes":""},"categories":[1888],"tags":[1111,1928,11,1927,1777,674,1011,27,12,1926,626,1925,25],"class_list":{"0":"post-339856","1":"post","2":"type-post","3":"status-publish","4":"format-standard","5":"has-post-thumbnail","7":"category-paris","8":"tag-actu","9":"tag-actu-paris","10":"tag-actualites","11":"tag-actualites-paris","12":"tag-eu","13":"tag-europe","14":"tag-fr","15":"tag-france","16":"tag-news","17":"tag-news-paris","18":"tag-paris","19":"tag-paris-news","20":"tag-republique-francaise"},"share_on_mastodon":{"url":"https:\/\/pubeurope.com\/@fr\/115081724846049380","error":""},"_links":{"self":[{"href":"https:\/\/www.europesays.com\/fr\/wp-json\/wp\/v2\/posts\/339856","targetHints":{"allow":["GET"]}}],"collection":[{"href":"https:\/\/www.europesays.com\/fr\/wp-json\/wp\/v2\/posts"}],"about":[{"href":"https:\/\/www.europesays.com\/fr\/wp-json\/wp\/v2\/types\/post"}],"author":[{"embeddable":true,"href":"https:\/\/www.europesays.com\/fr\/wp-json\/wp\/v2\/users\/2"}],"replies":[{"embeddable":true,"href":"https:\/\/www.europesays.com\/fr\/wp-json\/wp\/v2\/comments?post=339856"}],"version-history":[{"count":0,"href":"https:\/\/www.europesays.com\/fr\/wp-json\/wp\/v2\/posts\/339856\/revisions"}],"wp:featuredmedia":[{"embeddable":true,"href":"https:\/\/www.europesays.com\/fr\/wp-json\/wp\/v2\/media\/339857"}],"wp:attachment":[{"href":"https:\/\/www.europesays.com\/fr\/wp-json\/wp\/v2\/media?parent=339856"}],"wp:term":[{"taxonomy":"category","embeddable":true,"href":"https:\/\/www.europesays.com\/fr\/wp-json\/wp\/v2\/categories?post=339856"},{"taxonomy":"post_tag","embeddable":true,"href":"https:\/\/www.europesays.com\/fr\/wp-json\/wp\/v2\/tags?post=339856"}],"curies":[{"name":"wp","href":"https:\/\/api.w.org\/{rel}","templated":true}]}}