{"id":339862,"date":"2025-08-24T03:57:18","date_gmt":"2025-08-24T03:57:18","guid":{"rendered":"https:\/\/www.europesays.com\/fr\/339862\/"},"modified":"2025-08-24T03:57:18","modified_gmt":"2025-08-24T03:57:18","slug":"la-russie-revendique-la-prise-de-deux-villages-dans-la-region-de-donetsk-lexpress","status":"publish","type":"post","link":"https:\/\/www.europesays.com\/fr\/339862\/","title":{"rendered":"la Russie revendique la prise de deux villages dans la r\u00e9gion de Donetsk \u2013 L&rsquo;Express"},"content":{"rendered":"<p class=\"paragraph article-body-paragraph article__item   article-body-paragraph--first \">C\u2019est une nouvelle attaque, alors que les dirigeants europ\u00e9ens se sont r\u00e9cemment r\u00e9unis lors d\u2019<a href=\"https:\/\/www.lexpress.fr\/monde\/europe\/ukraine-sommet-trilateral-a-venir-garanties-de-securite-ce-quil-faut-retenir-de-la-reunion-a-SGLI56GI6VDFBOMFISGJZXKNXY\/\" target=\"_blank\" rel=\"noreferrer nofollow noopener\" title=\"https:\/\/www.lexpress.fr\/monde\/europe\/ukraine-sommet-trilateral-a-venir-garanties-de-securite-ce-quil-faut-retenir-de-la-reunion-a-SGLI56GI6VDFBOMFISGJZXKNXY\/\">un sommet \u00e0 Washington<\/a> pour trouver une issue au conflit. Samedi 23\u00a0ao\u00fbt, la Russie a revendiqu\u00e9 la prise des localit\u00e9s de Sredne\u00efe et de Kleban-Byk, deux villages dans la r\u00e9gion de Donetsk, \u00e0 l\u2019est de l\u2019Ukraine.<\/p>\n<p><strong class=\"article-body-link-list__item text-gray-800 article-body-link-list__item--one-item\">LIRE AUSSI : <a class=\"article-body-link-list__item-link\" href=\"https:\/\/www.lexpress.fr\/monde\/europe\/camille-grand-la-russie-ne-doit-pas-avoir-son-mot-a-dire-sur-les-garanties-de-securite-de-lukraine-CFNB4ACOHZAD7M7F4HFV3IFL6A\/\" target=\"_blank\" rel=\"noreferrer nofollow noopener\">Camille Grand : \u00ab\u00a0La Russie ne doit pas avoir son mot \u00e0 dire sur les garanties de s\u00e9curit\u00e9 de l\u2019Ukraine\u00a0\u00bb<\/a><\/strong><\/p>\n<p class=\"paragraph article-body-paragraph article__item   \">La prise de cette derni\u00e8re marque un pas de plus vers la ville de Kostyantynivka, bastion important sur la route de Kramatorsk, qui abrite une grande base logistique de l\u2019arm\u00e9e ukrainienne. Ces derniers mois, l\u2019arm\u00e9e russe a accru <a href=\"https:\/\/www.lexpress.fr\/monde\/europe\/ukraine-la-russie-a-lance-son-attaque-nocturne-la-plus-massive-depuis-le-debut-de-la-guerre-62Y7I2Q5OJHMPNHKJCQ2B5FOEI\/\" target=\"_blank\" rel=\"noreferrer nofollow noopener\" title=\"https:\/\/www.lexpress.fr\/monde\/europe\/ukraine-la-russie-a-lance-son-attaque-nocturne-la-plus-massive-depuis-le-debut-de-la-guerre-62Y7I2Q5OJHMPNHKJCQ2B5FOEI\/\">ses gains territoriaux<\/a> &#8211; elle occupe d\u00e9sormais 20\u00a0% du pays -face \u00e0 des forces ukrainiennes moins nombreuses et moins bien \u00e9quip\u00e9es.<\/p>\n<p>Une rencontre entre les dirigeants ukrainiens et russes<\/p>\n<p class=\"paragraph article-body-paragraph article__item   \">Ces avanc\u00e9es se produisent au moment o\u00f9 la perspective d\u2019<a href=\"https:\/\/www.lexpress.fr\/monde\/europe\/guerre-en-ukraine-la-russie-poursuit-sa-progression-a-lest-du-pays-RUIWTGILEJEKBMZLYPGCZVHDQI\/\" target=\"_blank\" rel=\"noreferrer nofollow noopener\" title=\"https:\/\/www.lexpress.fr\/monde\/europe\/guerre-en-ukraine-la-russie-poursuit-sa-progression-a-lest-du-pays-RUIWTGILEJEKBMZLYPGCZVHDQI\/\">une rencontre entre les pr\u00e9sidents russe et ukrainien<\/a>, Vladimir Poutine et Volodymyr Zelensky, annonc\u00e9e par le dirigeant am\u00e9ricain Donald Trump et visant \u00e0 trouver un r\u00e8glement pacifique du conflit, s\u2019\u00e9loigne.<\/p>\n<p class=\"paragraph article-body-paragraph article__item   \">Le chef de la diplomatie russe, Sergue\u00ef Lavrov, a accus\u00e9 vendredi le pr\u00e9sident ukrainien de bloquer l\u2019organisation d\u2019une \u00e9ventuelle r\u00e9union avec son homologue russe, au lendemain de critiques similaires du dirigeant ukrainien envers Moscou.<\/p>\n<p><strong class=\"article-body-link-list__item text-gray-800 article-body-link-list__item--one-item\">LIRE AUSSI : <a class=\"article-body-link-list__item-link\" href=\"https:\/\/www.lexpress.fr\/idees-et-debats\/toma-istomina-journaliste-ukrainienne-poutine-na-jamais-ete-dans-une-situation-aussi-favorable-KZMBQISU3ZFI7DWYD6CPV22HXM\/\" target=\"_blank\" rel=\"noreferrer nofollow noopener\">Toma Istomina, journaliste ukrainienne : \u00ab\u00a0Poutine n\u2019a jamais \u00e9t\u00e9 dans une situation aussi favorable\u00a0\u00bb<\/a><\/strong><\/p>\n<p class=\"paragraph article-body-paragraph article__item    article__text__endpicto\">Pour sa part, Donald Trump, qui veut trouver rapidement une issue \u00e0 l\u2019assaut russe contre l\u2019Ukraine lanc\u00e9 en 2022 et qui a effectu\u00e9 un rapprochement spectaculaire avec Moscou ces derniers mois pour y arriver, a annonc\u00e9 vendredi se donner \u00ab\u00a0deux semaines\u00a0\u00bb pour d\u00e9cider de sa ligne concernant ce conflit. \u00ab\u00a0Ce sera une d\u00e9cision tr\u00e8s importante, et soit ce seront des sanctions ou des droits de douane massifs [\u2026], soit nous ne ferons rien et dirons\u00a0: C\u2019est votre combat \u00ab\u00a0, a-t-il d\u00e9clar\u00e9.<\/p>\n","protected":false},"excerpt":{"rendered":"C\u2019est une nouvelle attaque, alors que les dirigeants europ\u00e9ens se sont r\u00e9cemment r\u00e9unis lors d\u2019un sommet \u00e0 Washington&hellip;\n","protected":false},"author":2,"featured_media":334453,"comment_status":"","ping_status":"","sticky":false,"template":"","format":"standard","meta":{"footnotes":""},"categories":[1591],"tags":[11,674,1887,74,12,1885,1886,132],"class_list":{"0":"post-339862","1":"post","2":"type-post","3":"status-publish","4":"format-standard","5":"has-post-thumbnail","7":"category-russie","8":"tag-actualites","9":"tag-europe","10":"tag-federation-de-russie","11":"tag-monde","12":"tag-news","13":"tag-russia","14":"tag-russian-federation","15":"tag-russie"},"share_on_mastodon":{"url":"https:\/\/pubeurope.com\/@fr\/115081736725450434","error":""},"_links":{"self":[{"href":"https:\/\/www.europesays.com\/fr\/wp-json\/wp\/v2\/posts\/339862","targetHints":{"allow":["GET"]}}],"collection":[{"href":"https:\/\/www.europesays.com\/fr\/wp-json\/wp\/v2\/posts"}],"about":[{"href":"https:\/\/www.europesays.com\/fr\/wp-json\/wp\/v2\/types\/post"}],"author":[{"embeddable":true,"href":"https:\/\/www.europesays.com\/fr\/wp-json\/wp\/v2\/users\/2"}],"replies":[{"embeddable":true,"href":"https:\/\/www.europesays.com\/fr\/wp-json\/wp\/v2\/comments?post=339862"}],"version-history":[{"count":0,"href":"https:\/\/www.europesays.com\/fr\/wp-json\/wp\/v2\/posts\/339862\/revisions"}],"wp:featuredmedia":[{"embeddable":true,"href":"https:\/\/www.europesays.com\/fr\/wp-json\/wp\/v2\/media\/334453"}],"wp:attachment":[{"href":"https:\/\/www.europesays.com\/fr\/wp-json\/wp\/v2\/media?parent=339862"}],"wp:term":[{"taxonomy":"category","embeddable":true,"href":"https:\/\/www.europesays.com\/fr\/wp-json\/wp\/v2\/categories?post=339862"},{"taxonomy":"post_tag","embeddable":true,"href":"https:\/\/www.europesays.com\/fr\/wp-json\/wp\/v2\/tags?post=339862"}],"curies":[{"name":"wp","href":"https:\/\/api.w.org\/{rel}","templated":true}]}}