{"id":339885,"date":"2025-08-24T04:11:14","date_gmt":"2025-08-24T04:11:14","guid":{"rendered":"https:\/\/www.europesays.com\/fr\/339885\/"},"modified":"2025-08-24T04:11:14","modified_gmt":"2025-08-24T04:11:14","slug":"us-open-musetti-avant-daffronter-mpetshi-perricard-depuis-mon-arrivee-je-me-suis-entraine-trois-jours-avec-draper-alcaraz-et-rune-jai-de-bonnes-sensations-surtout-physiquement","status":"publish","type":"post","link":"https:\/\/www.europesays.com\/fr\/339885\/","title":{"rendered":"US Open > Musetti, avant d&rsquo;affronter Mpetshi Perricard : \u00ab\u00a0Depuis mon arriv\u00e9e, je me suis entra\u00een\u00e9 trois jours avec Draper, Alcaraz et Rune. J&rsquo;ai de bonnes sensations, surtout physiquement\u00a0\u00bb"},"content":{"rendered":"<p>En grande forme lors de la saison sur terre battue avec une finale \u00e0 Monte\u2010Carlo, un dernier carr\u00e9 \u00e0 Rome et Roland\u2010Garros, Lorenzo Musetti a eu du mal \u00e0 encha\u00eener apr\u00e8s son abandon contre Carlos Alcaraz \u00e0 la Porte d\u2019Auteuil. Depuis, le dixi\u00e8me joueur mondial n\u2019a plus r\u00e9ussi \u00e0 aligner deux succ\u00e8s cons\u00e9\u00adcu\u00adtifs sur les tour\u00adnois o\u00f9 il \u00e9tait align\u00e9.\u00a0<\/p>\n<p>Oppos\u00e9 \u00e0 Giovanni Mpetshi Perricard pour son entr\u00e9e en lice, l\u2019Italien s\u2019est voulu rassu\u00adrant sur son \u00e9tat de forme en conf\u00e9\u00adrence de presse d\u2019avant\u2010tournoi.\u00a0<\/p>\n<p><strong>\u00ab\u202fJ\u2019ai toujours \u00e9t\u00e9 un joueur qui a besoin de conti\u00adnuit\u00e9. Quand je suis dans le rythme des matchs, je suis plus perfor\u00admant. L\u2019arr\u00eat m\u2019a priv\u00e9 de cette moti\u00adva\u00adtion. Je n\u2019ai pas dig\u00e9r\u00e9 d\u2019\u00eatre arriv\u00e9 \u00e0 Wimbledon affaibli par un virus, alors que j\u2019avais tout fait pour me pr\u00e9parer. La t\u00eate est le muscle le plus diffi\u00adcile \u00e0 entra\u00eener\u00a0: parfois, il faut simple\u00adment accepter les moments diffi\u00adciles et aller de l\u2019avant. Depuis mon arriv\u00e9e, je me suis entra\u00een\u00e9 trois jours avec Draper, Alcaraz et Rune. Cela m\u2019a aid\u00e9 \u00e0 \u00e9lever mon niveau. Les condi\u00adtions ici sont plus favo\u00adrables au jeu qu\u2019\u00e0 Toronto ou Cincinnati, o\u00f9 il \u00e9tait diffi\u00adcile d\u2019ex\u00adprimer son tennis. Ici, en revanche, il est possible de varier davan\u00adtage, ce qui me favo\u00adrise. J\u2019ai de bonnes sensa\u00adtions, surtout physi\u00adque\u00adment\u202f\u00bb<\/strong>, a indiqu\u00e9 le m\u00e9daill\u00e9 de bronze aux Jeux de Paris, dans des propos relay\u00e9s par <a href=\"https:\/\/www.ubitennis.com\/blog\/2025\/08\/23\/us-open-musetti-i-successi-in-doppio-mi-hanno-fatto-ritrovare-continuita\/#goog_rewarded\" data-wpel-link=\"external\" target=\"_blank\" rel=\"nofollow external noopener\">Ubitennis<\/a>.<\/p>\n<p class=\"post-published-date\" style=\"color: silver; font-size: 75%; text-align: left;\">Publi\u00e9 le samedi 23 ao\u00fbt 2025 \u00e0 18:50<\/p>\n","protected":false},"excerpt":{"rendered":"En grande forme lors de la saison sur terre battue avec une finale \u00e0 Monte\u2010Carlo, un dernier carr\u00e9&hellip;\n","protected":false},"author":2,"featured_media":339886,"comment_status":"","ping_status":"","sticky":false,"template":"","format":"standard","meta":{"footnotes":""},"categories":[1415],"tags":[1744,4388,1011,27,60,1467],"class_list":{"0":"post-339885","1":"post","2":"type-post","3":"status-publish","4":"format-standard","5":"has-post-thumbnail","7":"category-tennis","8":"tag-alcaraz","9":"tag-draper","10":"tag-fr","11":"tag-france","12":"tag-sports","13":"tag-tennis"},"share_on_mastodon":{"url":"https:\/\/pubeurope.com\/@fr\/115081791600708724","error":""},"_links":{"self":[{"href":"https:\/\/www.europesays.com\/fr\/wp-json\/wp\/v2\/posts\/339885","targetHints":{"allow":["GET"]}}],"collection":[{"href":"https:\/\/www.europesays.com\/fr\/wp-json\/wp\/v2\/posts"}],"about":[{"href":"https:\/\/www.europesays.com\/fr\/wp-json\/wp\/v2\/types\/post"}],"author":[{"embeddable":true,"href":"https:\/\/www.europesays.com\/fr\/wp-json\/wp\/v2\/users\/2"}],"replies":[{"embeddable":true,"href":"https:\/\/www.europesays.com\/fr\/wp-json\/wp\/v2\/comments?post=339885"}],"version-history":[{"count":0,"href":"https:\/\/www.europesays.com\/fr\/wp-json\/wp\/v2\/posts\/339885\/revisions"}],"wp:featuredmedia":[{"embeddable":true,"href":"https:\/\/www.europesays.com\/fr\/wp-json\/wp\/v2\/media\/339886"}],"wp:attachment":[{"href":"https:\/\/www.europesays.com\/fr\/wp-json\/wp\/v2\/media?parent=339885"}],"wp:term":[{"taxonomy":"category","embeddable":true,"href":"https:\/\/www.europesays.com\/fr\/wp-json\/wp\/v2\/categories?post=339885"},{"taxonomy":"post_tag","embeddable":true,"href":"https:\/\/www.europesays.com\/fr\/wp-json\/wp\/v2\/tags?post=339885"}],"curies":[{"name":"wp","href":"https:\/\/api.w.org\/{rel}","templated":true}]}}