{"id":339888,"date":"2025-08-24T04:14:10","date_gmt":"2025-08-24T04:14:10","guid":{"rendered":"https:\/\/www.europesays.com\/fr\/339888\/"},"modified":"2025-08-24T04:14:10","modified_gmt":"2025-08-24T04:14:10","slug":"lol-enchaine-face-a-metz-et-rejoint-le-psg-en-tete-eurosport","status":"publish","type":"post","link":"https:\/\/www.europesays.com\/fr\/339888\/","title":{"rendered":"L&#039;OL encha\u00eene face \u00e0 Metz et rejoint le PSG en t\u00eate &#8211; Eurosport"},"content":{"rendered":"<ol>\n<li><a href=\"https:\/\/news.google.com\/rss\/articles\/CBMi-wFBVV95cUxNc2ljWkFacjloeWVIMGdyZTVpMFR6aVhxVElacE1vTThUSUtFZ1Vxb1hRUFVYZEgweGJidS1QVWxWVVQ1alBicG9td3JmbVZEMldoeGpqdndTVFhHUEVYN1VsYzBHMFhwamE0NXdpNUFrcmtYMjEyeDJQcWpxTG1PcTM3M3p6clo4eC1xMnI1cUVRc0Q3N2hNMVpEZUljMFZMWENDQmlxT3FsQTRNY2JIZFhoY18tOW5rZnlLbXQwdHBJRXY4NzlYVEFJTW9mclhlZ3FxblljUjhHenJaTTl3bXdtd0U2d3ctVk93emhtQWJIYzdocWJwVjZKSQ?oc=5\" target=\"_blank\" rel=\"nofollow noopener\">L&rsquo;OL encha\u00eene face \u00e0 Metz et rejoint le PSG en t\u00eate<\/a>&nbsp;&nbsp;Eurosport<\/li>\n<li><a href=\"https:\/\/news.google.com\/rss\/articles\/CBMijAJBVV95cUxPR2owZUh4aWxiSkRaVDkxU2NuSjlSZHFHdnhtWFAtZTNzNXgzRWc1SkFiZlZHWDdIbFRXWTlONGgtTDhVb3JSM1gxZ2R6S013ekc0V1dDYWVxZFYwV2RSazAyeGt2NnJKUmZXTXFnc0IxY200RHBmOUlTaHpKd3gwTFd5cy0xV2V4TGZLa0VkUk8wbWE1dUlKZ18yeWEtdlg3ZXUyUUdZcUJiaGNoX2ZzRmJPbTI4Zm9XYjd4SnE4S2NETjcwNzhZNlA3M3d1X2RfdGRUNUlsenBtOGdDY2M1NGUxMWF5QTBTZTU1UWJLU3hCYVFlODRLcEZITnZEZkFZOWNpdkZhWnFad3lL?oc=5\" target=\"_blank\" rel=\"nofollow noopener\">\u00ab\u00a0On est r\u00e9compens\u00e9 de tout ce qu&rsquo;on a pu faire\u00a0\u00bb : pour Lyon, une entame id\u00e9ale et paradoxale<\/a>&nbsp;&nbsp;Eurosport<\/li>\n<li><a href=\"https:\/\/news.google.com\/rss\/articles\/CBMiyAFBVV95cUxPeExSWVZhR0N4eExSNzZiTmp0MG9ZWWwtSDJndjZqVndQTnYwZ01faVhWWldkVEphSW1KSFpaSVAtUEwyaGRWN3VVcGc3Zi1YLWltcEpJTWNVMU5XMFZzVUVlR2FwMFlvd1RaSWdwT2duUERqNmZwX1lVcEltcHVXcDVfV0ZpT0M2RjlsdjBFMUYxNFZOdVU0cUxwSlMxM2o3VnZsQ0h4eS02bnpFOEFFM1o5T3psdVhwa0VmN3lPM3hFYXltZ21BWg?oc=5\" target=\"_blank\" rel=\"nofollow noopener\">Football &#8211; Ligue 1. OL : Fofana en dynamiteur, Morton en m\u00e9tronome&#8230; Les notes de la d\u00e9monstration face \u00e0 Metz<\/a>&nbsp;&nbsp;Le Dauphin\u00e9 Lib\u00e9r\u00e9<\/li>\n<li><a href=\"https:\/\/news.google.com\/rss\/articles\/CBMi5gFBVV95cUxPOFJuMjA4b2RlTEhtVmdST2YxeHBhcHBCZTNwbVJ6SGZGbVNWbURoN2Y2bVN0SHZ3VFg5c0daTVBrZHZta21wb2ZFSWl0M1NLZE5lTUt0UjNMQlRZdXRfNng4TEZsN0l3dXdmMmtvWmtiamV1bHBzaWR0Umh4NHI4cmp3SjFQWVZMVEJPa0ZtMDZXMG1XdEV1eFpDZVMxRjB3Z05DcEY2anQ1N0NfYndSVDFlWE82ZjJkaGJSLVFRRGotSUdJT000aVhFRmtNZmhMbGktV1dBaXdhclpRNjBTeFZzQ2lVdw?oc=5\" target=\"_blank\" rel=\"nofollow noopener\">OL &#8211; FC Metz : D\u00e9but de saison id\u00e9al pour l&rsquo;OL qui s&rsquo;impose (3-0) contre Me\u2026<\/a>&nbsp;&nbsp;20 Minutes<\/li>\n<li><a href=\"https:\/\/news.google.com\/rss\/articles\/CBMiuAFBVV95cUxQUnNDWnNWOWd3TndmNnBzTG5xaS01SWxMMjVlZzVabnFkSmkzM3FtU29QS3lqSXZTRE9JV3hET1BYU2lERlFIcWFZdVZERmxZbGFuV0h2d1dydGZjRmNObF84M0JieDZjQjdwaHluR0ljRm9zVDZPNGxrR0pMWnhHdE1wemdNTjFnelFpM1JaYUZJekdnUUpXS2NoQkFyMzNqT0FkWVdETUhtRGJMd3pDVEpUdktnblli?oc=5\" target=\"_blank\" rel=\"nofollow noopener\">Ligue 1 : Lyon surclasse Metz gr\u00e2ce \u00e0 Mikautadze, Fofana et ses recrues !<\/a>&nbsp;&nbsp;Foot Mercato<\/li>\n<\/ol>\n","protected":false},"excerpt":{"rendered":"L&rsquo;OL encha\u00eene face \u00e0 Metz et rejoint le PSG en t\u00eate&nbsp;&nbsp;Eurosport \u00ab\u00a0On est r\u00e9compens\u00e9 de tout ce qu&rsquo;on&hellip;\n","protected":false},"author":2,"featured_media":1445,"comment_status":"","ping_status":"","sticky":false,"template":"","format":"standard","meta":{"footnotes":""},"categories":[1412],"tags":[1451,1452,1453,1454,1455,1011,27,60],"class_list":{"0":"post-339888","1":"post","2":"type-post","3":"status-publish","4":"format-standard","5":"has-post-thumbnail","7":"category-f1","8":"tag-f1","9":"tag-formula-1","10":"tag-formula1","11":"tag-formule-1","12":"tag-formule1","13":"tag-fr","14":"tag-france","15":"tag-sports"},"share_on_mastodon":{"url":"https:\/\/pubeurope.com\/@fr\/115081803568198140","error":""},"_links":{"self":[{"href":"https:\/\/www.europesays.com\/fr\/wp-json\/wp\/v2\/posts\/339888","targetHints":{"allow":["GET"]}}],"collection":[{"href":"https:\/\/www.europesays.com\/fr\/wp-json\/wp\/v2\/posts"}],"about":[{"href":"https:\/\/www.europesays.com\/fr\/wp-json\/wp\/v2\/types\/post"}],"author":[{"embeddable":true,"href":"https:\/\/www.europesays.com\/fr\/wp-json\/wp\/v2\/users\/2"}],"replies":[{"embeddable":true,"href":"https:\/\/www.europesays.com\/fr\/wp-json\/wp\/v2\/comments?post=339888"}],"version-history":[{"count":0,"href":"https:\/\/www.europesays.com\/fr\/wp-json\/wp\/v2\/posts\/339888\/revisions"}],"wp:featuredmedia":[{"embeddable":true,"href":"https:\/\/www.europesays.com\/fr\/wp-json\/wp\/v2\/media\/1445"}],"wp:attachment":[{"href":"https:\/\/www.europesays.com\/fr\/wp-json\/wp\/v2\/media?parent=339888"}],"wp:term":[{"taxonomy":"category","embeddable":true,"href":"https:\/\/www.europesays.com\/fr\/wp-json\/wp\/v2\/categories?post=339888"},{"taxonomy":"post_tag","embeddable":true,"href":"https:\/\/www.europesays.com\/fr\/wp-json\/wp\/v2\/tags?post=339888"}],"curies":[{"name":"wp","href":"https:\/\/api.w.org\/{rel}","templated":true}]}}