{"id":339889,"date":"2025-08-24T04:15:31","date_gmt":"2025-08-24T04:15:31","guid":{"rendered":"https:\/\/www.europesays.com\/fr\/339889\/"},"modified":"2025-08-24T04:15:31","modified_gmt":"2025-08-24T04:15:31","slug":"tour-de-lavenir-paul-seixas-remporte-le-prologue","status":"publish","type":"post","link":"https:\/\/www.europesays.com\/fr\/339889\/","title":{"rendered":"Tour de l&rsquo;Avenir : Paul Seixas remporte le prologue"},"content":{"rendered":"<p style=\"text-align: justify;\"><a href=\"https:\/\/www.velo101.com\/courses\/championnat-du-monde-cyclisme\/paul-seixas-champion-du-monde-du-clm-juniors\/\" rel=\"nofollow noopener\" target=\"_blank\">Paul Seixas<\/a> (France) a remport\u00e9, ce samedi, le prologue du Tour de l\u2019Avenir 2025. Au terme de ces 3 kilom\u00e8tres de course \u00e0 7,9% de pente moyenne, le Fran\u00e7ais a sign\u00e9 le meilleur temps en 7:19\u2033, \u00e0 plus de 24,5 km\/h de moyenne. Il devance Lorenzo Finn (Italie) pour moins d\u2019une seconde et Marco Schrettl (Autriche), qui compl\u00e8te le podium \u00e0 07\u2033. Pour sa premi\u00e8re course chez les Espoirs et pour son retour \u00e0 la comp\u00e9tition, Paul Seixas s\u2019empare du premier maillot jaune de ce Tour de l\u2019Avenir.<\/p>\n<blockquote class=\"twitter-tweet\" data-media-max-width=\"560\">\n<p dir=\"ltr\" lang=\"fr\">\ud83c\uddeb\ud83c\uddf7 <a href=\"https:\/\/twitter.com\/tourdelavenir?ref_src=twsrc%5Etfw\" rel=\"nofollow noopener\" target=\"_blank\">@tourdelavenir<\/a> \u2013 Prologue<\/p>\n<p>\ud83e\udd47 <a href=\"https:\/\/twitter.com\/seixas_paul?ref_src=twsrc%5Etfw\" rel=\"nofollow noopener\" target=\"_blank\">@seixas_paul<\/a> ne pouvait pas r\u00eaver mieux pour lancer ces 7 jours de course \ud83d\udc4a\ud83c\udffb Une victoire arrach\u00e9e pour 7 dixi\u00e8mes de secondes qui lui permet d\u2019endosser le maillot de leader d\u00e8s la premi\u00e8re \u00e9tape ! Bravo Paul \ud83e\udd29<\/p>\n<p>\ud83e\udd47 What a way to kick off the\u2026 <a href=\"https:\/\/t.co\/nXhZSDnXIW\" rel=\"nofollow\">pic.twitter.com\/nXhZSDnXIW<\/a><\/p>\n<p>\u2014 DECATHLON AG2R LA MONDIALE TEAM (@decathlonAG2RLM) <a href=\"https:\/\/twitter.com\/decathlonAG2RLM\/status\/1959304433478648040?ref_src=twsrc%5Etfw\" rel=\"nofollow noopener\" target=\"_blank\">August 23, 2025<\/a><\/p>\n<\/blockquote>\n<p>Le classement du prologue du Tour de l\u2019Avenir<\/p>\n<ol>\n<li>Paul Seixas<\/li>\n<li>Lorenzo Finn<\/li>\n<li>Marco Schrettl<\/li>\n<\/ol>\n<p>Results powered by <a title=\"FirstCycling.com\" href=\"https:\/\/firstcycling.com\/race.php?r=44&amp;y=2025\" rel=\"nofollow noopener\" target=\"_blank\">FirstCycling.com<\/a><\/p>\n<p><img fetchpriority=\"high\" decoding=\"async\" aria-describedby=\"caption-attachment-184566\" class=\"wp-image-184566 size-full\" src=\"data:image\/svg+xml,%3Csvg%20xmlns=\" http:=\"\" alt=\"\" width=\"1002\" height=\"673\" data-lazy- data-lazy- data-lazy-src=\"https:\/\/www.europesays.com\/fr\/wp-content\/uploads\/2025\/08\/Seixas-baal.png\"\/><\/p>\n<p id=\"caption-attachment-184566\" class=\"wp-caption-text\">Cr\u00e9dit : X \/ Daniel Baal<\/p>\n<p>                        <script async src=\"https:\/\/platform.twitter.com\/widgets.js\" charset=\"utf-8\"><\/script><\/p>\n","protected":false},"excerpt":{"rendered":"Paul Seixas (France) a remport\u00e9, ce samedi, le prologue du Tour de l\u2019Avenir 2025. Au terme de ces&hellip;\n","protected":false},"author":2,"featured_media":339890,"comment_status":"","ping_status":"","sticky":false,"template":"","format":"standard","meta":{"footnotes":""},"categories":[1411],"tags":[1154,207,1011,27,60],"class_list":{"0":"post-339889","1":"post","2":"type-post","3":"status-publish","4":"format-standard","5":"has-post-thumbnail","7":"category-cyclisme","8":"tag-cycling","9":"tag-cyclisme","10":"tag-fr","11":"tag-france","12":"tag-sports"},"share_on_mastodon":{"url":"https:\/\/pubeurope.com\/@fr\/115081807412908964","error":""},"_links":{"self":[{"href":"https:\/\/www.europesays.com\/fr\/wp-json\/wp\/v2\/posts\/339889","targetHints":{"allow":["GET"]}}],"collection":[{"href":"https:\/\/www.europesays.com\/fr\/wp-json\/wp\/v2\/posts"}],"about":[{"href":"https:\/\/www.europesays.com\/fr\/wp-json\/wp\/v2\/types\/post"}],"author":[{"embeddable":true,"href":"https:\/\/www.europesays.com\/fr\/wp-json\/wp\/v2\/users\/2"}],"replies":[{"embeddable":true,"href":"https:\/\/www.europesays.com\/fr\/wp-json\/wp\/v2\/comments?post=339889"}],"version-history":[{"count":0,"href":"https:\/\/www.europesays.com\/fr\/wp-json\/wp\/v2\/posts\/339889\/revisions"}],"wp:featuredmedia":[{"embeddable":true,"href":"https:\/\/www.europesays.com\/fr\/wp-json\/wp\/v2\/media\/339890"}],"wp:attachment":[{"href":"https:\/\/www.europesays.com\/fr\/wp-json\/wp\/v2\/media?parent=339889"}],"wp:term":[{"taxonomy":"category","embeddable":true,"href":"https:\/\/www.europesays.com\/fr\/wp-json\/wp\/v2\/categories?post=339889"},{"taxonomy":"post_tag","embeddable":true,"href":"https:\/\/www.europesays.com\/fr\/wp-json\/wp\/v2\/tags?post=339889"}],"curies":[{"name":"wp","href":"https:\/\/api.w.org\/{rel}","templated":true}]}}