{"id":339893,"date":"2025-08-24T04:17:10","date_gmt":"2025-08-24T04:17:10","guid":{"rendered":"https:\/\/www.europesays.com\/fr\/339893\/"},"modified":"2025-08-24T04:17:10","modified_gmt":"2025-08-24T04:17:10","slug":"son-ex-pierre-jean-cabrieres-annonce-la-grossesse-de-sa-nouvelle-femme","status":"publish","type":"post","link":"https:\/\/www.europesays.com\/fr\/339893\/","title":{"rendered":"son ex Pierre-Jean Cabrieres annonce la grossesse de sa nouvelle femme"},"content":{"rendered":"<p>En couple depuis 2017, Julie Ricci et Pierre-Jean Cabrieres se sont mari\u00e9s et ont deux adorables gar\u00e7ons. Mais apr\u00e8s plusieurs ann\u00e9es d\u2019amour, <strong>les jeunes parents ont fini par annoncer leur rupture en 2022 via un communiqu\u00e9 sur les r\u00e9seaux sociaux.<\/strong> Si la belle brune a connu quelques histoires d\u00e9cevantes, son ex compagnon a \u00e9galement refait sa vie avec une certaine Elisa.<\/p>\n<p>Au cours d\u2019une interview accord\u00e9e \u00e0 Sam Zirah, le Youtubeur \u00e9tait notamment revenu sur sa rupture avec Julie Ricci qui avait un rapport avec l\u2019\u00e9ducation de leurs enfants. <strong>\u00a0\u00ab\u00a0C&rsquo;est aussi ce qui a fait qu&rsquo;on s&rsquo;est rendu compte que c&rsquo;est pour \u00e7a aussi que \u00e7a ne marchait plus parce qu&rsquo;on n&rsquo;avait pas la m\u00eame vision par rapport \u00e0 l&rsquo;\u00e9ducation. Et je pense que j&rsquo;\u00e9tais beaucoup plus dur qu&rsquo;elle\u00a0\u00bb<\/strong>, a expliqu\u00e9 Pierre-Jean Cabrieres.<\/p>\n<p>Mais lorsque le jeune papa a d\u00e9cid\u00e9 de d\u00e9m\u00e9nager \u00e0 Malte, Julie Ricci a accept\u00e9 que les gar\u00e7ons le suivent dans un premier temps. D\u2019un point de vue \u00e9ducatif, cela permettait \u00e0 ses fils d\u2019apprendre plusieurs langues et de voir du monde. Finalement, <strong>Julie Ricci a r\u00e9cup\u00e9r\u00e9 leur garde en mai dernier apr\u00e8s seulement quelques mois de s\u00e9paration.<\/strong> Toutefois, pas de clash en vue puisque les anciens \u00e9poux ont chang\u00e9 de plan pour le bien-\u00eatre de Gianni et Giovann qui avaient besoin d\u2019\u00eatre plus proches de leur maman.<\/p>\n<p>De son c\u00f4t\u00e9, <a href=\"https:\/\/www.public.fr\/julie-ricci-son-ex-en-route-pour-le-mariage-les-internautes-extremement-surpris\" rel=\"nofollow noopener\" target=\"_blank\">Pierre-Jean Cabrieres a confirm\u00e9 les doutes des internautes en d\u00e9voilant les images de son mariage avec Elisa <\/a>le 7 ao\u00fbt dernier. Et comme une bonne nouvelle n\u2019arrive jamais seul, le Youtubeur est arriv\u00e9 avec une autre annonce ce samedi 23 ao\u00fbt.<\/p>\n<p>Bient\u00f4t le retour des couches pour PJ<\/p>\n<p>La cigogne va bient\u00f4t revenir du c\u00f4t\u00e9 de Pierre-Jean Cabrieres. C\u2019est du moins ce que lui et sa compagne ont confirm\u00e9 par le biais d\u2019un montage vid\u00e9o des deux tourtereaux o\u00f9 l\u2019on aper\u00e7oit une \u00e9chographie mais aussi le ventre bien arrondi de la future maman.<\/p>\n<p>Quelques heures apr\u00e8s avoir partag\u00e9 cet heureux \u00e9v\u00e8nement, Elisa s\u2019est exprim\u00e9e en story Instagram et a d\u00e9clar\u00e9\u00a0: \u00ab\u00a0Voil\u00e0 vous savez tout (\u2026) la raison de mon absence c\u2019\u00e9tait aussi et surtout de la fatigue. J\u2019ai eu un premier trimestre assez \u00e9prouvant\u00a0\u00bb. La jeune femme a ajout\u00e9\u00a0: <strong>\u00ab\u00a0on ne voulait pas en parler mais on ne pouvait plus vous le cacher, j\u2019en suis \u00e0 mon quatri\u00e8me mois (\u2026) on est tr\u00e8s heureux, tr\u00e8s ravis, c\u2019est ce qu\u2019on voulait\u00a0\u00bb. <\/strong><\/p>\n<p>Ravie de la pr\u00e9sence de ses beaux fils, Elisa a notamment fait part de sa joie de bient\u00f4t former une belle famille recompos\u00e9e avec les gar\u00e7ons ainsi que son mari et leur enfant \u00e0 na\u00eetre. Le bout de chou devrait na\u00eetre en f\u00e9vrier prochain. En revanche le sexe de l\u2019enfant n\u2019a pas encore \u00e9t\u00e9 pr\u00e9cis\u00e9.<\/p>\n<p>      Mentionn\u00e9s dans cet article<\/p>\n<p>      Sur le m\u00eame sujet<\/p>\n","protected":false},"excerpt":{"rendered":"En couple depuis 2017, Julie Ricci et Pierre-Jean Cabrieres se sont mari\u00e9s et ont deux adorables gar\u00e7ons. Mais&hellip;\n","protected":false},"author":2,"featured_media":339894,"comment_status":"","ping_status":"","sticky":false,"template":"","format":"standard","meta":{"footnotes":""},"categories":[1359],"tags":[58,59,1011,27,47605,973],"class_list":{"0":"post-339893","1":"post","2":"type-post","3":"status-publish","4":"format-standard","5":"has-post-thumbnail","7":"category-people","8":"tag-divertissement","9":"tag-entertainment","10":"tag-fr","11":"tag-france","12":"tag-julie-ricci","13":"tag-people"},"share_on_mastodon":{"url":"https:\/\/pubeurope.com\/@fr\/115081815292711202","error":""},"_links":{"self":[{"href":"https:\/\/www.europesays.com\/fr\/wp-json\/wp\/v2\/posts\/339893","targetHints":{"allow":["GET"]}}],"collection":[{"href":"https:\/\/www.europesays.com\/fr\/wp-json\/wp\/v2\/posts"}],"about":[{"href":"https:\/\/www.europesays.com\/fr\/wp-json\/wp\/v2\/types\/post"}],"author":[{"embeddable":true,"href":"https:\/\/www.europesays.com\/fr\/wp-json\/wp\/v2\/users\/2"}],"replies":[{"embeddable":true,"href":"https:\/\/www.europesays.com\/fr\/wp-json\/wp\/v2\/comments?post=339893"}],"version-history":[{"count":0,"href":"https:\/\/www.europesays.com\/fr\/wp-json\/wp\/v2\/posts\/339893\/revisions"}],"wp:featuredmedia":[{"embeddable":true,"href":"https:\/\/www.europesays.com\/fr\/wp-json\/wp\/v2\/media\/339894"}],"wp:attachment":[{"href":"https:\/\/www.europesays.com\/fr\/wp-json\/wp\/v2\/media?parent=339893"}],"wp:term":[{"taxonomy":"category","embeddable":true,"href":"https:\/\/www.europesays.com\/fr\/wp-json\/wp\/v2\/categories?post=339893"},{"taxonomy":"post_tag","embeddable":true,"href":"https:\/\/www.europesays.com\/fr\/wp-json\/wp\/v2\/tags?post=339893"}],"curies":[{"name":"wp","href":"https:\/\/api.w.org\/{rel}","templated":true}]}}