{"id":339895,"date":"2025-08-24T04:18:09","date_gmt":"2025-08-24T04:18:09","guid":{"rendered":"https:\/\/www.europesays.com\/fr\/339895\/"},"modified":"2025-08-24T04:18:09","modified_gmt":"2025-08-24T04:18:09","slug":"le-plus-grand-catalogue-doeuvres-de-henri-matisse-repertorie-42-tableaux-peints-en-corse","status":"publish","type":"post","link":"https:\/\/www.europesays.com\/fr\/339895\/","title":{"rendered":"le plus grand catalogue d&rsquo;\u0153uvres de Henri Matisse r\u00e9pertorie 42 tableaux peints en Corse"},"content":{"rendered":"<p>\u00ab\u00a0C&rsquo;est \u00e0 Ajaccio que j&rsquo;ai eu mon grand \u00e9merveillement pour le sud que je ne connaissais pas encore.\u00a0Bient\u00f4t me vint comme une r\u00e9v\u00e9lation, l&rsquo;amour des mat\u00e9riaux pour eux-m\u00eames.\u00a0Je sentis se d\u00e9velopper en moi la passion de la couleur.\u00a0\u00bb<\/p>\n<p><strong>En f\u00e9vrier\u00a01898, Henri Matisse et son \u00e9pouse Am\u00e9lie d\u00e9barquent \u00e0 Ajaccio.<\/strong> Ils y resteront six mois. Six mois pendant lesquels l&rsquo;artiste peindra fr\u00e9n\u00e9tiquement, fou de la lumi\u00e8re et des couleurs du sud qu&rsquo;il d\u00e9couvre alors.<\/p>\n<p><a href=\"https:\/\/www.corsematin.com\/articles\/matisse-au-musee-de-la-corse-une-exposition-merveilleuse-119223\" target=\"_blank\" rel=\"noopener\">En 2021, le Mus\u00e9e de la Corse de Corte organisait une grande exposition<\/a> \u00e0 la suite de l&rsquo;acquisition par la Collectivit\u00e9 de Corse de La mer en Corse, Le Scoud, peint pendant cette p\u00e9riode. En tout, une vingtaine d&rsquo;\u0153uvres avaient \u00e9t\u00e9 r\u00e9unies pour l&rsquo;occasion, certaines venant de tr\u00e8s loin.<\/p>\n<p>Vingt tableaux donc, \u00ab\u00a0mais d&rsquo;apr\u00e8s une lettre \u00e9crite par Am\u00e9lie, il en aurait peint 55\u00a0\u00bb, confie Fran\u00e7ois Blondel.<\/p>\n<p>Entre 700 et 800 tableaux sont rapidement trouv\u00e9s, pour 1\u00a0413 au total<\/p>\n<p>\u00c0 69 ans, l&rsquo;ancien chef d&rsquo;entreprise est d\u00e9sormais historien de l&rsquo;art et patron d&rsquo;une maison d&rsquo;\u00e9dition sp\u00e9cialis\u00e9e dans ce domaine. \u00ab\u00a0Je suis \u00e9galement collectionneur et passionn\u00e9 par Albert Marquet et Henri Matisse. En 2018, j&rsquo;ai publi\u00e9 une monographie de Marquet. Et il y a &#8230;<\/p>\n","protected":false},"excerpt":{"rendered":"\u00ab\u00a0C&rsquo;est \u00e0 Ajaccio que j&rsquo;ai eu mon grand \u00e9merveillement pour le sud que je ne connaissais pas encore.\u00a0Bient\u00f4t&hellip;\n","protected":false},"author":2,"featured_media":339896,"comment_status":"","ping_status":"","sticky":false,"template":"","format":"standard","meta":{"footnotes":""},"categories":[1358],"tags":[17,3734,1348,1384,1385,47606,1687,47607,1386,58,59,1011,27,2515,6553,47608,378],"class_list":{"0":"post-339895","1":"post","2":"type-post","3":"status-publish","4":"format-standard","5":"has-post-thumbnail","7":"category-arts-et-design","8":"tag-17","9":"tag-art","10":"tag-arts","11":"tag-arts-and-design","12":"tag-arts-et-design","13":"tag-catalogue","14":"tag-culture-loisirs","15":"tag-doeuvres","16":"tag-design","17":"tag-divertissement","18":"tag-entertainment","19":"tag-fr","20":"tag-france","21":"tag-grand","22":"tag-henri","23":"tag-matisse","24":"tag-plus"},"share_on_mastodon":{"url":"https:\/\/pubeurope.com\/@fr\/115081819165843755","error":""},"_links":{"self":[{"href":"https:\/\/www.europesays.com\/fr\/wp-json\/wp\/v2\/posts\/339895","targetHints":{"allow":["GET"]}}],"collection":[{"href":"https:\/\/www.europesays.com\/fr\/wp-json\/wp\/v2\/posts"}],"about":[{"href":"https:\/\/www.europesays.com\/fr\/wp-json\/wp\/v2\/types\/post"}],"author":[{"embeddable":true,"href":"https:\/\/www.europesays.com\/fr\/wp-json\/wp\/v2\/users\/2"}],"replies":[{"embeddable":true,"href":"https:\/\/www.europesays.com\/fr\/wp-json\/wp\/v2\/comments?post=339895"}],"version-history":[{"count":0,"href":"https:\/\/www.europesays.com\/fr\/wp-json\/wp\/v2\/posts\/339895\/revisions"}],"wp:featuredmedia":[{"embeddable":true,"href":"https:\/\/www.europesays.com\/fr\/wp-json\/wp\/v2\/media\/339896"}],"wp:attachment":[{"href":"https:\/\/www.europesays.com\/fr\/wp-json\/wp\/v2\/media?parent=339895"}],"wp:term":[{"taxonomy":"category","embeddable":true,"href":"https:\/\/www.europesays.com\/fr\/wp-json\/wp\/v2\/categories?post=339895"},{"taxonomy":"post_tag","embeddable":true,"href":"https:\/\/www.europesays.com\/fr\/wp-json\/wp\/v2\/tags?post=339895"}],"curies":[{"name":"wp","href":"https:\/\/api.w.org\/{rel}","templated":true}]}}