{"id":339915,"date":"2025-08-24T04:29:21","date_gmt":"2025-08-24T04:29:21","guid":{"rendered":"https:\/\/www.europesays.com\/fr\/339915\/"},"modified":"2025-08-24T04:29:21","modified_gmt":"2025-08-24T04:29:21","slug":"on-vous-souhaite-ne-jamais-vivre-la-meme-chose-le-temoignage-poignant-de-ces-soldats-ukrainiens-gravement-blesses-et-soignes-a-brest","status":"publish","type":"post","link":"https:\/\/www.europesays.com\/fr\/339915\/","title":{"rendered":"\u00ab\u00a0On vous souhaite ne jamais vivre la m\u00eame chose\u00a0\u00bb\u00a0: le t\u00e9moignage poignant de ces soldats ukrainiens gravement bless\u00e9s et soign\u00e9s \u00e0 Brest"},"content":{"rendered":"<p>\u00ab\u00a0Il y aurait des livres \u00e0 \u00e9crire sur l\u2019histoire de chacun de ces soldats\u00a0\u00bb, glisse <a href=\"https:\/\/www.letelegramme.fr\/finistere\/brest-29200\/maintenir-la-pression-pour-un-cessez-le-feu-a-brest-iroise-ukraine-est-toujours-mobilisee-en-attendant-la-paix-6874973.php\" target=\"_blank\" rel=\"noopener\">Christophe Gal\u00e8s, copr\u00e9sident de l\u2019association Iroise-Ukraine<\/a>. Celles de Kostiantyn et Oleksandr en m\u00e9riteraient assur\u00e9ment. \u00c0 l\u2019occasion de la F\u00eate de l\u2019ind\u00e9pendance, c\u00e9l\u00e9br\u00e9e place de la Libert\u00e9 ce samedi 23 ao\u00fbt 2025, ces deux combattants ukrainiens, gravement bless\u00e9s pendant la guerre face \u00e0 la Russie, ont livr\u00e9 leurs t\u00e9moignages \u00e0 Brest, o\u00f9 ils sont soign\u00e9s \u00e0 l\u2019H\u00f4pital d\u2019instruction des arm\u00e9es (HIA).<\/p>\n<p><img decoding=\"async\" src=\"https:\/\/www.europesays.com\/fr\/wp-content\/uploads\/2025\/08\/68a9ec69dcfd79b2460cc3d9.1.jpeg\" width=\"480\" height=\"300\" class=\"web_golden_m\" loading=\"lazy\" alt=\"Symboliquement, un homme drap\u00e9 aux couleurs de l\u2019Union europ\u00e9enne tend un drapeau ukrainien \u00e0 une danseuse, ce samedi 23\u00a0ao\u00fbt 2025, place de la Libert\u00e9, \u00e0 Brest.\"\/>Symboliquement, un homme drap\u00e9 aux couleurs de l\u2019Union europ\u00e9enne tend un drapeau ukrainien \u00e0 une danseuse, ce samedi 23\u00a0ao\u00fbt 2025, place de la Libert\u00e9, \u00e0 Brest. (Photo Le T\u00e9l\u00e9gramme\/Paul Bohec)\u00ab\u00a0Les m\u00e9decins ne pensaient pas qu\u2019il s\u2019en sortirait vivant\u00a0\u00bb<\/p>\n<p>Le premier garde la trace de cicatrices qui lui courent tout le long du visage sur les c\u00f4t\u00e9s. \u00ab\u00a0Je faisais partie de la quatri\u00e8me brigade blind\u00e9e\u00a0\u00bb, raconte, en ukrainien, cet ancien ing\u00e9nieur ferroviaire, parti \u00e0 la guerre en 2022. En janvier 2023, il est touch\u00e9 par un tir d\u2019artillerie russe \u00e0 Soledar, au nord de Bakhmout, o\u00f9 il s\u2019est aussi battu. Gravement bless\u00e9 au visage, aux bras et surtout aux jambes, il est d\u2019abord ramen\u00e9 par ses fr\u00e8res d\u2019armes en retrait du front dans un point de stabilisation. \u00ab\u00a0J\u2019ai \u00e9t\u00e9 ensuite envoy\u00e9 \u00e0 Kramatorsk puis dans le grand h\u00f4pital militaire de Dnipro par h\u00e9licopt\u00e8re avant d\u2019\u00eatre transf\u00e9r\u00e9 \u00e0 Lviv, dans l\u2019ouest du pays\u00a0\u00bb, \u00e9num\u00e8re ce p\u00e8re de famille de 34 ans.<\/p>\n<p><img decoding=\"async\" src=\"https:\/\/www.europesays.com\/fr\/wp-content\/uploads\/2025\/08\/68a9ec69dcfd79b2460cc3d8.1.jpeg\" width=\"480\" height=\"300\" class=\"web_golden_m\" loading=\"lazy\" alt=\"Cette m\u00e8re de famille ukrainienne a perdu son beau-fils \u00e0 la guerre. Une chanson qui \u00e9voque la fleur Malva, symbole du pays, a \u00e9t\u00e9 interpr\u00e9t\u00e9e par les trois jeunes filles derri\u00e8re elle.\"\/>Cette m\u00e8re de famille ukrainienne a perdu son beau-fils \u00e0 la guerre. Une chanson qui \u00e9voque la fleur Malva, symbole du pays, a \u00e9t\u00e9 interpr\u00e9t\u00e9e par les trois jeunes filles derri\u00e8re elle. (Photo Le T\u00e9l\u00e9gramme\/Paul Bohec)<\/p>\n<p>\u00ab\u00a0Au d\u00e9but, vu l\u2019ampleur de ses blessures, les m\u00e9decins ne pensaient pas qu\u2019il s\u2019en sortirait vivant\u00a0\u00bb, souffle <a href=\"https:\/\/www.letelegramme.fr\/bretagne\/svitlana-jestin-presidente-diroise-ukraine-il-faut-lutter-contre-lessoufflement-6529999.php\" target=\"_blank\" rel=\"noopener\">Svitlana Jestin, l\u2019autre copr\u00e9sidente d\u2019Iroise-Ukraine<\/a>, qui assure la traduction. Mais son \u00e9tat se stabilise. Le HIA de Brest qui a pu consulter son dossier a estim\u00e9 \u00eatre capable de s\u2019occuper du soldat. Apr\u00e8s huit mois d\u2019antibioth\u00e9rapie, des greffes osseuses, Kostiantyn, qui n\u2019a pratiquement pas quitt\u00e9 l\u2019h\u00f4pital tout ce temps, s\u2019offre sa deuxi\u00e8me sortie. La premi\u00e8re \u00e9tant pour se rendre \u00e0 la mer.<\/p>\n<p><img decoding=\"async\" src=\"https:\/\/www.europesays.com\/fr\/wp-content\/uploads\/2025\/08\/68a9ec6827138923410c3f41.1.jpeg\" width=\"480\" height=\"300\" class=\"web_golden_m\" loading=\"lazy\" alt=\"Un hommage a \u00e9t\u00e9 rendu notamment \u00e0 Oleksandr (\u00e0 gauche) et Kostiantyn (\u00e0 droite), soldats ukrainiens gravement bless\u00e9s lors de la guerre entre l'Ukraine et la Russie.\"\/>Un hommage a \u00e9t\u00e9 rendu notamment \u00e0 Oleksandr (\u00e0 gauche) et Kostiantyn (\u00e0 droite), soldats ukrainiens gravement bless\u00e9s lors de la guerre entre l&rsquo;Ukraine et la Russie. (Photo Le T\u00e9l\u00e9gramme\/Paul Bohec)Bless\u00e9 par un explosif largu\u00e9 d\u2019un drone<\/p>\n<p>S\u2019appuyant sur des b\u00e9quilles, le soldat de 34 ans a d\u00e9j\u00e0 perdu une jambe, remplac\u00e9e par une proth\u00e8se, mais esp\u00e8re recouvrer l\u2019usage de la seconde. \u00ab\u00a0Je pr\u00e9f\u00e8re mourir qu\u2019on me coupe l\u2019autre\u00a0\u00bb, confie celui qui esp\u00e8re retourner au plus vite en Ukraine aupr\u00e8s de sa femme et ses deux filles mais doit attendre la fin du programme de soins.<\/p>\n<p><img decoding=\"async\" src=\"https:\/\/www.europesays.com\/fr\/wp-content\/uploads\/2025\/08\/68a9ec6827138923410c3f40.1.jpeg\" width=\"480\" height=\"300\" class=\"web_golden_m\" loading=\"lazy\" alt=\"Kostiantyn et Oleksandr sont deux soldats ukrainiens qui ont \u00e9t\u00e9 soign\u00e9s \u00e0 l\u2019H\u00f4pital des arm\u00e9es de Brest apr\u00e8s avoir \u00e9t\u00e9 bless\u00e9s sur le front lors de la guerre face \u00e0 la Russie.\"\/>Kostiantyn et Oleksandr sont deux soldats ukrainiens qui ont \u00e9t\u00e9 soign\u00e9s \u00e0 l\u2019H\u00f4pital des arm\u00e9es de Brest apr\u00e8s avoir \u00e9t\u00e9 bless\u00e9s sur le front lors de la guerre face \u00e0 la Russie. (Photo Le T\u00e9l\u00e9gramme\/Paul Bohec)<\/p>\n<p>Debout \u00e0 ses c\u00f4t\u00e9s, tout de noir v\u00eatu, Oleksandr a lui aussi \u00e9t\u00e9 soign\u00e9 \u00e0 Brest. Manches longues malgr\u00e9 la chaleur, il les remonte pour laisser \u00e0 son tour d\u00e9voiler des blessures impressionnantes aux bras. Membre de la 425e brigade d\u2019infanterie, il a \u00e9t\u00e9 gravement bless\u00e9 par un explosif largu\u00e9 par un drone FPV \u00e0 Toretsk, en 2024. L\u2019homme de 38 ans est rest\u00e9 allong\u00e9 soixante heures avant que les soldats ukrainiens ne puissent lui porter secours. Comme son compagnon, il est pass\u00e9 par Lviv avant d\u2019arriver \u00e0 Brest. \u00ab\u00a0Merci \u00e0 la France, merci aux m\u00e9decins, merci \u00e0 tout le monde pour le soutien et pour ne pas baisser les bras\u00a0\u00bb, l\u00e2che-t-il au micro devant les 150 personnes rassembl\u00e9es, place de la Libert\u00e9, ce samedi.<\/p>\n<p>\u00ab\u00a0Il n\u2019y a pas d\u2019autre chemin que celui de la victoire\u00a0\u00bb<\/p>\n<p>\u00ab\u00a0On vous souhaite ne jamais vivre la m\u00eame chose\u00a0\u00bb, ajoute Kostiantyn qui se rappelle, lorsque la guerre a \u00e9clat\u00e9, avoir couru avec ses enfants et sa femme pour se mettre \u00e0 l\u2019abri lorsque les bombardements ont frapp\u00e9 \u00e0 4\u00a0h du matin. \u00ab\u00a0Il se passe une guerre tragique et horrible que l\u2019Europe n\u2019a pas connue depuis 1945. Mais je suis optimiste\u00a0: il n\u2019y a pas d\u2019autre chemin que celui de la victoire pour l\u2019Ukraine\u00a0\u00bb, conclut-il, en exhortant la France et l\u2019Europe \u00e0 accentuer leur soutien \u00e0 son pays.<\/p>\n<p><img decoding=\"async\" src=\"https:\/\/www.europesays.com\/fr\/wp-content\/uploads\/2025\/08\/68a9ec685720af0ee50e53c8.1.jpeg\" width=\"480\" height=\"300\" class=\"web_golden_m\" loading=\"lazy\" alt=\"Pour la journ\u00e9e de l\u2019ind\u00e9pendance de l\u2019Ukraine, de nombreux membres de la communaut\u00e9 ukrainienne et des associations locales ont particip\u00e9 \u00e0 un apr\u00e8s-midi festif organis\u00e9 sur la place de la Libert\u00e9, ce samedi 23\u00a0ao\u00fbt 2025, \u00e0 Brest.\"\/>Pour la journ\u00e9e de l\u2019ind\u00e9pendance de l\u2019Ukraine, de nombreux membres de la communaut\u00e9 ukrainienne et des associations locales ont particip\u00e9 \u00e0 un apr\u00e8s-midi festif organis\u00e9 sur la place de la Libert\u00e9, ce samedi 23\u00a0ao\u00fbt 2025, \u00e0 Brest. (Photo Le T\u00e9l\u00e9gramme\/Paul Bohec)<\/p>\n<p>\u00ab\u00a0L\u2019Ukraine est forte\u00a0: nous gagnerons, soit en combattant, soit avec la diplomatie\u00a0\u00bb, assure-t-il, alors que s\u2019agitaient les nombreux drapeaux bleu et jaune et r\u00e9sonnaient les \u00ab\u00a0Slava Ukraini\u00a0\u00bb.<\/p>\n","protected":false},"excerpt":{"rendered":"\u00ab\u00a0Il y aurait des livres \u00e0 \u00e9crire sur l\u2019histoire de chacun de ces soldats\u00a0\u00bb, glisse Christophe Gal\u00e8s, copr\u00e9sident&hellip;\n","protected":false},"author":2,"featured_media":339916,"comment_status":"","ping_status":"","sticky":false,"template":"","format":"standard","meta":{"footnotes":""},"categories":[4],"tags":[11,3450,829,765,3321,1011,27,131,12,25,801,3400,11880,220],"class_list":{"0":"post-339915","1":"post","2":"type-post","3":"status-publish","4":"format-standard","5":"has-post-thumbnail","7":"category-france","8":"tag-actualites","9":"tag-brest","10":"tag-bretagne","11":"tag-en-continu","12":"tag-finistere","13":"tag-fr","14":"tag-france","15":"tag-guerre-en-ukraine","16":"tag-news","17":"tag-republique-francaise","18":"tag-social","19":"tag-solidarite","20":"tag-solidarite-ukraine","21":"tag-ukraine"},"share_on_mastodon":{"url":"https:\/\/pubeurope.com\/@fr\/115081862758617325","error":""},"_links":{"self":[{"href":"https:\/\/www.europesays.com\/fr\/wp-json\/wp\/v2\/posts\/339915","targetHints":{"allow":["GET"]}}],"collection":[{"href":"https:\/\/www.europesays.com\/fr\/wp-json\/wp\/v2\/posts"}],"about":[{"href":"https:\/\/www.europesays.com\/fr\/wp-json\/wp\/v2\/types\/post"}],"author":[{"embeddable":true,"href":"https:\/\/www.europesays.com\/fr\/wp-json\/wp\/v2\/users\/2"}],"replies":[{"embeddable":true,"href":"https:\/\/www.europesays.com\/fr\/wp-json\/wp\/v2\/comments?post=339915"}],"version-history":[{"count":0,"href":"https:\/\/www.europesays.com\/fr\/wp-json\/wp\/v2\/posts\/339915\/revisions"}],"wp:featuredmedia":[{"embeddable":true,"href":"https:\/\/www.europesays.com\/fr\/wp-json\/wp\/v2\/media\/339916"}],"wp:attachment":[{"href":"https:\/\/www.europesays.com\/fr\/wp-json\/wp\/v2\/media?parent=339915"}],"wp:term":[{"taxonomy":"category","embeddable":true,"href":"https:\/\/www.europesays.com\/fr\/wp-json\/wp\/v2\/categories?post=339915"},{"taxonomy":"post_tag","embeddable":true,"href":"https:\/\/www.europesays.com\/fr\/wp-json\/wp\/v2\/tags?post=339915"}],"curies":[{"name":"wp","href":"https:\/\/api.w.org\/{rel}","templated":true}]}}