{"id":339925,"date":"2025-08-24T04:39:11","date_gmt":"2025-08-24T04:39:11","guid":{"rendered":"https:\/\/www.europesays.com\/fr\/339925\/"},"modified":"2025-08-24T04:39:11","modified_gmt":"2025-08-24T04:39:11","slug":"de-cinemed-au-pavillon-populaire-avec-raymond-depardon-et-claudine-nougaret","status":"publish","type":"post","link":"https:\/\/www.europesays.com\/fr\/339925\/","title":{"rendered":"De Cin\u00e9med au Pavillon populaire avec Raymond Depardon et Claudine Nougaret"},"content":{"rendered":"<p><strong>Parlez-nous maintenant d\u2019\u201cExtr\u00eame h\u00f4tel\u201d, cette exposition \u00e0 venir d\u00e8s le 2 d\u00e9cembre au Pavillon populaire. \u00a0<\/strong><\/p>\n<p><strong>Raymond Depardon :<\/strong><strong> <\/strong>Apr\u00e8s la donation de photos au mus\u00e9e Fabre (1) que nous avons faite au d\u00e9but 2024, Micha\u00ebl Delafosse m\u2019a propos\u00e9 une carte blanche pour la r\u00e9ouverture du Pavillon populaire, apr\u00e8s les travaux \u00e0 la fin 2025.\u00a0C\u2019est un lieu central, assez unique, ouvert et la d\u00e9marche de la Ville sur la gratuit\u00e9 est assez exceptionnelle. J\u2019ai plus de 80 ans et j\u2019ai pens\u00e9 que c\u2019\u00e9tait le moment de permettre \u00e0 la nouvelle g\u00e9n\u00e9ration de photographes et de conservateurs de porter un regard nouveau sur mes photos. C\u2019est le travail qu\u2019ont fait Simon Depardon, photographe et cin\u00e9aste, et Marie Perenn\u00e8s, conservatrice (2). Simon pr\u00e9pare par ailleurs un film sur mon travail photographique. C&rsquo;est ma fa\u00e7on de transmettre.\u00a0<\/p>\n<p><strong>Claudine Nougaret\u00a0:<\/strong> Le parti-pris que Raymond a choisi sur cette exposition est d\u2019\u00eatre uniquement sur la couleur, de ses d\u00e9buts \u00e0 aujourd\u2019hui. Cela va \u00eatre un regard compl\u00e8tement neuf sur son \u0153uvre. Avec bien \u00e9videmment une photo de \u00ab\u00a0Paysans\u00a0\u00bb d\u00e8s l\u2019entr\u00e9e mais \u00e9galement beaucoup de surprises.\u00a0\u00a0<\/p>\n<p><strong>Raymond Depardon n\u2019est-il pas devenu plus Montpelli\u00e9rain que Caladois (3) ?\u00a0<\/strong><\/p>\n<p><strong>Raymond Depardon\u00a0:<\/strong> Je suis toujours un peu une pi\u00e8ce rapport\u00e9e. Claudine, elle, est Montpelli\u00e9raine. Mais je suis heureux d\u2019\u00eatre l\u00e0. Montpellier est une ville qui aime le cin\u00e9ma, la photographie, la culture. Et puis ici, il y a une chose assez rare. La lumi\u00e8re est quand m\u00eame formidable. Cela donne encore envie de faire de nouvelles photos. Je connais bien l\u2019arri\u00e8re-pays mais il est tellement riche\u00a0! Si le temps m\u2019est donn\u00e9, j\u2019esp\u00e8re encore pouvoir lancer de grandes s\u00e9ries. (4).\u00a0<\/p>\n<p>(1) Raymond Depardon et Claudine Nougaret ont fait don au mus\u00e9e Fabre de trois s\u00e9ries\u00a0: \u00ab\u00a0Rural\u00a0\u00bb, \u00ab\u00a0Son \u0153il dans ma main \u00bb et \u00ab\u00a0Communes\u00a0\u00bb, soit pr\u00e8s de 200 tirages.\u00a0<\/p>\n<p>(2) Le commissariat de l\u2019exposition sera assur\u00e9 par Simon Depardon et Marie Perenn\u00e8s.<\/p>\n<p>(3) Le photographe est natif de Villefranche-sur-Sa\u00f4ne.<\/p>\n<p>(4) Le travail r\u00e9pertori\u00e9 de Raymond Depardon repr\u00e9sente 1\u00a0250\u00a0000 n\u00e9gatifs, sans compter ses travaux \u00e0 la chambre photographique.<\/p>\n","protected":false},"excerpt":{"rendered":"Parlez-nous maintenant d\u2019\u201cExtr\u00eame h\u00f4tel\u201d, cette exposition \u00e0 venir d\u00e8s le 2 d\u00e9cembre au Pavillon populaire. \u00a0 Raymond Depardon&hellip;\n","protected":false},"author":2,"featured_media":339926,"comment_status":"","ping_status":"","sticky":false,"template":"","format":"standard","meta":{"footnotes":""},"categories":[9599],"tags":[1111,11,1777,674,1011,27,2208,12,2680,25],"class_list":{"0":"post-339925","1":"post","2":"type-post","3":"status-publish","4":"format-standard","5":"has-post-thumbnail","7":"category-montpellier","8":"tag-actu","9":"tag-actualites","10":"tag-eu","11":"tag-europe","12":"tag-fr","13":"tag-france","14":"tag-montpellier","15":"tag-news","16":"tag-occitanie","17":"tag-republique-francaise"},"share_on_mastodon":{"url":"https:\/\/pubeurope.com\/@fr\/115081901687198197","error":""},"_links":{"self":[{"href":"https:\/\/www.europesays.com\/fr\/wp-json\/wp\/v2\/posts\/339925","targetHints":{"allow":["GET"]}}],"collection":[{"href":"https:\/\/www.europesays.com\/fr\/wp-json\/wp\/v2\/posts"}],"about":[{"href":"https:\/\/www.europesays.com\/fr\/wp-json\/wp\/v2\/types\/post"}],"author":[{"embeddable":true,"href":"https:\/\/www.europesays.com\/fr\/wp-json\/wp\/v2\/users\/2"}],"replies":[{"embeddable":true,"href":"https:\/\/www.europesays.com\/fr\/wp-json\/wp\/v2\/comments?post=339925"}],"version-history":[{"count":0,"href":"https:\/\/www.europesays.com\/fr\/wp-json\/wp\/v2\/posts\/339925\/revisions"}],"wp:featuredmedia":[{"embeddable":true,"href":"https:\/\/www.europesays.com\/fr\/wp-json\/wp\/v2\/media\/339926"}],"wp:attachment":[{"href":"https:\/\/www.europesays.com\/fr\/wp-json\/wp\/v2\/media?parent=339925"}],"wp:term":[{"taxonomy":"category","embeddable":true,"href":"https:\/\/www.europesays.com\/fr\/wp-json\/wp\/v2\/categories?post=339925"},{"taxonomy":"post_tag","embeddable":true,"href":"https:\/\/www.europesays.com\/fr\/wp-json\/wp\/v2\/tags?post=339925"}],"curies":[{"name":"wp","href":"https:\/\/api.w.org\/{rel}","templated":true}]}}