{"id":339927,"date":"2025-08-24T04:43:10","date_gmt":"2025-08-24T04:43:10","guid":{"rendered":"https:\/\/www.europesays.com\/fr\/339927\/"},"modified":"2025-08-24T04:43:10","modified_gmt":"2025-08-24T04:43:10","slug":"pres-de-grenoble-ce-lac-prise-en-isere-est-lun-des-plus-populaires-de-france-sur-google","status":"publish","type":"post","link":"https:\/\/www.europesays.com\/fr\/339927\/","title":{"rendered":"Pr\u00e8s de Grenoble. Ce lac pris\u00e9 en Is\u00e8re est l&rsquo;un des plus populaires de France sur Google"},"content":{"rendered":"<p>            Par<br \/>\n        <strong><br \/>\n            <a href=\"https:\/\/actu.fr\/auteur\/julien-sournies\" title=\"Consulter tous les articles de Julien Sournies\" rel=\"nofollow noopener\" target=\"_blank\">Julien Sournies<\/a><br \/>\n        <\/strong><\/p>\n<p>        Publi\u00e9 le<\/p>\n<p>            24 ao\u00fbt 2025 \u00e0 6h14        <\/p>\n<p>L\u2019\u00e9t\u00e9 2025 s\u2019est av\u00e9r\u00e9 particuli\u00e8rement bouillant partout en France. D\u2019ailleurs, cela s\u2019est notamment ressenti en <a href=\"https:\/\/actu.fr\/auvergne-rhone-alpes\/isere_38\" rel=\"nofollow noopener\" target=\"_blank\">Is\u00e8re<\/a>, o\u00f9 nombre de locaux et de touristes ont investi en masse le moindre plan d\u2019eau pour lutter contre la canicule, \u00e0 l\u2019instar du <strong>lac de Paladru<\/strong> \u00e0 Charavines.<\/p>\n<p class=\" wall-content\">Nich\u00e9 \u00e0 un peu plus de 40\u00a0minutes de <a href=\"https:\/\/actu.fr\/grenoble\/\" rel=\"nofollow noopener\" target=\"_blank\">Grenoble<\/a>, ce fameux lac, et plus sp\u00e9cifiquement sa <strong>plage<\/strong>, est en effet souvent pris d\u2019assaut en p\u00e9riode estivale, lui qui b\u00e9n\u00e9ficie d\u2019une jauge pouvant \u00ab\u2009monter <a href=\"https:\/\/actu.fr\/auvergne-rhone-alpes\/charavines_38082\/pres-de-grenoble-jusqu-a-1-000-baigneurs-sur-cette-plage-tout-le-monde-a-besoin-d-aller-a-l-eau_63015629.html\" rel=\"nofollow noopener\" target=\"_blank\">jusqu\u2019\u00e0 1\u2009000\u00a0personnes<\/a>\u2009\u00bb, rappelait le maire \u00e0 notre r\u00e9daction il y a quelques jours.<\/p>\n<p>    <a href=\"https:\/\/www.google.com\/maps\/embed?pb=!1m18!1m12!1m3!1d11195.67714282746!2d5.518620194617942!3d45.45128259017018!2m3!1f0!2f0!3f0!3m2!1i1024!2i768!4f13.1!3m3!1m2!1s0x478ae03ef0b45421%3A0x5faaf5374bbab53d!2sLac%20de%20Paladru!5e0!3m2!1sfr!2sfr!4v1755877257351!5m2!1sfr!2sfr\" title=\"Ouvrie le lien\" rel=\"nofollow noopener\" target=\"_blank\">Cliquez ici pour visualiser le contenu<\/a><\/p>\n<p>Dixi\u00e8me lac le plus recherch\u00e9 sur Google<\/p>\n<p class=\" wall-content\">Si le lac de Paladru est autant pris\u00e9 chaque \u00e9t\u00e9 par les baigneurs, c\u2019est aussi parce qu\u2019il jouit d\u2019une certaine notori\u00e9t\u00e9 sur internet.<\/p>\n<p class=\" wall-content\">Derni\u00e8rement, le comparateur de locations de vacances Likibu a publi\u00e9 la liste des 30 des lacs et \u00e9tangs fran\u00e7ais les plus populaires sur la toile, r\u00e9alis\u00e9e \u00e0 partir du volume de recherches Google recueilli sur les 12 derniers mois. Et le lac de Paladru figure en bonne position.<\/p>\n<p class=\" wall-content\">Pointant \u00e0 la 10\u1d49 place du classement, le plan d\u2019eau a fait l\u2019objet de quelque <strong>29\u2009720 requ\u00eates<\/strong> internet sur les 12 derniers mois.<\/p>\n<p>Des \u00ab\u2009activit\u00e9s nautiques vari\u00e9es et acc\u00e8s facile\u2009\u00bb<\/p>\n<p class=\" wall-content\">La raison\u2009? \u00ab\u2009Le lac de Paladru est tr\u00e8s appr\u00e9ci\u00e9 des locaux comme des vacanciers en \u00e9t\u00e9. Plages bien entretenues, eaux claires, <strong>activit\u00e9s nautiques vari\u00e9es et acc\u00e8s facile<\/strong>\u2009: tous les ingr\u00e9dients y sont r\u00e9unis pour passer une journ\u00e9e ou un week-end r\u00e9ussi\u2009\u00bb, estime Likibu.<\/p>\n<p>Votre r\u00e9gion, votre actu !<\/p>\n<p>Recevez chaque jour les infos qui comptent pour vous.<\/p>\n<p>\t<a href=\"https:\/\/actu.fr\/newsletter\" class=\"ac-btn ac-btn--corner ac-btn--medium ac-btn--blue800\" rel=\"nofollow noopener\" target=\"_blank\">S&rsquo;incrire<\/a><\/p>\n<p class=\" wall-content\">Et le site d\u2019ajouter\u2009: \u00ab\u2009Moins fr\u00e9quent\u00e9 que les grands lacs alpins, il s\u00e9duit les familles comme les groupes d\u2019amis en qu\u00eate de fra\u00eecheur, mais qui ne souhaitent en aucun cas sacrifier leur confort en profitant de zones am\u00e9nag\u00e9es et d\u2019activit\u00e9.\u2009\u00bb<\/p>\n<p class=\" wall-content\">Quant au reste du palmar\u00e8s cette ann\u00e9e, les trois premi\u00e8res places sont occup\u00e9es par le lac d\u2019Annecy (Haute-Savoie) avec 77\u2009240 requ\u00eates, le lac du Salagou (H\u00e9rault) avec 69\u2009320 requ\u00eates et le lac de Serre-Pon\u00e7on (Hautes-Alpes et Alpes-de-Haute-Provence) avec 57\u2009910 requ\u00eates.<\/p>\n<p class=\" wall-content\">Personnalisez votre actualit\u00e9 en ajoutant vos villes et m\u00e9dias en favori avec <a href=\"https:\/\/moncompte.actu.fr\" title=\"D\u00e9couvez Mon Actu\" rel=\"nofollow noopener\" data-trk=\"{&quot;cta&quot;:{&quot;action&quot;:&quot;https:\\\/\\\/moncompte.actu.fr&quot;,&quot;category&quot;:&quot;mon compte&quot;,&quot;from&quot;:&quot;article footer&quot;,&quot;name&quot;:&quot;Mon actu&quot;,&quot;type&quot;:&quot;cta&quot;}}\" target=\"_blank\">Mon Actu<\/a>.<\/p>\n","protected":false},"excerpt":{"rendered":"Par Julien Sournies Publi\u00e9 le 24 ao\u00fbt 2025 \u00e0 6h14 L\u2019\u00e9t\u00e9 2025 s\u2019est av\u00e9r\u00e9 particuli\u00e8rement bouillant partout en&hellip;\n","protected":false},"author":2,"featured_media":308850,"comment_status":"","ping_status":"","sticky":false,"template":"","format":"standard","meta":{"footnotes":""},"categories":[9566],"tags":[1111,11,2430,1777,674,1011,27,323,2731,1652,12,25],"class_list":{"0":"post-339927","1":"post","2":"type-post","3":"status-publish","4":"format-standard","5":"has-post-thumbnail","7":"category-grenoble","8":"tag-actu","9":"tag-actualites","10":"tag-auvergne-rhone-alpes","11":"tag-eu","12":"tag-europe","13":"tag-fr","14":"tag-france","15":"tag-google","16":"tag-grenoble","17":"tag-loisirs-culture","18":"tag-news","19":"tag-republique-francaise"},"share_on_mastodon":{"url":"https:\/\/pubeurope.com\/@fr\/115081917421062114","error":""},"_links":{"self":[{"href":"https:\/\/www.europesays.com\/fr\/wp-json\/wp\/v2\/posts\/339927","targetHints":{"allow":["GET"]}}],"collection":[{"href":"https:\/\/www.europesays.com\/fr\/wp-json\/wp\/v2\/posts"}],"about":[{"href":"https:\/\/www.europesays.com\/fr\/wp-json\/wp\/v2\/types\/post"}],"author":[{"embeddable":true,"href":"https:\/\/www.europesays.com\/fr\/wp-json\/wp\/v2\/users\/2"}],"replies":[{"embeddable":true,"href":"https:\/\/www.europesays.com\/fr\/wp-json\/wp\/v2\/comments?post=339927"}],"version-history":[{"count":0,"href":"https:\/\/www.europesays.com\/fr\/wp-json\/wp\/v2\/posts\/339927\/revisions"}],"wp:featuredmedia":[{"embeddable":true,"href":"https:\/\/www.europesays.com\/fr\/wp-json\/wp\/v2\/media\/308850"}],"wp:attachment":[{"href":"https:\/\/www.europesays.com\/fr\/wp-json\/wp\/v2\/media?parent=339927"}],"wp:term":[{"taxonomy":"category","embeddable":true,"href":"https:\/\/www.europesays.com\/fr\/wp-json\/wp\/v2\/categories?post=339927"},{"taxonomy":"post_tag","embeddable":true,"href":"https:\/\/www.europesays.com\/fr\/wp-json\/wp\/v2\/tags?post=339927"}],"curies":[{"name":"wp","href":"https:\/\/api.w.org\/{rel}","templated":true}]}}