{"id":339928,"date":"2025-08-24T04:45:24","date_gmt":"2025-08-24T04:45:24","guid":{"rendered":"https:\/\/www.europesays.com\/fr\/339928\/"},"modified":"2025-08-24T04:45:24","modified_gmt":"2025-08-24T04:45:24","slug":"tu-vas-voir-cest-genial-au-festival-du-roi-arthur-pres-de-rennes-la-musique-celte-fait-danser-la-foule","status":"publish","type":"post","link":"https:\/\/www.europesays.com\/fr\/339928\/","title":{"rendered":"\u00ab Tu vas voir, c\u2019est g\u00e9nial\u00a0!\u00a0\u00bb\u00a0: au festival du Roi Arthur, pr\u00e8s de Rennes, la musique celte fait danser la foule"},"content":{"rendered":"<p>La poussi\u00e8re des centaines de pieds frappant le sol s\u2019\u00e9l\u00e8ve sous le chapiteau du King D\u00f4me au <a href=\"https:\/\/www.letelegramme.fr\/culture-loisirs\/festivals\/festival-du-roi-arthur-les-5-infos-pratiques-a-retenir-avant-le-debut-des-concerts-ce-vendredi-6874275.php\" target=\"_blank\" rel=\"noopener\">festival du Roi Arthur<\/a>, \u00e0 Br\u00e9al-sous-Montfort (35), pr\u00e8s de <a href=\"https:\/\/www.letelegramme.fr\/ille-et-vilaine\/rennes-35000\/\" target=\"_blank\" rel=\"noopener\">Rennes<\/a>. Surnomm\u00e9e la \u00ab taverne celte \u00bb, la sc\u00e8ne, inaugur\u00e9e en 2023, accueille durant tout le festival une flop\u00e9e de groupes de musique bretonne, irlandaise et bien d\u2019autres, au style parfois bien diff\u00e9rent. \u00c0 l\u2019entr\u00e9e, la c\u00e9l\u00e8bre \u00e9p\u00e9e, embl\u00e8me du festival, souhaite la bienvenue les f\u00eatards en qu\u00eate de nouveaut\u00e9s et de frissons.<\/p>\n<p>Il est \u00e0 peine 20 h, samedi 23 ao\u00fbt, et les festivaliers sont d\u00e9j\u00e0 \u00e0 fond. Main dans la main, tous \u00e0 l\u2019unisson, ils sont venus taper du pied pour Moher, un groupe de musique irlandaise, et ses danseuses de claquettes traditionnelles.<\/p>\n<blockquote><p>Je viens au festival du Roi Arthur pour cette ambiance<\/p><\/blockquote>\n<p>Au milieu de la foule, kilts, costumes de f\u00e9e et m\u00eame de vaches se c\u00f4toient. Pas d\u2019\u00e2ge obligatoire ou de tenues de lumi\u00e8re particuli\u00e8re. C\u2019est samedi, et tout est permis au Roi Arthur ! La seule condition sine qua non : profiter, s\u2019amuser, rigoler et bien \u00e9videmment, se tenir par la main au son des cornemuses, guitares, violons et autres instruments. Tout en se d\u00e9hanchant au rythme de la musique.<\/p>\n<p><img decoding=\"async\" src=\"https:\/\/www.europesays.com\/fr\/wp-content\/uploads\/2025\/08\/68aa5e5f1e0ddaa87d0cfcc2.1.jpeg\" width=\"480\" height=\"300\" class=\"web_golden_m\" loading=\"lazy\" alt=\"D\u00e8s l\u2019apparition du premier groupe, les festivit\u00e9s ne tardent pas \u00e0 arriver sous le King D\u00f4me.\"\/>D\u00e8s l\u2019apparition du premier groupe, les festivit\u00e9s ne tardent pas \u00e0 arriver sous le King D\u00f4me. (Photo Rapha\u00ebl Rocher-Campas\/Le T\u00e9l\u00e9gramme)<\/p>\n<p>Le premier concert \u00e0 peine termin\u00e9, Ga\u00ebl s\u2019\u00e9merveille et en rigole : \u00ab On vient de faire la farandole ! Et on a dans\u00e9 super longtemps \u00bb. M\u00eame son de cornemuse du c\u00f4t\u00e9 d\u2019Ewen (le pr\u00e9nom a \u00e9t\u00e9 modifi\u00e9 \u00e0 sa demande) : \u00ab Je connais bien la sc\u00e8ne et l\u2019avantage, c\u2019est que c\u2019est facile de discuter avec les gens. \u00bb Pour le prochain concert, il sait qu\u2019il sera pr\u00e9sent. \u00ab C\u2019est mon fr\u00e8re qui joue sur sc\u00e8ne apr\u00e8s ! C\u2019est du rap breton, tu vas voir, c\u2019est g\u00e9nial ! \u00bb, assure-t-il en souriant.<\/p>\n<p>Trois heures plus tard, la nuit est tomb\u00e9e sur le festival. Non loin de l\u00e0, la chanteuse fran\u00e7aise Santa joue son c\u00e9l\u00e8bre titre <a href=\"https:\/\/www.youtube.com\/watch?v=5RM8GCD6xQM\" target=\"_blank\" rel=\"noopener\">\u00ab Pop-corn sal\u00e9 \u00bb<\/a> devant des milliers de personnes. La foule est conquise, sous le charme. Mais sous la King D\u00f4me, aussi, la f\u00eate continue : les quelque centaines d\u2019irr\u00e9ductibles f\u00eatards commencent \u00e0 se prendre par la main et d\u00e9marrent une nouvelle farandole. \u00ab Je viens au festival du Roi Arthur pour cette ambiance \u00bb, raconte Quentin. \u00ab On est tous ensemble \u00e0 se tenir la main, c\u2019est rare quand m\u00eame ! \u00bb<\/p>\n<p>Jusqu\u2019au bout de la nuit, les danses s\u2019encha\u00eenent sur un rythme endiabl\u00e9. Tous les styles sont diff\u00e9rents, les talents de certains parfois douteux, mais un point commun subsiste : personne n\u2019est seul. Farandoles, rondes, gavotes bretonnes\u2026 Les festivaliers se tiennent par la main, s\u2019enlacent, se collent. Sur sc\u00e8ne, l\u2019artiste quimp\u00e9rois Jean-Charles Guichen les guide.<\/p>\n<p><img decoding=\"async\" src=\"https:\/\/www.europesays.com\/fr\/wp-content\/uploads\/2025\/08\/68aa5e5f99ced9f0f9004730.1.jpeg\" width=\"480\" height=\"300\" class=\"web_golden_m\" loading=\"lazy\" alt=\"Le chanteur quimp\u00e9rois Jean-Charles Guichen a ambianc\u00e9 les festivaliers du King D\u00f4me.\"\/>Le chanteur quimp\u00e9rois Jean-Charles Guichen a ambianc\u00e9 les festivaliers du King D\u00f4me. (Photo Le T\u00e9l\u00e9gramme\/Rapha\u00ebl Rocher-Campas)Soutenir les petits artistes<\/p>\n<p>Pour certains, venir sous la King D\u00f4me, ce n\u2019est pas seulement pour passer du bon temps, c\u2019est aussi par conviction. \u00ab Je suis l\u00e0 pour faire vivre les petits artistes \u00bb, affirme Quentin, expliquant que, pour lui, cette d\u00e9marche est \u00ab super importante \u00bb. Bien loin des millions d\u2019\u00e9coutes que cumulent les plus c\u00e9l\u00e8bres artistes du Roi Arthur : \u00ab Tout le monde les conna\u00eet et il y a d\u00e9j\u00e0 suffisamment de personnes \u00e0 les suivre. \u00bb<\/p>\n<p>Quoi qu\u2019il en soit, la King D\u00f4me a r\u00e9ussi \u00e0 faire sa place au Roi Arthur pour le plus grand plaisir des festivaliers.<\/p>\n","protected":false},"excerpt":{"rendered":"La poussi\u00e8re des centaines de pieds frappant le sol s\u2019\u00e9l\u00e8ve sous le chapiteau du King D\u00f4me au festival&hellip;\n","protected":false},"author":2,"featured_media":339929,"comment_status":"","ping_status":"","sticky":false,"template":"","format":"standard","meta":{"footnotes":""},"categories":[2821],"tags":[1111,11,829,765,1777,674,849,3337,1011,27,848,12,584,25],"class_list":{"0":"post-339928","1":"post","2":"type-post","3":"status-publish","4":"format-standard","5":"has-post-thumbnail","7":"category-rennes","8":"tag-actu","9":"tag-actualites","10":"tag-bretagne","11":"tag-en-continu","12":"tag-eu","13":"tag-europe","14":"tag-festival","15":"tag-festivals","16":"tag-fr","17":"tag-france","18":"tag-ille-et-vilaine","19":"tag-news","20":"tag-rennes","21":"tag-republique-francaise"},"share_on_mastodon":{"url":"https:\/\/pubeurope.com\/@fr\/115081925918493956","error":""},"_links":{"self":[{"href":"https:\/\/www.europesays.com\/fr\/wp-json\/wp\/v2\/posts\/339928","targetHints":{"allow":["GET"]}}],"collection":[{"href":"https:\/\/www.europesays.com\/fr\/wp-json\/wp\/v2\/posts"}],"about":[{"href":"https:\/\/www.europesays.com\/fr\/wp-json\/wp\/v2\/types\/post"}],"author":[{"embeddable":true,"href":"https:\/\/www.europesays.com\/fr\/wp-json\/wp\/v2\/users\/2"}],"replies":[{"embeddable":true,"href":"https:\/\/www.europesays.com\/fr\/wp-json\/wp\/v2\/comments?post=339928"}],"version-history":[{"count":0,"href":"https:\/\/www.europesays.com\/fr\/wp-json\/wp\/v2\/posts\/339928\/revisions"}],"wp:featuredmedia":[{"embeddable":true,"href":"https:\/\/www.europesays.com\/fr\/wp-json\/wp\/v2\/media\/339929"}],"wp:attachment":[{"href":"https:\/\/www.europesays.com\/fr\/wp-json\/wp\/v2\/media?parent=339928"}],"wp:term":[{"taxonomy":"category","embeddable":true,"href":"https:\/\/www.europesays.com\/fr\/wp-json\/wp\/v2\/categories?post=339928"},{"taxonomy":"post_tag","embeddable":true,"href":"https:\/\/www.europesays.com\/fr\/wp-json\/wp\/v2\/tags?post=339928"}],"curies":[{"name":"wp","href":"https:\/\/api.w.org\/{rel}","templated":true}]}}