{"id":339932,"date":"2025-08-24T04:48:15","date_gmt":"2025-08-24T04:48:15","guid":{"rendered":"https:\/\/www.europesays.com\/fr\/339932\/"},"modified":"2025-08-24T04:48:15","modified_gmt":"2025-08-24T04:48:15","slug":"valentin-barco-est-la-flamme-de-strasbourg","status":"publish","type":"post","link":"https:\/\/www.europesays.com\/fr\/339932\/","title":{"rendered":"Valentin Barco est la flamme de Strasbourg"},"content":{"rendered":"<p>Apparu \u00e0 15 reprises en Ligue\u00a01 depuis son arriv\u00e9e en f\u00e9vrier, en tant que lat\u00e9ral gauche ou dans un r\u00f4le de milieu central, Valentin Barco conserve la libert\u00e9 d&rsquo;aller et venir entre le couloir et l&rsquo;axe, selon les besoins de son \u00e9quipe.<\/p>\n<p>Dernier exemple en date ci-dessous lors de la 1re journ\u00e9e \u00e0 Metz, o\u00f9 il a r\u00e9guli\u00e8rement arpent\u00e9 le couloir gauche malgr\u00e9 une position th\u00e9orique de milieu dans le 3-4-2-1 alsacien.<\/p>\n","protected":false},"excerpt":{"rendered":"Apparu \u00e0 15 reprises en Ligue\u00a01 depuis son arriv\u00e9e en f\u00e9vrier, en tant que lat\u00e9ral gauche ou dans&hellip;\n","protected":false},"author":2,"featured_media":339933,"comment_status":"","ping_status":"","sticky":false,"template":"","format":"standard","meta":{"footnotes":""},"categories":[2820],"tags":[1111,11,1777,674,1011,27,775,12,25,640],"class_list":{"0":"post-339932","1":"post","2":"type-post","3":"status-publish","4":"format-standard","5":"has-post-thumbnail","7":"category-strasbourg","8":"tag-actu","9":"tag-actualites","10":"tag-eu","11":"tag-europe","12":"tag-fr","13":"tag-france","14":"tag-grand-est","15":"tag-news","16":"tag-republique-francaise","17":"tag-strasbourg"},"share_on_mastodon":{"url":"https:\/\/pubeurope.com\/@fr\/115081937237693472","error":""},"_links":{"self":[{"href":"https:\/\/www.europesays.com\/fr\/wp-json\/wp\/v2\/posts\/339932","targetHints":{"allow":["GET"]}}],"collection":[{"href":"https:\/\/www.europesays.com\/fr\/wp-json\/wp\/v2\/posts"}],"about":[{"href":"https:\/\/www.europesays.com\/fr\/wp-json\/wp\/v2\/types\/post"}],"author":[{"embeddable":true,"href":"https:\/\/www.europesays.com\/fr\/wp-json\/wp\/v2\/users\/2"}],"replies":[{"embeddable":true,"href":"https:\/\/www.europesays.com\/fr\/wp-json\/wp\/v2\/comments?post=339932"}],"version-history":[{"count":0,"href":"https:\/\/www.europesays.com\/fr\/wp-json\/wp\/v2\/posts\/339932\/revisions"}],"wp:featuredmedia":[{"embeddable":true,"href":"https:\/\/www.europesays.com\/fr\/wp-json\/wp\/v2\/media\/339933"}],"wp:attachment":[{"href":"https:\/\/www.europesays.com\/fr\/wp-json\/wp\/v2\/media?parent=339932"}],"wp:term":[{"taxonomy":"category","embeddable":true,"href":"https:\/\/www.europesays.com\/fr\/wp-json\/wp\/v2\/categories?post=339932"},{"taxonomy":"post_tag","embeddable":true,"href":"https:\/\/www.europesays.com\/fr\/wp-json\/wp\/v2\/tags?post=339932"}],"curies":[{"name":"wp","href":"https:\/\/api.w.org\/{rel}","templated":true}]}}