{"id":339942,"date":"2025-08-24T04:56:10","date_gmt":"2025-08-24T04:56:10","guid":{"rendered":"https:\/\/www.europesays.com\/fr\/339942\/"},"modified":"2025-08-24T04:56:10","modified_gmt":"2025-08-24T04:56:10","slug":"reportage-comment-les-enfants-du-grand-mirail-fuient-lennui-durant-les-vacances-scolaires","status":"publish","type":"post","link":"https:\/\/www.europesays.com\/fr\/339942\/","title":{"rendered":"REPORTAGE. Comment les enfants du Grand Mirail fuient l\u2019ennui durant les vacances scolaires\u00a0?"},"content":{"rendered":"<p>\n                                                                    l&rsquo;essentiel<br \/>\n                                                                Dans les quartiers populaires toulousains, les enfants vivent un \u00e9t\u00e9 sans voyage, rythm\u00e9 par le foot. Une \u00e9chappatoire face au manque de distractions et au cadre pesant du trafic qui gangr\u00e8ne certains secteurs.\n                            <\/p>\n<p data-end=\"845\" data-start=\"429\">Jour de march\u00e9, quartier de La Faourette. Les effluves d\u2019\u00e9pices orientales et de viandes grill\u00e9es saturent l\u2019air. La foule est compacte, bruissante. Dans ce quartier populaire de Toulouse, les vacances d\u2019\u00e9t\u00e9 se d\u00e9roulent souvent sans d\u00e9parts ni voyages. Mais pour beaucoup d\u2019enfants, un ballon rond suffit \u00e0 donner le rythme\u00a0: le foot devient bien plus qu\u2019un jeu, un espace d\u2019amiti\u00e9, d\u2019\u00e9vasion et d\u2019appartenance.<\/p>\n<p class=\"std-elt__inline\">\n        <strong>\u00c0 lire aussi :<\/strong><br \/>\n        <a href=\"https:\/\/www.ladepeche.fr\/2025\/08\/22\/toulouse-le-pole-ludique-de-bagatelle-fraichement-inaugure-cartonne-avec-ses-jeux-sans-ecrans-de-0-a-99-ans-12888893.php\" rel=\"nofollow noopener\" target=\"_blank\">Toulouse\u00a0: le P\u00f4le ludique de Bagatelle fra\u00eechement inaugur\u00e9 cartonne avec ses jeux sans \u00e9crans de 0 \u00e0 99 ans<\/a>\n    <\/p>\n<p data-end=\"1174\" data-start=\"847\">Sana, 14 ans, baguenaude entre les \u00e9tals avec sa meilleure amie. Elles effleurent tissus et babioles, sans rien acheter. Aller au march\u00e9 reste l\u2019une des rares distractions de la journ\u00e9e pour cette adolescente qui s\u2019appr\u00eate \u00e0 entrer en troisi\u00e8me. Les heures s\u2019\u00e9tirent parfois. Elle sourit\u00a0: \u00ab\u00a0Heureusement qu\u2019il y a le foot.\u00a0\u00bb<\/p>\n<p data-end=\"1713\" data-start=\"1176\">Athl\u00e9tique, elle joue en d\u00e9fense dans le club du quartier. Ses vacances ont tourn\u00e9 autour du ballon. \u00ab\u00a0C\u2019est ma principale activit\u00e9. Je suis pas du tout du genre \u00e0 rester plant\u00e9e devant la t\u00e9l\u00e9 ou \u00e0 surfer sur les r\u00e9seaux sociaux. Il faut que \u00e7a bouge.\u00a0\u00bb Alors, pas de plainte sur ce quotidien un peu morne et routinier\u00a0: \u00ab\u00a0Je viens de Guyane. Pour rien au monde j\u2019y retournerais. Ici, c\u2019est 100 fois mieux, nous les jeunes, on n\u2019a pas \u00e0 se plaindre.\u00a0\u00bb Faute de pouvoir partir, elle a pass\u00e9 tout l\u2019\u00e9t\u00e9 dans ce quartier du Grand Mirail.<\/p>\n<p>\u00ab\u00a0Je viens de la Guyane. Ici c\u2019est 100 fois mieux\u00a0\u00bb<\/p>\n<p data-end=\"2406\" data-start=\"1715\">Hamza, gamin du quartier au sourire \u00e9clatant et \u00e0 la r\u00e9partie de mitraillette, a pris le large quelques semaines au bord de la mer.<br data-end=\"1849\" data-start=\"1846\"\/><br \/>\nEntre deux bouch\u00e9es de son sandwich kebab, il partage ses souvenirs\u00a0: \u00ab\u00a0J\u2019\u00e9tais au camping avec ma famille. C\u2019\u00e9tait bien. Mais je ne peux pas dire que je m\u2019ennuie quand je suis ici. Je joue beaucoup \u00e0 la Play (console de jeu, NDLR). Je vais aussi beaucoup \u00e0 la piscine Nakache.\u00a0\u00bb<\/p>\n<p data-end=\"2406\" data-start=\"1715\">Cet ado, scolaris\u00e9 dans le tr\u00e8s pris\u00e9 coll\u00e8ge Fermat au centre de Toulouse, poursuit\u00a0: \u00ab\u00a0Avec les copains, on se retrouve au stade Gironis, tout pr\u00e8s d\u2019ici. On joue beaucoup au foot. C\u2019est ma grande passion. Mais avec la canicule, certains jours, c\u2019\u00e9tait impossible de jouer.\u00a0\u00bb Cette ann\u00e9e, il n\u2019a pas eu le loisir de filer \u00e0 Mostaganem, la ville d\u2019o\u00f9 sont originaires ses parents. \u00ab\u00a0Je ne peux pas dire que \u00e7a me manque vraiment, mais c\u2019est vrai que pas mal d\u2019amis vont en Alg\u00e9rie. Il y a un peu moins de monde que d\u2019habitude au Mirail.\u00a0\u00bb<\/p>\n<p data-end=\"3364\" data-start=\"2671\">Muheb, 11 ans, gar\u00e7on longiligne et un peu timide, n\u2019est pas pr\u00e8s de revoir la terre de ses anc\u00eatres. Huit ans plus t\u00f4t, il a quitt\u00e9 l\u2019Afghanistan, alors \u00e0 feu et \u00e0 sang, pour rejoindre la France et le quartier. Son fran\u00e7ais est impeccable, tout comme son carnet de notes. Le foot, pour lui, c\u2019est l\u2019\u00e9vasion au sens propre comme au figur\u00e9. \u00ab\u00a0Avec mon club, j\u2019ai pu participer \u00e0 un tournoi \u00e0 Marseille avec plein d\u2019autres enfants pendant une semaine. On a termin\u00e9 5e \u00e9quipe sur 48\u00a0! C\u2019\u00e9tait une sacr\u00e9e performance. On a pu aller \u00e0 la mer et faire plein d\u2019autres activit\u00e9s. C\u2019\u00e9tait super.\u00a0\u00bb Il a pass\u00e9 le reste de ses vacances ballon au pied, devant son immeuble ou sur les terrains environnants.<\/p>\n<p>Reynerie\u00a0: ambiance lourde<\/p>\n<p data-end=\"3568\" data-start=\"3366\">Des trajectoires uniques, un point commun\u00a0: le ballon. Sur les terrains, les fronti\u00e8res sociales, culturelles ou linguistiques s\u2019effacent, et l\u2019appartenance au quartier se renforce.<\/p>\n<p data-end=\"4132\" data-start=\"3570\">\u00c0 quelques encablures de l\u00e0, rue de Kiev, \u00e0 la Reynerie, l\u2019ambiance change. Plus lourde, plus m\u00e9fiante. Ici, pas de parties de foot endiabl\u00e9es au pied des immeubles\u00a0: les ados restent immobiles, regroup\u00e9s en silence, sous l\u2019\u0153il inquiet de jeunes plus \u00e2g\u00e9s assis \u00e0 l\u2019entr\u00e9e des halls. Sur les murs peints en blanc, s\u2019\u00e9talent en \u00e9normes lettres les tarifs d\u2019un sachet de coca\u00efne ou de quelques grammes de cannabis, avec des fl\u00e8ches grossi\u00e8res qui rappellent la signal\u00e9tique d\u2019un magasin Ikea. Comme un panneau d\u2019indications, sauf qu\u2019ici, le \u00ab\u00a0rayon\u00a0\u00bb est la rue.<\/p>\n<p data-end=\"4461\" data-start=\"4134\">Catherine, qui vit ici depuis trente-cinq ans, pr\u00e9f\u00e8re \u00e9viter de se promener avec sa petite-fille dans le secteur. \u00ab\u00a0Les enfants ont de quoi s\u2019amuser, mais c\u2019est une question d\u2019atmosph\u00e8re. Ici, on ne se sent jamais pleinement en s\u00e9curit\u00e9, surtout en tant que femme. D\u2019ailleurs, les parents aimeraient vraiment qu\u2019on d\u00e9m\u00e9nage.\u00a0\u00bb Mais m\u00eame dans ces rues pesantes, le sport reste une \u00e9chappatoire. Pour les jeunes, il trace des rep\u00e8res, des amiti\u00e9s et parfois, des r\u00eaves d\u2019avenir.<\/p>\n","protected":false},"excerpt":{"rendered":"l&rsquo;essentiel Dans les quartiers populaires toulousains, les enfants vivent un \u00e9t\u00e9 sans voyage, rythm\u00e9 par le foot. Une&hellip;\n","protected":false},"author":2,"featured_media":339943,"comment_status":"","ping_status":"","sticky":false,"template":"","format":"standard","meta":{"footnotes":""},"categories":[2816],"tags":[1111,11,1777,674,1011,27,12,2680,25,2312],"class_list":{"0":"post-339942","1":"post","2":"type-post","3":"status-publish","4":"format-standard","5":"has-post-thumbnail","7":"category-toulouse","8":"tag-actu","9":"tag-actualites","10":"tag-eu","11":"tag-europe","12":"tag-fr","13":"tag-france","14":"tag-news","15":"tag-occitanie","16":"tag-republique-francaise","17":"tag-toulouse"},"share_on_mastodon":{"url":"https:\/\/pubeurope.com\/@fr\/115081968584903787","error":""},"_links":{"self":[{"href":"https:\/\/www.europesays.com\/fr\/wp-json\/wp\/v2\/posts\/339942","targetHints":{"allow":["GET"]}}],"collection":[{"href":"https:\/\/www.europesays.com\/fr\/wp-json\/wp\/v2\/posts"}],"about":[{"href":"https:\/\/www.europesays.com\/fr\/wp-json\/wp\/v2\/types\/post"}],"author":[{"embeddable":true,"href":"https:\/\/www.europesays.com\/fr\/wp-json\/wp\/v2\/users\/2"}],"replies":[{"embeddable":true,"href":"https:\/\/www.europesays.com\/fr\/wp-json\/wp\/v2\/comments?post=339942"}],"version-history":[{"count":0,"href":"https:\/\/www.europesays.com\/fr\/wp-json\/wp\/v2\/posts\/339942\/revisions"}],"wp:featuredmedia":[{"embeddable":true,"href":"https:\/\/www.europesays.com\/fr\/wp-json\/wp\/v2\/media\/339943"}],"wp:attachment":[{"href":"https:\/\/www.europesays.com\/fr\/wp-json\/wp\/v2\/media?parent=339942"}],"wp:term":[{"taxonomy":"category","embeddable":true,"href":"https:\/\/www.europesays.com\/fr\/wp-json\/wp\/v2\/categories?post=339942"},{"taxonomy":"post_tag","embeddable":true,"href":"https:\/\/www.europesays.com\/fr\/wp-json\/wp\/v2\/tags?post=339942"}],"curies":[{"name":"wp","href":"https:\/\/api.w.org\/{rel}","templated":true}]}}