{"id":339952,"date":"2025-08-24T05:02:15","date_gmt":"2025-08-24T05:02:15","guid":{"rendered":"https:\/\/www.europesays.com\/fr\/339952\/"},"modified":"2025-08-24T05:02:15","modified_gmt":"2025-08-24T05:02:15","slug":"a-1h-de-lyon-cette-sublime-maison-dhotes-fait-aussi-sanctuaire-pour-animaux-de-la-ferme","status":"publish","type":"post","link":"https:\/\/www.europesays.com\/fr\/339952\/","title":{"rendered":"\u00c0 1h de Lyon, cette sublime maison d&rsquo;h\u00f4tes fait aussi \u00ab\u00a0sanctuaire\u00a0\u00bb pour animaux de la ferme"},"content":{"rendered":"<p>            Par<br \/>\n        <strong><br \/>\n            <a href=\"https:\/\/actu.fr\/auteur\/ludivine-caporal\" title=\"Consulter tous les articles de Ludivine Caporal\" target=\"_blank\" rel=\"noopener\">Ludivine Caporal<\/a><br \/>\n        <\/strong><\/p>\n<p>        Publi\u00e9 le<\/p>\n<p>            24 ao\u00fbt 2025 \u00e0 6h22        <\/p>\n<p>Cach\u00e9 \u00e0 l\u2019arri\u00e8re d\u2019une vieille b\u00e2tisse du 19e si\u00e8cle transform\u00e9e, il y a un an et demi, en maison d\u2019h\u00f4tes et en g\u00eete, cet immense jardin de pr\u00e8s d\u2019un hectare en plein centre du charmant village de Lhuis (<a href=\"https:\/\/actu.fr\/auvergne-rhone-alpes\/ain_01\" target=\"_blank\" rel=\"noopener\">Ain<\/a>) est devenu un <strong>v\u00e9ritable paradis pour animaux de la ferme.<br \/><\/strong>Chien, chat, lapins, poules, boucs\u2026 Tous ont \u00e9t\u00e9 adopt\u00e9s et recueillis par Alice et Lucas, deux Lyonnais issus du milieu de l\u2019h\u00f4tellerie \u2013 restauration qui r\u00eavaient de se mettre au vert et d\u2019offrir une seconde chance \u00e0 de petits rescap\u00e9s \u00e0 poils (ou \u00e0 plumes), qu\u2019ils font d\u00e9sormais cohabiter avec la client\u00e8le humaine de <strong>\u00ab\u2009La Lhuiseraie\u2009\u00bb.<\/strong><\/p>\n<p>Lucien et Gaston, les mascottes de la maison<\/p>\n<p class=\" wall-content\">Les deux derniers arrivants du \u00ab\u2009sanctuaire\u2009\u00bb, apr\u00e8s <strong>Margaret la lapine de laboratoire, Slow le chien de ferme ou encore les poules de r\u00e9forme,<\/strong> ce sont Lucien et Gaston\u2009: deux jeunes boucs <strong>destin\u00e9s \u00e0 l\u2019abattoir<\/strong> et recueillis tout b\u00e9b\u00e9 par le couple en avril dernier. \u00c2g\u00e9s aujourd\u2019hui de 4\u00a0mois, extr\u00eamement c\u00e2lins et joueurs, ils sont un peu devenus les mascottes de la maison d\u2019h\u00f4tes.<\/p>\n<p class=\" wall-content\">Des petits compagnons qui apportent beaucoup de baume au c\u0153ur des visiteurs, autoris\u00e9s, bien entendu, \u00e0 profiter au m\u00eame titre qu\u2019eux de ce grand jardin avec balan\u00e7oires et piscine.<\/p>\n<p>    <img   decoding=\"async\" loading=\"lazy\" src=\"https:\/\/www.europesays.com\/fr\/wp-content\/uploads\/2025\/08\/la-lhuiseraie-lucien-gaston-ain-960x640.jpg\" alt=\"Lucien et Gaston au micro d'actu...\" width=\"960\" height=\"640\"\/><br \/>\n    Lucien et Gaston au micro d\u2019actu\u2026 (\u00a9Ludivine Caporal\/actu Lyon)<\/p>\n<p class=\" wall-content\">\u00ab\u2009On a toujours voulu avoir des animaux, \u00e7a faisait vraiment partie de notre projet lorsqu\u2019on cherchait une maison et ici, c\u2019\u00e9tait l\u2019id\u00e9al\u2009\u00bb, raconte Alice pendant que ses cheveux se font m\u00e2chouiller par Lucien.<\/p>\n<p>Une table d\u2019h\u00f4tes v\u00e9g\u00e9tarienne<\/p>\n<p class=\" wall-content\"><strong>En plein c\u0153ur du Bugey<\/strong>, \u00e0 1h15 de <a href=\"https:\/\/actu.fr\/auvergne-rhone-alpes\/lyon_69123\" target=\"_blank\" rel=\"noopener\">Lyon<\/a> en voiture, \u00ab\u2009La Lhuiseraie\u2009\u00bb dispose de trois chambres d\u2019h\u00f4tes au sein de la maison principale ainsi que d\u2019un g\u00eete pouvant accueillir jusqu\u2019\u00e0 six voyageurs, avec terrasse priv\u00e9e.<\/p>\n<p>Votre r\u00e9gion, votre actu !<\/p>\n<p>Recevez chaque jour les infos qui comptent pour vous.<\/p>\n<p>\t<a href=\"https:\/\/actu.fr\/newsletter\" class=\"ac-btn ac-btn--corner ac-btn--medium ac-btn--blue800\" target=\"_blank\" rel=\"noopener\">S&rsquo;incrire<\/a><\/p>\n<p>    <a href=\"https:\/\/www.google.com\/maps\/embed?pb=!1m18!1m12!1m3!1d2784.281616197275!2d5.53260387594368!3d45.74549991462631!2m3!1f0!2f0!3f0!3m2!1i1024!2i768!4f13.1!3m3!1m2!1s0x478b3f03b1f64575%3A0x8f319247b322486!2sLa%20Lhuiseraie%20-%20Chambres%20d%27h%C3%B4tes%20et%20G%C3%AEte%20-%20Table%20d%27h%C3%B4tes%20-%20Piscine%20-%20Privatisation%20pour%20%C3%A9v%C3%A9nements!5e0!3m2!1sfr!2sfr!4v1755783373298!5m2!1sfr!2sfr\" title=\"Ouvrie le lien\" target=\"_blank\" rel=\"noopener\">Cliquez ici pour visualiser le contenu<\/a><\/p>\n<p class=\" wall-content\">En plus de leur accueil aux petits oignons, Alice et Lucas proposent \u00e9galement une table d\u2019h\u00f4tes v\u00e9g\u00e9tarienne. De quoi offrir une cuisine 100\u2009% align\u00e9e avec leur amour pour les b\u00eates.<\/p>\n<p class=\" wall-content\">Personnalisez votre actualit\u00e9 en ajoutant vos villes et m\u00e9dias en favori avec <a href=\"https:\/\/moncompte.actu.fr\" title=\"D\u00e9couvez Mon Actu\" rel=\"nofollow noopener\" data-trk=\"{&quot;cta&quot;:{&quot;action&quot;:&quot;https:\\\/\\\/moncompte.actu.fr&quot;,&quot;category&quot;:&quot;mon compte&quot;,&quot;from&quot;:&quot;article footer&quot;,&quot;name&quot;:&quot;Mon actu&quot;,&quot;type&quot;:&quot;cta&quot;}}\" target=\"_blank\">Mon Actu<\/a>.<\/p>\n","protected":false},"excerpt":{"rendered":"Par Ludivine Caporal Publi\u00e9 le 24 ao\u00fbt 2025 \u00e0 6h22 Cach\u00e9 \u00e0 l\u2019arri\u00e8re d\u2019une vieille b\u00e2tisse du 19e&hellip;\n","protected":false},"author":2,"featured_media":339953,"comment_status":"","ping_status":"","sticky":false,"template":"","format":"standard","meta":{"footnotes":""},"categories":[1889],"tags":[1111,11,1867,2430,1777,674,1011,27,2428,12,25,104],"class_list":{"0":"post-339952","1":"post","2":"type-post","3":"status-publish","4":"format-standard","5":"has-post-thumbnail","7":"category-lyon","8":"tag-actu","9":"tag-actualites","10":"tag-animaux","11":"tag-auvergne-rhone-alpes","12":"tag-eu","13":"tag-europe","14":"tag-fr","15":"tag-france","16":"tag-lyon","17":"tag-news","18":"tag-republique-francaise","19":"tag-societe"},"share_on_mastodon":{"url":"https:\/\/pubeurope.com\/@fr\/115081992287113866","error":""},"_links":{"self":[{"href":"https:\/\/www.europesays.com\/fr\/wp-json\/wp\/v2\/posts\/339952","targetHints":{"allow":["GET"]}}],"collection":[{"href":"https:\/\/www.europesays.com\/fr\/wp-json\/wp\/v2\/posts"}],"about":[{"href":"https:\/\/www.europesays.com\/fr\/wp-json\/wp\/v2\/types\/post"}],"author":[{"embeddable":true,"href":"https:\/\/www.europesays.com\/fr\/wp-json\/wp\/v2\/users\/2"}],"replies":[{"embeddable":true,"href":"https:\/\/www.europesays.com\/fr\/wp-json\/wp\/v2\/comments?post=339952"}],"version-history":[{"count":0,"href":"https:\/\/www.europesays.com\/fr\/wp-json\/wp\/v2\/posts\/339952\/revisions"}],"wp:featuredmedia":[{"embeddable":true,"href":"https:\/\/www.europesays.com\/fr\/wp-json\/wp\/v2\/media\/339953"}],"wp:attachment":[{"href":"https:\/\/www.europesays.com\/fr\/wp-json\/wp\/v2\/media?parent=339952"}],"wp:term":[{"taxonomy":"category","embeddable":true,"href":"https:\/\/www.europesays.com\/fr\/wp-json\/wp\/v2\/categories?post=339952"},{"taxonomy":"post_tag","embeddable":true,"href":"https:\/\/www.europesays.com\/fr\/wp-json\/wp\/v2\/tags?post=339952"}],"curies":[{"name":"wp","href":"https:\/\/api.w.org\/{rel}","templated":true}]}}