{"id":339954,"date":"2025-08-24T05:03:17","date_gmt":"2025-08-24T05:03:17","guid":{"rendered":"https:\/\/www.europesays.com\/fr\/339954\/"},"modified":"2025-08-24T05:03:17","modified_gmt":"2025-08-24T05:03:17","slug":"ce-lac-paradisiaque-a-1h-de-lyon-est-lun-des-spots-les-plus-populaires-sur-google","status":"publish","type":"post","link":"https:\/\/www.europesays.com\/fr\/339954\/","title":{"rendered":"Ce lac paradisiaque \u00e0 1h de Lyon est l&rsquo;un des spots les plus populaires sur Google"},"content":{"rendered":"<p>            Par<br \/>\n        <strong><br \/>\n            <a href=\"https:\/\/actu.fr\/auteur\/emma-ressegaire\" title=\"Consulter tous les articles de Emma Ressegaire\" target=\"_blank\" rel=\"noopener\">Emma Ressegaire<\/a><br \/>\n        <\/strong><\/p>\n<p>        Publi\u00e9 le<\/p>\n<p>            24 ao\u00fbt 2025 \u00e0 6h30        <\/p>\n<p>Chaque ann\u00e9e, en France, les jours d\u2019\u00e9t\u00e9 sont <strong>de plus en plus chauds<\/strong>. Plus que jamais, les Fran\u00e7ais sont \u00e0 la recherche d\u2019une oasis de fra\u00eecheur pour pouvoir supporter au mieux les fortes chaleurs qui frappent l\u2019Hexagone. Entre baignades en famille, activit\u00e9s nautiques et promenades au grand air, <strong>les lacs et \u00e9tangs de France connaissent un \u00e9norme succ\u00e8s<\/strong>.<\/p>\n<p class=\" wall-content\">R\u00e9cemment, le comparateur d\u2019h\u00f4tels et locations de vacances Likibu.com a d\u00e9voil\u00e9 son classement des <strong>30 lacs et \u00e9tangs fran\u00e7ais les plus recherch\u00e9s sur Internet<\/strong>, r\u00e9alis\u00e9 \u00e0 partir du volume de recherches Google recueilli sur les 12 derniers mois.<\/p>\n<p>Entre 25 000 et 30 000 personnes les jours de forte affluence<\/p>\n<p class=\" wall-content\">Et c\u2019est \u00e0 la <strong>6e place<\/strong>, avec pr\u00e8s de 49 000 requ\u00eates, que le lac d\u2019Aiguebelette se situe. Il faut dire que chaque \u00e9t\u00e9, ce lac naturel situ\u00e9 dans le d\u00e9partement de la Savoie, attire des dizaines de milliers de visiteurs, <strong>entre 25 000 et 30 000<\/strong>, les jours de forte affluence.<\/p>\n<p class=\" wall-content\">En m\u00eame temps, au vu des temp\u00e9ratures tr\u00e8s \u00e9lev\u00e9es, rien de mieux que de piquer une t\u00eate dans une<strong> eau vert \u00e9meraude<\/strong> fra\u00eeche \u00e0 seulement une heure de Lyon. D\u2019ailleurs, sa magnifique couleur lui a donn\u00e9 son nom puisque \u201cAiguebelette\u201d signifie \u201cbelles petites eaux\u201d.<\/p>\n<p class=\" wall-content\">Cette ann\u00e9e, les <strong>trois premi\u00e8res places<\/strong> sont occup\u00e9es par le lac d\u2019Annecy (Haute-Savoie) avec 77 240 requ\u00eates, le lac du Salagou (H\u00e9rault) avec 69 320 requ\u00eates et le lac de Serre-Pon\u00e7on (Hautes-Alpes et Alpes-de-Haute-Provence) avec 57 910 requ\u00eates.<\/p>\n<p class=\" wall-content\">Personnalisez votre actualit\u00e9 en ajoutant vos villes et m\u00e9dias en favori avec <a href=\"https:\/\/moncompte.actu.fr\" title=\"D\u00e9couvez Mon Actu\" rel=\"nofollow noopener\" data-trk=\"{&quot;cta&quot;:{&quot;action&quot;:&quot;https:\\\/\\\/moncompte.actu.fr&quot;,&quot;category&quot;:&quot;mon compte&quot;,&quot;from&quot;:&quot;article footer&quot;,&quot;name&quot;:&quot;Mon actu&quot;,&quot;type&quot;:&quot;cta&quot;}}\" target=\"_blank\">Mon Actu<\/a>.<\/p>\n","protected":false},"excerpt":{"rendered":"Par Emma Ressegaire Publi\u00e9 le 24 ao\u00fbt 2025 \u00e0 6h30 Chaque ann\u00e9e, en France, les jours d\u2019\u00e9t\u00e9 sont&hellip;\n","protected":false},"author":2,"featured_media":339955,"comment_status":"","ping_status":"","sticky":false,"template":"","format":"standard","meta":{"footnotes":""},"categories":[1889],"tags":[1111,11,2430,6698,1777,674,1011,27,2428,5324,12,25,104],"class_list":{"0":"post-339954","1":"post","2":"type-post","3":"status-publish","4":"format-standard","5":"has-post-thumbnail","7":"category-lyon","8":"tag-actu","9":"tag-actualites","10":"tag-auvergne-rhone-alpes","11":"tag-canicule","12":"tag-eu","13":"tag-europe","14":"tag-fr","15":"tag-france","16":"tag-lyon","17":"tag-montagne","18":"tag-news","19":"tag-republique-francaise","20":"tag-societe"},"share_on_mastodon":{"url":"https:\/\/pubeurope.com\/@fr\/115081996084802757","error":""},"_links":{"self":[{"href":"https:\/\/www.europesays.com\/fr\/wp-json\/wp\/v2\/posts\/339954","targetHints":{"allow":["GET"]}}],"collection":[{"href":"https:\/\/www.europesays.com\/fr\/wp-json\/wp\/v2\/posts"}],"about":[{"href":"https:\/\/www.europesays.com\/fr\/wp-json\/wp\/v2\/types\/post"}],"author":[{"embeddable":true,"href":"https:\/\/www.europesays.com\/fr\/wp-json\/wp\/v2\/users\/2"}],"replies":[{"embeddable":true,"href":"https:\/\/www.europesays.com\/fr\/wp-json\/wp\/v2\/comments?post=339954"}],"version-history":[{"count":0,"href":"https:\/\/www.europesays.com\/fr\/wp-json\/wp\/v2\/posts\/339954\/revisions"}],"wp:featuredmedia":[{"embeddable":true,"href":"https:\/\/www.europesays.com\/fr\/wp-json\/wp\/v2\/media\/339955"}],"wp:attachment":[{"href":"https:\/\/www.europesays.com\/fr\/wp-json\/wp\/v2\/media?parent=339954"}],"wp:term":[{"taxonomy":"category","embeddable":true,"href":"https:\/\/www.europesays.com\/fr\/wp-json\/wp\/v2\/categories?post=339954"},{"taxonomy":"post_tag","embeddable":true,"href":"https:\/\/www.europesays.com\/fr\/wp-json\/wp\/v2\/tags?post=339954"}],"curies":[{"name":"wp","href":"https:\/\/api.w.org\/{rel}","templated":true}]}}