{"id":339962,"date":"2025-08-24T05:08:31","date_gmt":"2025-08-24T05:08:31","guid":{"rendered":"https:\/\/www.europesays.com\/fr\/339962\/"},"modified":"2025-08-24T05:08:31","modified_gmt":"2025-08-24T05:08:31","slug":"dans-la-peau-de-lancien-maire-de-la-garenne-colombes-en-premiere-ligne-pendant-la-crise-du-covid","status":"publish","type":"post","link":"https:\/\/www.europesays.com\/fr\/339962\/","title":{"rendered":"Dans la peau de l\u2019ancien maire\u2026 de La\u00a0Garenne-Colombes, en premi\u00e8re ligne pendant la crise du Covid"},"content":{"rendered":"<p class=\"col subheadline margin_bottom_subheadline widescreen-12 desktop-10\">Aujourd\u2019hui d\u00e9put\u00e9 (LR), Philippe Juvin \u00e9tait en 2020 le maire de La\u00a0Garenne-Colombes, dans les Hauts-de-Seine. R\u00e9\u00e9lu d\u00e8s le premier tour, deux jours avant le confinement, l\u2019homme qui est \u00e9galement patron des urgences de l\u2019h\u00f4pital Pompidou, revient sur ces mois \u00e9prouvants durant lesquels cette double casquette a plus que jamais \u00e9t\u00e9 utile.<\/p>\n<p>Par <a href=\"https:\/\/www.leparisien.fr\/auteur\/anne-sophie-damecour\/\" class=\"author_link\" rel=\"nofollow noopener\" target=\"_blank\">Anne-Sophie Damecour<\/a>\u00a0<\/p>\n<p>Le 23 ao\u00fbt 2025 \u00e0 07h37<\/p>\n","protected":false},"excerpt":{"rendered":"Aujourd\u2019hui d\u00e9put\u00e9 (LR), Philippe Juvin \u00e9tait en 2020 le maire de La\u00a0Garenne-Colombes, dans les Hauts-de-Seine. R\u00e9\u00e9lu d\u00e8s le&hellip;\n","protected":false},"author":2,"featured_media":339963,"comment_status":"","ping_status":"","sticky":false,"template":"","format":"standard","meta":{"footnotes":""},"categories":[1888],"tags":[11,5949,1777,674,1011,27,3554,12,626,316,25],"class_list":{"0":"post-339962","1":"post","2":"type-post","3":"status-publish","4":"format-standard","5":"has-post-thumbnail","7":"category-paris","8":"tag-actualites","9":"tag-elections","10":"tag-eu","11":"tag-europe","12":"tag-fr","13":"tag-france","14":"tag-municipales","15":"tag-news","16":"tag-paris","17":"tag-politique","18":"tag-republique-francaise"},"share_on_mastodon":{"url":"https:\/\/pubeurope.com\/@fr\/115082015843261303","error":""},"_links":{"self":[{"href":"https:\/\/www.europesays.com\/fr\/wp-json\/wp\/v2\/posts\/339962","targetHints":{"allow":["GET"]}}],"collection":[{"href":"https:\/\/www.europesays.com\/fr\/wp-json\/wp\/v2\/posts"}],"about":[{"href":"https:\/\/www.europesays.com\/fr\/wp-json\/wp\/v2\/types\/post"}],"author":[{"embeddable":true,"href":"https:\/\/www.europesays.com\/fr\/wp-json\/wp\/v2\/users\/2"}],"replies":[{"embeddable":true,"href":"https:\/\/www.europesays.com\/fr\/wp-json\/wp\/v2\/comments?post=339962"}],"version-history":[{"count":0,"href":"https:\/\/www.europesays.com\/fr\/wp-json\/wp\/v2\/posts\/339962\/revisions"}],"wp:featuredmedia":[{"embeddable":true,"href":"https:\/\/www.europesays.com\/fr\/wp-json\/wp\/v2\/media\/339963"}],"wp:attachment":[{"href":"https:\/\/www.europesays.com\/fr\/wp-json\/wp\/v2\/media?parent=339962"}],"wp:term":[{"taxonomy":"category","embeddable":true,"href":"https:\/\/www.europesays.com\/fr\/wp-json\/wp\/v2\/categories?post=339962"},{"taxonomy":"post_tag","embeddable":true,"href":"https:\/\/www.europesays.com\/fr\/wp-json\/wp\/v2\/tags?post=339962"}],"curies":[{"name":"wp","href":"https:\/\/api.w.org\/{rel}","templated":true}]}}