{"id":339964,"date":"2025-08-24T05:09:17","date_gmt":"2025-08-24T05:09:17","guid":{"rendered":"https:\/\/www.europesays.com\/fr\/339964\/"},"modified":"2025-08-24T05:09:17","modified_gmt":"2025-08-24T05:09:17","slug":"apres-une-semaine-daffaire-rabiot-les-olympiens-ont-enfin-retrouve-leurs-esprits","status":"publish","type":"post","link":"https:\/\/www.europesays.com\/fr\/339964\/","title":{"rendered":"apr\u00e8s une semaine d&rsquo;affaire Rabiot, les Olympiens ont enfin retrouv\u00e9 leurs esprits"},"content":{"rendered":"<p><a href=\"https:\/\/www.laprovence.com\/article\/om\/5310212774993\/le-billet-om-affaire-rabiot-et-dire-que-des-supporters-font-des-credits-pour-sabonner-au-velodrome\" target=\"_blank\" rel=\"noopener\">Les supporters<\/a> sont l\u00e0 pour \u00ab\u00a0l&rsquo;amour du maillot\u00a0\u00bb, comme ils le chantent si fi\u00e8rement chaque fois qu&rsquo;ils prennent place dans les virages. Il leur arrive, aussi, de rappeler r\u00e9guli\u00e8rement aux dirigeants, quels qu&rsquo;ils soient, que \u00ab\u00a0l&rsquo;OM, c&rsquo;est (eux)\u00a0\u00bb, \u00e0, l&rsquo;image des South Winners, qui ont d\u00e9ploy\u00e9 ce samedi la banderole \u00ab\u00a0No, OM siamo noi\u00a0!\u00a0\u00bb (\u00ab\u00a0Non, l&rsquo;OM c&rsquo;est nous\u00a0!\u00a0\u00bb) en r\u00e9f\u00e9rence aux discours de Roberto De Zerbi mis en avant tout l&rsquo;\u00e9t\u00e9 par le club dans la s\u00e9rie \u00ab\u00a0Sans jamais rien l\u00e2cher\u00a0\u00bb. Les joueurs\u00a0? Peu importe leurs noms finalement, tant qu&rsquo;ils d\u00e9fendent l&rsquo;\u00e9cusson olympien, comme l&rsquo;ont fait certains, \u00e0 l&rsquo;image du revenant Pierre-Emerick Aubameyang (quel come-back\u00a0!), ou des jeunes ayant r\u00e9ussi des entr\u00e9es convaincantes en seconde p\u00e9riode, Bilal Nadir et <a href=\"https:\/\/www.laprovence.com\/article\/om\/1642337835035615\/om-robinio-vaz-la-bonne-trouvaille\" target=\"_blank\" rel=\"noopener\">Robinio Vaz<\/a> (quel but dans le temps additionnel\u00a0!).<\/p>\n<p><a href=\"https:\/\/www.laprovence.com\/article\/om\/1862226006789914\/affaire-rabiot-ils-mentent-notre-interview-de-veronique-rabiot-la-mere-du-joueur-de-lom-qui-sen-prend-a-longoria-et-benatia\" target=\"_blank\" rel=\"noopener\">L&rsquo;affaire Rabiot<\/a>, elle, a \u00e9t\u00e9 oubli\u00e9e le temps de 90 minutes (avant de revenir sur le tapis en conf\u00e9rence d&rsquo;apr\u00e8s-match, quand Roberto De Zerbi lui a&#8230; tendu la main, lire en pages suivantes). Une partie pas franchement convaincante sur certains points mais dont l&rsquo;issue fait le plus grand bien apr\u00e8s une semaine tr\u00e8s agit\u00e9e en coulisses.<\/p>\n<p>L&rsquo;international n&rsquo;\u00e9tait donc plus l\u00e0, et \u00e7a s&rsquo;es&#8230;<\/p>\n","protected":false},"excerpt":{"rendered":"Les supporters sont l\u00e0 pour \u00ab\u00a0l&rsquo;amour du maillot\u00a0\u00bb, comme ils le chantent si fi\u00e8rement chaque fois qu&rsquo;ils prennent&hellip;\n","protected":false},"author":2,"featured_media":339965,"comment_status":"","ping_status":"","sticky":false,"template":"","format":"standard","meta":{"footnotes":""},"categories":[1888],"tags":[47532,17,11,150,47614,1777,674,1011,27,12,149,47531,626,4029,25,5572,96],"class_list":{"0":"post-339964","1":"post","2":"type-post","3":"status-publish","4":"format-standard","5":"has-post-thumbnail","7":"category-paris","8":"tag-5-2","9":"tag-17","10":"tag-actualites","11":"tag-apres","12":"tag-daffaire","13":"tag-eu","14":"tag-europe","15":"tag-fr","16":"tag-france","17":"tag-news","18":"tag-om","19":"tag-om-paris","20":"tag-paris","21":"tag-rabiot","22":"tag-republique-francaise","23":"tag-semaine","24":"tag-une"},"share_on_mastodon":{"url":"https:\/\/pubeurope.com\/@fr\/115082019719592004","error":""},"_links":{"self":[{"href":"https:\/\/www.europesays.com\/fr\/wp-json\/wp\/v2\/posts\/339964","targetHints":{"allow":["GET"]}}],"collection":[{"href":"https:\/\/www.europesays.com\/fr\/wp-json\/wp\/v2\/posts"}],"about":[{"href":"https:\/\/www.europesays.com\/fr\/wp-json\/wp\/v2\/types\/post"}],"author":[{"embeddable":true,"href":"https:\/\/www.europesays.com\/fr\/wp-json\/wp\/v2\/users\/2"}],"replies":[{"embeddable":true,"href":"https:\/\/www.europesays.com\/fr\/wp-json\/wp\/v2\/comments?post=339964"}],"version-history":[{"count":0,"href":"https:\/\/www.europesays.com\/fr\/wp-json\/wp\/v2\/posts\/339964\/revisions"}],"wp:featuredmedia":[{"embeddable":true,"href":"https:\/\/www.europesays.com\/fr\/wp-json\/wp\/v2\/media\/339965"}],"wp:attachment":[{"href":"https:\/\/www.europesays.com\/fr\/wp-json\/wp\/v2\/media?parent=339964"}],"wp:term":[{"taxonomy":"category","embeddable":true,"href":"https:\/\/www.europesays.com\/fr\/wp-json\/wp\/v2\/categories?post=339964"},{"taxonomy":"post_tag","embeddable":true,"href":"https:\/\/www.europesays.com\/fr\/wp-json\/wp\/v2\/tags?post=339964"}],"curies":[{"name":"wp","href":"https:\/\/api.w.org\/{rel}","templated":true}]}}