{"id":339966,"date":"2025-08-24T05:10:10","date_gmt":"2025-08-24T05:10:10","guid":{"rendered":"https:\/\/www.europesays.com\/fr\/339966\/"},"modified":"2025-08-24T05:10:10","modified_gmt":"2025-08-24T05:10:10","slug":"un-drone-ukrainien-provoque-un-incendie-dans-une-centrale-nucleaire-russe","status":"publish","type":"post","link":"https:\/\/www.europesays.com\/fr\/339966\/","title":{"rendered":"un drone ukrainien provoque un incendie dans une centrale nucl\u00e9aire russe"},"content":{"rendered":"<p>L&rsquo;interception d&rsquo;un drone ukrainien a provoqu\u00e9 un incendie dans le p\u00e9rim\u00e8tre d&rsquo;une centrale nucl\u00e9aire dans la r\u00e9gion russe frontali\u00e8re de Koursk, ce dimanche 24 ao\u00fbt. L&rsquo;incendie a \u00e9t\u00e9 ma\u00eetris\u00e9.<\/p>\n<p>L&rsquo;interception d&rsquo;un drone ukrainien a provoqu\u00e9 un incendie dans le p\u00e9rim\u00e8tre d&rsquo;une centrale nucl\u00e9aire dans la r\u00e9gion russe frontali\u00e8re de <a href=\"https:\/\/www.bfmtv.com\/international\/asie\/russie\/guerre-en-ukraine-moscou-accuse-kiev-d-avoir-lance-des-drones-pres-de-l-helicoptere-de-vladimir-poutine_AN-202505260470.html\" title=\"Guerre en Ukraine: Moscou accuse Kiev d&#039;avoir lanc\u00e9 des drones pr\u00e8s de l&#039;h\u00e9licopt\u00e8re de Vladimir Poutine\" class=\"internal_link\" rel=\"nofollow noopener\" target=\"_blank\">Koursk<\/a>, a indiqu\u00e9 son op\u00e9rateur dimanche, assurant que le sinistre avait \u00e9t\u00e9 ma\u00eetris\u00e9 et qu&rsquo;aucun taux anormal de radioactivit\u00e9 n&rsquo;avait \u00e9t\u00e9 mesur\u00e9.<\/p>\n<p>Abattu peu apr\u00e8s minuit (21H GMT) par la d\u00e9fense anti-a\u00e9rienne russe, le drone \u00ab\u00a0a explos\u00e9 et endommag\u00e9 un transformateur auxiliaire\u00a0\u00bb, a pr\u00e9cis\u00e9 la centrale de Koursk sur son compte Telegram. \u00ab\u00a0L&rsquo;incendie a \u00e9t\u00e9 \u00e9teint par les \u00e9quipes de pompiers\u00a0\u00bb, a-t-elle ajout\u00e9, pr\u00e9cisant qu&rsquo;il n&rsquo;y avait aucune victime.<\/p>\n<p>Le niveau de radiation normal<\/p>\n<p>L&rsquo;op\u00e9rateur de la centrale a indiqu\u00e9 que le fonctionnement de l&rsquo;un de ses quatre r\u00e9acteurs avait \u00e9t\u00e9 r\u00e9duit \u00e0 50% de sa capacit\u00e9 en raison de cette attaque. \u00ab\u00a0Le niveau de radiation sur le site industriel de la centrale nucl\u00e9aire de Koursk et dans les environs n&rsquo;a pas chang\u00e9 et correspond aux niveaux normaux\u00a0\u00bb, a-t-il pr\u00e9cis\u00e9.<\/p>\n<p>La Russie a lanc\u00e9 une offensive militaire \u00e0 grande \u00e9chelle en Ukraine en f\u00e9vrier 2022 et contr\u00f4le \u00e0 l&rsquo;heure actuelle environ 20% de ce pays voisin, dont la Crim\u00e9e, p\u00e9ninsule annex\u00e9e en 2014.<\/p>\n<p>Depuis le d\u00e9but des combats, l&rsquo;Agence internationale de l&rsquo;\u00e9nergie atomique (AEIA) met en garde contre le risque d&rsquo;une catastrophe, notamment \u00e0 la centrale nucl\u00e9aire de Zaporijjia dans le sud de l&rsquo;Ukraine, occup\u00e9e depuis mars 2022 par la Russie.<\/p>\n<p>En ao\u00fbt de l&rsquo;ann\u00e9e derni\u00e8re, Vladimir Poutine avait accus\u00e9 Kiev de vouloir frapper la centrale situ\u00e9e dans la r\u00e9gion de Koursk, alors sous offensive ukrainienne. Les forces russes l&rsquo;ont reprise au printemps.<\/p>\n","protected":false},"excerpt":{"rendered":"L&rsquo;interception d&rsquo;un drone ukrainien a provoqu\u00e9 un incendie dans le p\u00e9rim\u00e8tre d&rsquo;une centrale nucl\u00e9aire dans la r\u00e9gion russe&hellip;\n","protected":false},"author":2,"featured_media":339967,"comment_status":"","ping_status":"","sticky":false,"template":"","format":"standard","meta":{"footnotes":""},"categories":[1591],"tags":[11,1887,12,1885,1886,132],"class_list":{"0":"post-339966","1":"post","2":"type-post","3":"status-publish","4":"format-standard","5":"has-post-thumbnail","7":"category-russie","8":"tag-actualites","9":"tag-federation-de-russie","10":"tag-news","11":"tag-russia","12":"tag-russian-federation","13":"tag-russie"},"share_on_mastodon":{"url":"https:\/\/pubeurope.com\/@fr\/115082023611949482","error":""},"_links":{"self":[{"href":"https:\/\/www.europesays.com\/fr\/wp-json\/wp\/v2\/posts\/339966","targetHints":{"allow":["GET"]}}],"collection":[{"href":"https:\/\/www.europesays.com\/fr\/wp-json\/wp\/v2\/posts"}],"about":[{"href":"https:\/\/www.europesays.com\/fr\/wp-json\/wp\/v2\/types\/post"}],"author":[{"embeddable":true,"href":"https:\/\/www.europesays.com\/fr\/wp-json\/wp\/v2\/users\/2"}],"replies":[{"embeddable":true,"href":"https:\/\/www.europesays.com\/fr\/wp-json\/wp\/v2\/comments?post=339966"}],"version-history":[{"count":0,"href":"https:\/\/www.europesays.com\/fr\/wp-json\/wp\/v2\/posts\/339966\/revisions"}],"wp:featuredmedia":[{"embeddable":true,"href":"https:\/\/www.europesays.com\/fr\/wp-json\/wp\/v2\/media\/339967"}],"wp:attachment":[{"href":"https:\/\/www.europesays.com\/fr\/wp-json\/wp\/v2\/media?parent=339966"}],"wp:term":[{"taxonomy":"category","embeddable":true,"href":"https:\/\/www.europesays.com\/fr\/wp-json\/wp\/v2\/categories?post=339966"},{"taxonomy":"post_tag","embeddable":true,"href":"https:\/\/www.europesays.com\/fr\/wp-json\/wp\/v2\/tags?post=339966"}],"curies":[{"name":"wp","href":"https:\/\/api.w.org\/{rel}","templated":true}]}}