{"id":339973,"date":"2025-08-24T05:14:13","date_gmt":"2025-08-24T05:14:13","guid":{"rendered":"https:\/\/www.europesays.com\/fr\/339973\/"},"modified":"2025-08-24T05:14:13","modified_gmt":"2025-08-24T05:14:13","slug":"sans-subventions-personne-ne-veut-construire-ces-parcs-eoliens-en-mer-en-allemagne","status":"publish","type":"post","link":"https:\/\/www.europesays.com\/fr\/339973\/","title":{"rendered":"Sans subventions, personne ne veut construire ces parcs \u00e9oliens en mer en Allemagne"},"content":{"rendered":"<p><a href=\"https:\/\/cdn.revolution-energetique.com\/uploads\/2025\/08\/chantier-eolien-en-mer-hollande.jpg\" data-sub-html=\"Un chantier \u00e9olien en mer aux Pays-Bas \/ Image : Tromp Willem van Urk.\" class=\"gallery-image\" rel=\"nofollow noopener\" target=\"_blank\"><img alt=\"\" data-content=\"image\" fetchpriority=\"high\" width=\"1200\" height=\"800\" decoding=\"async\" data-nimg=\"1\" class=\"max-w-full rounded-xl\" style=\"color:transparent\"  src=\"https:\/\/www.europesays.com\/fr\/wp-content\/uploads\/2025\/08\/chantier-eolien-en-mer-hollande.jpg\"\/><\/a>Un chantier \u00e9olien en mer aux Pays-Bas \/ Image : Tromp Willem van Urk.<\/p>\n<p class=\"font-display text-xl font-semibold leading-7 md:text-2xl md:leading-8\" data-content=\"paragraph\" data-block=\"chapo\">Tout un symbole. L\u2019Allemagne, fer de lance du d\u00e9veloppement \u00e9olien en Europe, n\u2019a eu aucune candidature pour son tout dernier appel d\u2019offre pour un projet en mer de 2,5 GW. Loin d\u2019\u00eatre une simple erreur de parcours, cette situation souligne les difficult\u00e9s que rencontre le secteur de l\u2019\u00e9olien offshore sur le Vieux Continent.\u00a0<\/p>\n<p class=\"block-paragraph font-body text-foreground-text-primary mb-3 text-base leading-6 md:text-lg md:leading-7\" data-content=\"paragraph\" data-block=\"paragraph\">C\u2019est la douche froide pour le gouvernement allemand. Son appel d\u2019offre, concernant deux zones \u00e9oliennes en mer du Nord, n\u2019a int\u00e9ress\u00e9 <a href=\"https:\/\/www.revolution-energetique.com\/actus\/personne-ne-se-dispute-pour-construire-le-futur-parc-eolien-en-mer-doleron\/\" class=\"linkInArticle\" rel=\"nofollow noopener\" target=\"_blank\">aucune entreprise<\/a>. Personne ne s\u2019est donc port\u00e9 candidat. Ces deux zones, d\u2019une superficie totale de 180 km\u00b2, pr\u00e9voient 2,5 GW de puissance \u00e0 une distance de 100 km des c\u00f4tes allemandes. Leur mise en service est pr\u00e9vue pour 2029 et 2031.<\/p>\n<p class=\"block-paragraph font-body text-foreground-text-primary mb-3 text-base leading-6 md:text-lg md:leading-7\" data-content=\"paragraph\" data-block=\"paragraph\">Ce r\u00e9sultat s\u2019expliquerait par des risques financiers trop \u00e9lev\u00e9s, notamment \u00e0 cause de l\u2019absence de dispositif de soutien au prix de vente de l\u2019\u00e9lectricit\u00e9, que l\u2019on retrouve dans d\u2019autres pays comme la France. En parall\u00e8le, le projet renferme plusieurs incertitudes, particuli\u00e8rement en termes de rendement annuel. En effet, sur le long terme, ce parc de 2,5 GW sera entour\u00e9 d\u2019autres parcs \u00e9oliens comme N-9.4 ou N-12.1. Cela pourrait avoir des r\u00e9percussions directes sur les performances du parc \u00e0 cause de <a href=\"https:\/\/www.revolution-energetique.com\/actus\/wake-effect-quel-est-ce-phenomene-redoutable-pour-les-parcs-eoliens-en-mer\/\" class=\"linkInArticle\" rel=\"nofollow noopener\" target=\"_blank\">l\u2019effet de sillage<\/a>.<\/p>\n<p class=\"block-paragraph font-body text-foreground-text-primary mb-3 text-base leading-6 md:text-lg md:leading-7\" data-content=\"paragraph\" data-block=\"paragraph\">L\u2019Allemagne n\u2019est pas la seule \u00e0 subir une telle d\u00e9convenue. Fin 2024, au Danemark, un appel d\u2019offre avait d\u00e9j\u00e0 subi le m\u00eame sort pour trois zones d\u2019une puissance totale de 3 GW.<\/p>\n<p><a href=\"https:\/\/www.revolution-energetique.com\/actus\/le-parc-eolien-en-mer-mondial-depasse-les-83-gw-de-puissance-installee\/\" class=\"border-border-light group relative mb-5 flex flex-col rounded-lg border p-3 pt-5 md:p-6\" data-block=\"readMoreBlock\" data-content=\"paragraph\" rel=\"nofollow noopener\" target=\"_blank\">\u00c0 lire aussiLe parc \u00e9olien en mer mondial d\u00e9passe les 83 GW de puissance install\u00e9e<\/a><br \/>\nLe secteur de l\u2019\u00e9olien offshore peine \u00e0 sortir de l\u2019orni\u00e8re<\/p>\n<p class=\"block-paragraph font-body text-foreground-text-primary mb-3 text-base leading-6 md:text-lg md:leading-7\" data-content=\"paragraph\" data-block=\"paragraph\">Si le Danemark a relanc\u00e9 son appel d\u2019offre en assouplissant ses crit\u00e8res, et l\u2019Allemagne compte en faire autant d\u2019ici l\u2019\u00e9t\u00e9 prochain, la situation reste inqui\u00e9tante. En r\u00e9alit\u00e9, c\u2019est tout le secteur \u00e9olien offshore qui peine \u00e0 relever la t\u00eate et retrouver des perspectives financi\u00e8res sereines, apr\u00e8s plusieurs ann\u00e9es grev\u00e9es par <a href=\"https:\/\/www.revolution-energetique.com\/actus\/eolien-en-mer-pourquoi-cette-usine-francaise-de-pales-est-en-difficulte\/\" class=\"linkInArticle\" rel=\"nofollow noopener\" target=\"_blank\">d\u2019importantes hausses de prix<\/a> des mati\u00e8res premi\u00e8res et un manque de stabilit\u00e9 des politiques gouvernementales. L\u2019\u00e9volution du montant des concessions des projets allemands en est la preuve. Alors que le gouvernement avait r\u00e9colt\u00e9 12 milliards d\u2019euros en 2023 gr\u00e2ce \u00e0 7 GW de projets, elle n\u2019a obtenu que 180 millions d\u2019euros de la part de TotalEnergies pour le projet N-9.4 et son gigawatt de puissance.<\/p>\n<p class=\"block-paragraph font-body text-foreground-text-primary mb-3 text-base leading-6 md:text-lg md:leading-7\" data-content=\"paragraph\" data-block=\"paragraph\">Toujours en Europe, le projet \u00e9cossais <a href=\"https:\/\/www.revolution-energetique.com\/actus\/pourquoi-lextension-du-plus-grand-eolien-en-mer-du-monde-est-mis-en-pause\/\" class=\"linkInArticle\" rel=\"nofollow noopener\" target=\"_blank\">Hornsea 4<\/a> a r\u00e9cemment \u00e9t\u00e9 annul\u00e9 par Orsted par manque de rentabilit\u00e9. En France, l\u2019appel d\u2019offres concernant le <a href=\"https:\/\/www.revolution-energetique.com\/actus\/personne-ne-se-dispute-pour-construire-le-futur-parc-eolien-en-mer-doleron\/\" class=\"linkInArticle\" rel=\"nofollow noopener\" target=\"_blank\">futur parc \u00e9olien en mer d\u2019Ol\u00e9ron<\/a> ne bouscule pas les foules, puisqu\u2019un seul candidat semble pr\u00eat \u00e0 d\u00e9poser une offre.<\/p>\n<p class=\"mb-2 font-display text-sm text-foreground-text-tertiary\">La suite de votre contenu apr\u00e8s cette annonce<\/p>\n<p class=\"mb-2 font-display text-sm text-foreground-text-tertiary\">La suite de votre contenu apr\u00e8s cette annonce<\/p>\n","protected":false},"excerpt":{"rendered":"Un chantier \u00e9olien en mer aux Pays-Bas \/ Image : Tromp Willem van Urk. Tout un symbole. L\u2019Allemagne,&hellip;\n","protected":false},"author":2,"featured_media":339974,"comment_status":"","ping_status":"","sticky":false,"template":"","format":"standard","meta":{"footnotes":""},"categories":[1587],"tags":[11,672,1804,1805,1803,1777,674,1801,12,1802],"class_list":{"0":"post-339973","1":"post","2":"type-post","3":"status-publish","4":"format-standard","5":"has-post-thumbnail","7":"category-allemagne","8":"tag-actualites","9":"tag-allemagne","10":"tag-bundesrepublik-deutschland","11":"tag-de","12":"tag-deutschland","13":"tag-eu","14":"tag-europe","15":"tag-germany","16":"tag-news","17":"tag-republique-federale-dallemagne"},"share_on_mastodon":{"url":"https:\/\/pubeurope.com\/@fr\/115082039356454015","error":""},"_links":{"self":[{"href":"https:\/\/www.europesays.com\/fr\/wp-json\/wp\/v2\/posts\/339973","targetHints":{"allow":["GET"]}}],"collection":[{"href":"https:\/\/www.europesays.com\/fr\/wp-json\/wp\/v2\/posts"}],"about":[{"href":"https:\/\/www.europesays.com\/fr\/wp-json\/wp\/v2\/types\/post"}],"author":[{"embeddable":true,"href":"https:\/\/www.europesays.com\/fr\/wp-json\/wp\/v2\/users\/2"}],"replies":[{"embeddable":true,"href":"https:\/\/www.europesays.com\/fr\/wp-json\/wp\/v2\/comments?post=339973"}],"version-history":[{"count":0,"href":"https:\/\/www.europesays.com\/fr\/wp-json\/wp\/v2\/posts\/339973\/revisions"}],"wp:featuredmedia":[{"embeddable":true,"href":"https:\/\/www.europesays.com\/fr\/wp-json\/wp\/v2\/media\/339974"}],"wp:attachment":[{"href":"https:\/\/www.europesays.com\/fr\/wp-json\/wp\/v2\/media?parent=339973"}],"wp:term":[{"taxonomy":"category","embeddable":true,"href":"https:\/\/www.europesays.com\/fr\/wp-json\/wp\/v2\/categories?post=339973"},{"taxonomy":"post_tag","embeddable":true,"href":"https:\/\/www.europesays.com\/fr\/wp-json\/wp\/v2\/tags?post=339973"}],"curies":[{"name":"wp","href":"https:\/\/api.w.org\/{rel}","templated":true}]}}