{"id":339977,"date":"2025-08-24T05:16:13","date_gmt":"2025-08-24T05:16:13","guid":{"rendered":"https:\/\/www.europesays.com\/fr\/339977\/"},"modified":"2025-08-24T05:16:13","modified_gmt":"2025-08-24T05:16:13","slug":"multimedia-accord-commercial-ue-usa-un-plafond-de-droits-de-douane-a-15-divise-leurope-papier-general-xinhua","status":"publish","type":"post","link":"https:\/\/www.europesays.com\/fr\/339977\/","title":{"rendered":"(Multim\u00e9dia) Accord commercial UE-USA : un plafond de droits de douane \u00e0 15% divise l&rsquo;Europe (PAPIER GENERAL) &#8211; Xinhua"},"content":{"rendered":"<p><img decoding=\"async\" controls=\"controls\" src=\"https:\/\/www.europesays.com\/fr\/wp-content\/uploads\/2025\/08\/20250824d0ec9b5141934e1e9f108fa9ef940f78_XxjifrF007011_20250824_CBMFN0A001.JPG\"\/>Photo prise le 29 janvier 2025 montrant des drapeaux de l&rsquo;Union europ\u00e9enne flottant au si\u00e8ge de la Commission europ\u00e9enne, \u00e0 Bruxelles, en Belgique. (Xinhua\/Meng Dingbo)<\/p>\n<p><strong>L&rsquo;Union europ\u00e9enne (UE) et les Etats-Unis ont officialis\u00e9 jeudi un accord commercial instaurant un plafond de droits de douane \u00e0 15% sur la majorit\u00e9 des exportations europ\u00e9ennes vers les Etats-Unis. Si Bruxelles a salu\u00e9 une \u00ab\u00a0stabilit\u00e9\u00a0\u00bb \u00e9vitant l&rsquo;escalade, les gouvernements et fili\u00e8res concern\u00e9es, notamment en France et en Italie, ont exprim\u00e9 d\u00e9ception et inqui\u00e9tude. Selon des m\u00e9dias europ\u00e9ens, dans un contexte de guerre en Ukraine et de rivalit\u00e9s commerciales, cet accord r\u00e9v\u00e8le les fragilit\u00e9s de l&rsquo;autonomie europ\u00e9enne et les enjeux d&rsquo;une relation transatlantique sous tension.<\/strong><\/p>\n<p>PARIS, 24 ao\u00fbt (Xinhua) &#8212; L&rsquo;Union europ\u00e9enne (UE) et les Etats-Unis ont officialis\u00e9 jeudi un accord commercial instaurant un plafond de droits de douane \u00e0 15% sur la majorit\u00e9 des exportations europ\u00e9ennes vers les Etats-Unis. Si Bruxelles a salu\u00e9 une \u00ab\u00a0stabilit\u00e9\u00a0\u00bb \u00e9vitant l&rsquo;escalade, les gouvernements et fili\u00e8res concern\u00e9es, notamment en France et en Italie, ont exprim\u00e9 d\u00e9ception et inqui\u00e9tude. Selon des m\u00e9dias europ\u00e9ens, dans un contexte de guerre en Ukraine et de rivalit\u00e9s commerciales, cet accord r\u00e9v\u00e8le les fragilit\u00e9s de l&rsquo;autonomie europ\u00e9enne et les enjeux d&rsquo;une relation transatlantique sous tension.<\/p>\n<p>La pr\u00e9sidente de la Commission europ\u00e9enne, Ursula von der Leyen, a d\u00e9fendu un accord qui \u00ab\u00a0prot\u00e8ge des millions d&#8217;emplois\u00a0\u00bb et \u00e9vite une escalade, mais d&rsquo;autres parlent de \u00ab\u00a0capitulation\u00a0\u00bb face \u00e0 l&rsquo;administration am\u00e9ricaine. \u00ab\u00a0Ce n&rsquo;est pas un accord que nous pouvons c\u00e9l\u00e9brer\u00a0\u00bb, a d\u00e9clar\u00e9 Maxime Pr\u00e9vot, le chef de la diplomatie belge, refl\u00e9tant un sentiment partag\u00e9 dans plusieurs capitales europ\u00e9ennes.<\/p>\n<p>En France, le Premier ministre fran\u00e7ais Fran\u00e7ois Bayrou avait d\u00e9nonc\u00e9 \u00ab\u00a0un jour sombre\u00a0\u00bb et un accord \u00ab\u00a0d\u00e9s\u00e9quilibr\u00e9\u00a0\u00bb, une ligne reprise par plusieurs voix de la majorit\u00e9 et de l&rsquo;opposition r\u00e9clamant l&rsquo;activation de l&rsquo;outil anti-coercition de l&rsquo;UE. A Rome, la Premi\u00e8re ministre italienne Giorgia Meloni estime le deal \u00ab\u00a0positif mais incomplet\u00a0\u00bb : le taux de 15% est \u00ab\u00a0soutenable\u00a0\u00bb s&rsquo;il inclut bien les anciens droits, avec une demande de clarifications sur les exemptions agroalimentaires.<\/p>\n<p>L&rsquo;\u00e9chec \u00e0 obtenir une exemption pour le vin, tax\u00e9 \u00e0 15%, a suscit\u00e9 une \u00ab\u00a0immense d\u00e9ception\u00a0\u00bb chez les producteurs fran\u00e7ais et italiens, les deux pays repr\u00e9sentant \u00e0 eux seuls la moiti\u00e9 des exportations europ\u00e9ennes de vin vers les Etats-Unis. \u00ab\u00a0La d\u00e9fense de nos secteurs \u00e0 l&rsquo;export reste notre priorit\u00e9\u00a0\u00bb, a soulign\u00e9 le ministre d\u00e9l\u00e9gu\u00e9 fran\u00e7ais charg\u00e9 du Commerce ext\u00e9rieur, Laurent Saint-Martin, tout en insistant sur la possibilit\u00e9 de n\u00e9gociations ult\u00e9rieures.<\/p>\n<p>L&rsquo;Allemagne, dont l&rsquo;industrie automobile est directement touch\u00e9e, a adopt\u00e9 une posture plus pragmatique. Les constructeurs allemands, d\u00e9j\u00e0 confront\u00e9s \u00e0 une hausse des tarifs de 2,5% \u00e0 15% sur les voitures, craignent pour leur comp\u00e9titivit\u00e9, mais saluent la suspension des mesures de r\u00e9torsion europ\u00e9ennes.<\/p>\n<p>La Banque centrale europ\u00e9enne (BCE) anticipe un impact mod\u00e9r\u00e9 sur la croissance (1,1% en 2026 pour la zone euro), mais souligne que les droits de douane impacteront l&rsquo;\u00e9conomie mondiale, avec des risques inflationnistes \u00e0 moyen terme.<\/p>\n<p>TENSIONS TRANSATLANTIQUES<\/p>\n<p>Selon la presse fran\u00e7aise, l&rsquo;administration am\u00e9ricaine, per\u00e7ue comme \u00ab\u00a0passionn\u00e9ment protectionniste\u00a0\u00bb, a impos\u00e9 un cadre d\u00e9s\u00e9quilibr\u00e9 : l&rsquo;UE s&rsquo;engage \u00e0 supprimer ses droits de douane sur les produits manufactur\u00e9s am\u00e9ricains et \u00e0 ouvrir son march\u00e9 agricole, en \u00e9change d&rsquo;un plafond \u00e0 15% sur ses exportations. Les Europ\u00e9ens ont \u00e9vit\u00e9 une escalade, mais au prix d&rsquo;une d\u00e9pendance accrue, notamment avec son intention d&rsquo;acheter pour 750 milliards de dollars de produits \u00e9nerg\u00e9tiques am\u00e9ricains sur trois ans, ainsi que 40 milliards de dollars de puces d&rsquo;IA am\u00e9ricaines.<\/p>\n<p>Aux menaces d&rsquo;une guerre commerciale, s&rsquo;ajoute encore les d\u00e9saccords sur l&rsquo;Ukraine. Les discussions \u00e0 Washington entre les dirigeants am\u00e9ricain, ukrainien et europ\u00e9ens ont r\u00e9v\u00e9l\u00e9 des divergences sur la strat\u00e9gie \u00e0 adopter. Donald Trump conditionne une paix rapide \u00e0 des concessions territoriales ukrainiennes, tandis que l&rsquo;Europe insiste sur un engagement am\u00e9ricain aux garanties de s\u00e9curit\u00e9 pour Kiev. L&rsquo;UE a m\u00eame adapt\u00e9 son vocabulaire pour \u00e9viter de parler de \u00ab\u00a0cessez-le-feu\u00a0\u00bb, afin de ne pas braquer le pr\u00e9sident am\u00e9ricain, selon des observateurs europ\u00e9ens.<\/p>\n<p>Cet accord douanier transatlantique \u00ab\u00a0d\u00e9t\u00e9riore consid\u00e9rablement les relations commerciales entre les deux parties par rapport \u00e0 la situation de l&rsquo;ann\u00e9e derni\u00e8re\u00a0\u00bb, estime Niclas Poitiers, chercheur au think tank Bruegel, cit\u00e9 par la presse. \u00ab\u00a0Mais m\u00eame si ce texte est un accord commercial catastrophique, il faut aussi le regarder sous un angle g\u00e9opolitique\u00a0\u00bb, note-t-il, faisant r\u00e9f\u00e9rence \u00e0 l&rsquo;Ukraine.<\/p>\n","protected":false},"excerpt":{"rendered":"Photo prise le 29 janvier 2025 montrant des drapeaux de l&rsquo;Union europ\u00e9enne flottant au si\u00e8ge de la Commission&hellip;\n","protected":false},"author":2,"featured_media":339978,"comment_status":"","ping_status":"","sticky":false,"template":"","format":"standard","meta":{"footnotes":""},"categories":[1586],"tags":[11,215,981,1777,674,1779,1011,27,12,25,8727,1778,364,308],"class_list":{"0":"post-339977","1":"post","2":"type-post","3":"status-publish","4":"format-standard","5":"has-post-thumbnail","7":"category-europe","8":"tag-actualites","9":"tag-commerce","10":"tag-douane","11":"tag-eu","12":"tag-europe","13":"tag-european-union","14":"tag-fr","15":"tag-france","16":"tag-news","17":"tag-republique-francaise","18":"tag-tarifs","19":"tag-ue","20":"tag-union-europeenne","21":"tag-usa"},"share_on_mastodon":{"url":"https:\/\/pubeurope.com\/@fr\/115082047318263878","error":""},"_links":{"self":[{"href":"https:\/\/www.europesays.com\/fr\/wp-json\/wp\/v2\/posts\/339977","targetHints":{"allow":["GET"]}}],"collection":[{"href":"https:\/\/www.europesays.com\/fr\/wp-json\/wp\/v2\/posts"}],"about":[{"href":"https:\/\/www.europesays.com\/fr\/wp-json\/wp\/v2\/types\/post"}],"author":[{"embeddable":true,"href":"https:\/\/www.europesays.com\/fr\/wp-json\/wp\/v2\/users\/2"}],"replies":[{"embeddable":true,"href":"https:\/\/www.europesays.com\/fr\/wp-json\/wp\/v2\/comments?post=339977"}],"version-history":[{"count":0,"href":"https:\/\/www.europesays.com\/fr\/wp-json\/wp\/v2\/posts\/339977\/revisions"}],"wp:featuredmedia":[{"embeddable":true,"href":"https:\/\/www.europesays.com\/fr\/wp-json\/wp\/v2\/media\/339978"}],"wp:attachment":[{"href":"https:\/\/www.europesays.com\/fr\/wp-json\/wp\/v2\/media?parent=339977"}],"wp:term":[{"taxonomy":"category","embeddable":true,"href":"https:\/\/www.europesays.com\/fr\/wp-json\/wp\/v2\/categories?post=339977"},{"taxonomy":"post_tag","embeddable":true,"href":"https:\/\/www.europesays.com\/fr\/wp-json\/wp\/v2\/tags?post=339977"}],"curies":[{"name":"wp","href":"https:\/\/api.w.org\/{rel}","templated":true}]}}