{"id":339981,"date":"2025-08-24T05:18:11","date_gmt":"2025-08-24T05:18:11","guid":{"rendered":"https:\/\/www.europesays.com\/fr\/339981\/"},"modified":"2025-08-24T05:18:11","modified_gmt":"2025-08-24T05:18:11","slug":"deux-tres-jeunes-cousins-meurent-par-noyade","status":"publish","type":"post","link":"https:\/\/www.europesays.com\/fr\/339981\/","title":{"rendered":"Deux tr\u00e8s jeunes cousins meurent par noyade"},"content":{"rendered":"<p>La s\u00e9rie noire des <a href=\"https:\/\/www.20minutes.fr\/dossier\/noyade\" target=\"_blank\" class=\"c-link c-link--is-underlined\" rel=\"nofollow noopener\">noyades <\/a>se poursuit en France. Un nouveau drame a ainsi eu lieu samedi apr\u00e8s-midi, cette fois dans le <a href=\"https:\/\/www.20minutes.fr\/societe\/val-de-marne\/\" target=\"_blank\" class=\"c-link c-link--is-underlined\" rel=\"nofollow noopener\">Val-de-Marne<\/a>. Deux enfants d\u2019une m\u00eame famille sont morts \u00e0 Orly dans un parc municipal, a indiqu\u00e9 le parquet de Cr\u00e9teil confirmant une information du Parisien.<\/p>\n<p>Une enqu\u00eate est ouverte pour recherche des causes de la mort de ces deux jeunes cousins, a pr\u00e9cis\u00e9 le minist\u00e8re public, qui n\u2019\u00e9tait pas en mesure samedi soir de pr\u00e9ciser l\u2019\u00e2ge des deux victimes. Selon Le Parisien, ils sont \u00e2g\u00e9s de trois et quatre ans.<\/p>\n<p>Un parc pas d\u00e9di\u00e9 \u00e0 la baignade<\/p>\n<p>Le quotidien francilien pr\u00e9cise que le parc Georges M\u00e9li\u00e8s, o\u00f9 il situe le drame, ne poss\u00e8de pas de plan d\u2019eau ouvert \u00e0 la baignade, citant la municipalit\u00e9.<\/p>\n<\/p>\n<p>En France, 268 personnes ont perdu la vie par noyade du 1er\u00a0juin au 13\u00a0ao\u00fbt, un nombre globalement stable sur un an, ont annonc\u00e9 les autorit\u00e9s sanitaires, qui pointent toutefois des d\u00e9c\u00e8s d\u2019enfants et adolescents dans les cours d\u2019eau plus fr\u00e9quents, ainsi qu\u2019en mer pour les adultes.<\/p>\n<p><a href=\"https:\/\/www.20minutes.fr\/faits_divers\/\" target=\"_blank\" class=\"c-link c-btn c-btn--primary\" rel=\"nofollow noopener\">Notre dossier sur les Faits divers en France<\/a><\/p>\n<p>Au total, 1.013 noyades ont \u00e9t\u00e9 recens\u00e9es dans l\u2019Hexagone et en Outre-mer (contre 886 sur la m\u00eame p\u00e9riode en\u00a02024, soit une hausse de 14\u00a0%), dont environ une sur quatre (26\u00a0%) a \u00e9t\u00e9 mortelle, pr\u00e9cisait vendredi <a href=\"https:\/\/www.20minutes.fr\/dossier\/sante_publique\" target=\"_blank\" class=\"c-link c-link--is-underlined\" rel=\"nofollow noopener\">Sant\u00e9 publique<\/a> France dans son troisi\u00e8me point de l\u2019\u00e9t\u00e9.<\/p>\n","protected":false},"excerpt":{"rendered":"La s\u00e9rie noire des noyades se poursuit en France. Un nouveau drame a ainsi eu lieu samedi apr\u00e8s-midi,&hellip;\n","protected":false},"author":2,"featured_media":339982,"comment_status":"","ping_status":"","sticky":false,"template":"","format":"standard","meta":{"footnotes":""},"categories":[2],"tags":[47,11,15109,118,658,1011,27,662,12,7781,25,5699,1125,133],"class_list":{"0":"post-339981","1":"post","2":"type-post","3":"status-publish","4":"format-standard","5":"has-post-thumbnail","7":"category-actualites","8":"tag-actualite","9":"tag-actualites","10":"tag-baignade","11":"tag-faits-divers","12":"tag-faits-divers-paris","13":"tag-fr","14":"tag-france","15":"tag-ile-de-france","16":"tag-news","17":"tag-noyade","18":"tag-republique-francaise","19":"tag-sante-publique","20":"tag-val-de-marne","21":"tag-video"},"share_on_mastodon":{"url":"https:\/\/pubeurope.com\/@fr\/115082055168551183","error":""},"_links":{"self":[{"href":"https:\/\/www.europesays.com\/fr\/wp-json\/wp\/v2\/posts\/339981","targetHints":{"allow":["GET"]}}],"collection":[{"href":"https:\/\/www.europesays.com\/fr\/wp-json\/wp\/v2\/posts"}],"about":[{"href":"https:\/\/www.europesays.com\/fr\/wp-json\/wp\/v2\/types\/post"}],"author":[{"embeddable":true,"href":"https:\/\/www.europesays.com\/fr\/wp-json\/wp\/v2\/users\/2"}],"replies":[{"embeddable":true,"href":"https:\/\/www.europesays.com\/fr\/wp-json\/wp\/v2\/comments?post=339981"}],"version-history":[{"count":0,"href":"https:\/\/www.europesays.com\/fr\/wp-json\/wp\/v2\/posts\/339981\/revisions"}],"wp:featuredmedia":[{"embeddable":true,"href":"https:\/\/www.europesays.com\/fr\/wp-json\/wp\/v2\/media\/339982"}],"wp:attachment":[{"href":"https:\/\/www.europesays.com\/fr\/wp-json\/wp\/v2\/media?parent=339981"}],"wp:term":[{"taxonomy":"category","embeddable":true,"href":"https:\/\/www.europesays.com\/fr\/wp-json\/wp\/v2\/categories?post=339981"},{"taxonomy":"post_tag","embeddable":true,"href":"https:\/\/www.europesays.com\/fr\/wp-json\/wp\/v2\/tags?post=339981"}],"curies":[{"name":"wp","href":"https:\/\/api.w.org\/{rel}","templated":true}]}}