{"id":339994,"date":"2025-08-24T05:27:28","date_gmt":"2025-08-24T05:27:28","guid":{"rendered":"https:\/\/www.europesays.com\/fr\/339994\/"},"modified":"2025-08-24T05:27:28","modified_gmt":"2025-08-24T05:27:28","slug":"sud-gironde-cyclisme-joris-mercier-simpose-sur-le-prix-des-festayres-paroupians-a-saint-symphorien","status":"publish","type":"post","link":"https:\/\/www.europesays.com\/fr\/339994\/","title":{"rendered":"Sud Gironde \u2013 CYCLISME \u2014 \u2014 Joris Mercier s\u2019impose sur le prix des Festayres Paroupians \u00e0 Saint Symphorien"},"content":{"rendered":"<p>&#13;<br \/>\n    &#13;<\/p>\n<p class=\"uk-article-meta\">Publi\u00e9 le 23 ao\u00fbt 2025 dans R\u00e9sultats<\/p>\n<p>&#13;<\/p>\n<p>Malgr\u00e9 les difficult\u00e9s le VC Bazas Bernos Beaulac a r\u00e9ussi une belle organisation.<\/p>\n<p>&#13;<\/p>\n<p>SAMEDI 23 AOUT 2025<br \/><strong>SAINT SYMPHORIEN (33), PRIX DES FESTAYRES PAROUPIANS<\/strong><br \/><strong>ORGANISATION\u00a0<\/strong>: VC BAZAS BERNOS BEAULAC<br \/><strong>CATEGORIES :<\/strong>\u00a0OPEN 1-2-3 + ACCESS<br \/>Circuit en ville : 79,2 km (33 tours de 2,4 km)\u2026<\/p>\n<p>Ils \u00e9taient une cinquantaine \u00e0 prendre le d\u00e9part pour ce classique grand Prix des F\u00eates de Saint Symphorien.<\/p>\n<p class=\"has-luminous-vivid-amber-background-color has-background has-medium-font-size\"><strong>Joris Mercier (SU Agen) s\u2019impose au terme d\u2019un sprint massif.<\/strong><\/p>\n<p><img fetchpriority=\"high\" decoding=\"async\" width=\"1024\" height=\"682\" src=\"https:\/\/www.europesays.com\/fr\/wp-content\/uploads\/2025\/08\/DSC_9885.JPG-1-1024x682.jpg\" alt=\"\" class=\"wp-image-122168\"  \/><\/p>\n<p>2 Killian Larpe 3 Julien Gabriel 4 Maxime Fernandez 5 Ga\u00e9tan Graciannette \u2026<\/p>\n<p class=\"has-medium-font-size\"><strong>\u2014\u2014\u2014\u2014\u2014\u2014\u2014\u2014\u2014\u2014\u2013<\/strong><\/p>\n<p>Ils \u00e9taient 48 \u00e0 prendre le d\u00e9part sous le soleil et 30\u00b0.<\/p>\n<p><img loading=\"lazy\" decoding=\"async\" width=\"1024\" height=\"682\" src=\"https:\/\/www.europesays.com\/fr\/wp-content\/uploads\/2025\/08\/DSC_9747-1024x682.jpg\" alt=\"\" class=\"wp-image-122170\"  \/><\/p>\n<p>Apr\u00e8s un moment de recueillement demand\u00e9 par G\u00e9rard Boissavy en m\u00e9moire de Jean Luc L\u00e9glise que tout le monde ici avait bien connu, le peloton s\u2019\u00e9lan\u00e7ait.<\/p>\n<p><img loading=\"lazy\" decoding=\"async\" width=\"1024\" height=\"682\" src=\"https:\/\/www.europesays.com\/fr\/wp-content\/uploads\/2025\/08\/DSC_9749-1024x682.jpg\" alt=\"\" class=\"wp-image-122171\"  \/><\/p>\n<p>Julien Gabriel le coureur de l\u2019UV Auch GG faisait le d\u00e9part, le rythme n\u2019allait pas diminuer.<\/p>\n<p><img loading=\"lazy\" decoding=\"async\" width=\"1024\" height=\"682\" src=\"https:\/\/www.europesays.com\/fr\/wp-content\/uploads\/2025\/08\/DSC_9753-1024x682.jpg\" alt=\"\" class=\"wp-image-122172\"  \/><\/p>\n<p>45km\/h affichaient les compteurs \u00e0 l\u2019arriv\u00e9e.<\/p>\n<p>H\u00e9las pour Yohan Soubes le local de l\u2019\u00e9preuve victime d\u2019une chute et d\u2019une vraisemblable fracture de la clavicule.<\/p>\n<p><img loading=\"lazy\" decoding=\"async\" width=\"1024\" height=\"682\" src=\"https:\/\/www.europesays.com\/fr\/wp-content\/uploads\/2025\/08\/DSC_9785-1024x682.jpg\" alt=\"\" class=\"wp-image-122173\"  \/><\/p>\n<p><img loading=\"lazy\" decoding=\"async\" width=\"1024\" height=\"682\" src=\"https:\/\/www.europesays.com\/fr\/wp-content\/uploads\/2025\/08\/DSC_9793-1024x682.jpg\" alt=\"\" class=\"wp-image-122174\"  \/><\/p>\n<p>Maxence Le Fur, Quentin Messegue, Julien Gabriel, Maxime Fernandez, Simon Laurent, Romain Chaminaud et Didier Saumon composaient l\u2019\u00e9chapp\u00e9e t\u00f4t lanc\u00e9e et qui allait r\u00e9sister avant d\u2019\u00eatre reprise par un trio Mathieu Dupin, Joris Mercier et Valentin B\u00e9sarion.<\/p>\n<p><img loading=\"lazy\" decoding=\"async\" width=\"1024\" height=\"682\" src=\"https:\/\/www.europesays.com\/fr\/wp-content\/uploads\/2025\/08\/DSC_9805-1024x682.jpg\" alt=\"\" class=\"wp-image-122175\"  \/><\/p>\n<p>Ce dernier d\u00e9crochait alors que le peloton naviguait \u00e0 une trentaine de secondes.<\/p>\n<p><img loading=\"lazy\" decoding=\"async\" width=\"1024\" height=\"682\" src=\"https:\/\/www.europesays.com\/fr\/wp-content\/uploads\/2025\/08\/DSC_9824-1024x682.jpg\" alt=\"\" class=\"wp-image-122177\"  \/><\/p>\n<p><img loading=\"lazy\" decoding=\"async\" width=\"1024\" height=\"682\" src=\"https:\/\/www.europesays.com\/fr\/wp-content\/uploads\/2025\/08\/DSC_9822-1024x682.jpg\" alt=\"\" class=\"wp-image-122176\"  \/><\/p>\n<p>Les relances du v\u00e9t\u00e9ran Alain Ignace et celles de Killian Larpe maintenaient le peloton en position de revenir sur les \u00e9chapp\u00e9s.<\/p>\n<p><img loading=\"lazy\" decoding=\"async\" width=\"1024\" height=\"682\" src=\"https:\/\/www.europesays.com\/fr\/wp-content\/uploads\/2025\/08\/DSC_9854-1024x682.jpg\" alt=\"\" class=\"wp-image-122179\"  \/><\/p>\n<p>Il restait une dizaine de tours \u00e0 parcourir lorsque sur une acc\u00e9l\u00e9ration plus appuy\u00e9e l\u2019\u00e9cart fondit rapidement et la jonction s\u2019effectua<\/p>\n<p><img loading=\"lazy\" decoding=\"async\" width=\"1024\" height=\"682\" src=\"https:\/\/www.europesays.com\/fr\/wp-content\/uploads\/2025\/08\/DSC_9879-1024x682.jpg\" alt=\"\" class=\"wp-image-122186\"  \/><\/p>\n<p>Les derni\u00e8res tentatives n\u2019y chang\u00e8rent rien, c\u2019est \u00e0 un sprint massif que se disputa la victoire.<\/p>\n<p><img loading=\"lazy\" decoding=\"async\" width=\"1024\" height=\"682\" src=\"https:\/\/www.europesays.com\/fr\/wp-content\/uploads\/2025\/08\/DSC_9862-1024x682.jpg\" alt=\"\" class=\"wp-image-122180\"  \/><\/p>\n<p><img loading=\"lazy\" decoding=\"async\" width=\"1024\" height=\"682\" src=\"https:\/\/www.europesays.com\/fr\/wp-content\/uploads\/2025\/08\/DSC_9867-1024x682.jpg\" alt=\"\" class=\"wp-image-122181\"  \/><\/p>\n<p>Beaucoup pensaient \u00e0 une nouvelle victoire de Killian Larpe mais c\u2019est\u00a0 l\u2019Agenais Joris Mercier qui fut le plus rapide enregistrant sa premi\u00e8re victoir FFC.<\/p>\n<p><img loading=\"lazy\" decoding=\"async\" width=\"1024\" height=\"682\" src=\"https:\/\/www.europesays.com\/fr\/wp-content\/uploads\/2025\/08\/DSC_9885.JPG-3-1024x682.jpg\" alt=\"\" class=\"wp-image-122182\"  \/><\/p>\n<p>Protocole avec la pr\u00e9sence de Vincent Dedieu. Meilleur sprinter Quentin Messegue, 1er du VC Bazas Bernos Beaulac Damien Chaminaud, Joris Mercier vainqueur et M\u00e9lanie Dupin en reprise apr\u00e8s une fracture de la clavicule .<\/p>\n<p><img loading=\"lazy\" decoding=\"async\" width=\"1024\" height=\"682\" src=\"https:\/\/www.europesays.com\/fr\/wp-content\/uploads\/2025\/08\/DSC_9914-1024x682.jpg\" alt=\"\" class=\"wp-image-122183\"  \/><\/p>\n<p class=\"has-medium-font-size\"><strong><a href=\"https:\/\/photos.google.com\/share\/AF1QipN4EN0i6CqdUHXtesY2xo_a5nuTzdRuj7aRFeHnTGn0-i8hY0TjTV5UzmcAtz3VbQ?key=MFBra2Raa1BlX1dZZ0tHODFVZ1EyN1c2eTJNbDFR&amp;hl=fr-CA\" data-type=\"link\" data-id=\"https:\/\/photos.google.com\/share\/AF1QipN4EN0i6CqdUHXtesY2xo_a5nuTzdRuj7aRFeHnTGn0-i8hY0TjTV5UzmcAtz3VbQ?key=MFBra2Raa1BlX1dZZ0tHODFVZ1EyN1c2eTJNbDFR&amp;hl=fr-CA\" target=\"_blank\" rel=\"noreferrer noopener nofollow\">Toutes les photos en cliquant sur l\u2019image ci-dessous<\/a><\/strong><\/p>\n<p><a href=\"https:\/\/photos.google.com\/share\/AF1QipN4EN0i6CqdUHXtesY2xo_a5nuTzdRuj7aRFeHnTGn0-i8hY0TjTV5UzmcAtz3VbQ?key=MFBra2Raa1BlX1dZZ0tHODFVZ1EyN1c2eTJNbDFR&amp;hl=fr-CA\" target=\"_blank\" rel=\" noreferrer noopener nofollow\"><img loading=\"lazy\" decoding=\"async\" width=\"1024\" height=\"682\" src=\"https:\/\/www.europesays.com\/fr\/wp-content\/uploads\/2025\/08\/DSC_9757-1024x682.jpg\" alt=\"\" class=\"wp-image-122187\"  \/><\/a><\/p>\n<p><strong>Classement <\/strong><\/p>\n<p>Place NOM Pr\u00e9nom EQUIPE CATEGORIE S\/Cat Ecart<br \/>1 MERCIER Joris SUA CYCLISME Open 3 1.43.54<br \/>2 LARPE Killian ANGOULEME VC Open 1 \u00ab\u00a0<br \/>3 GABRIEL Julien UV AUCH GG Open 1 \u00ab\u00a0<br \/>4 FERNANDEZ Maxime A.PO.GE CYCLISTE Open 1 \u00ab\u00a0<br \/>5 GRACIANNETTE Gaetan CAM DE BORDEAUX Open 1 \u00ab\u00a0<br \/>6 ROUSSEL Lilian CC MARMANDAIS Open 2 \u00ab\u00a0<br \/>7 LACOSTE Anthony UC ORTHEZIENNE Open 1 \u00ab\u00a0<br \/>8 CHAMINAUD Romain VC BAZAS\/BERNOS BEAULAC Open 1 \u00ab\u00a0<br \/>9 FERREIRA Rom\u00e9o UV AUCH GG Open 2 \u00ab\u00a0<br \/>10 GABASTON Remy STADE MONTOIS CYCLISME Open 1 \u00ab\u00a0<br \/>11 SERPEAUD William EC QUEVILLY Open 2 \u00ab\u00a0<br \/>12 DELMAS Nathan CA CASTELSARRASIN Open 1 \u00ab\u00a0<br \/>13 LAURENT Simon SUA CYCLISME Open 1 \u00ab\u00a0<br \/>14 FIACRE Julien US BOUSCATAISE CYCLISME Open 2 \u00ab\u00a0<br \/>15 SOULAS Thomas APOGE OPEN 1 \u00ab\u00a0<br \/>16 DUPIN Mathieu STADE MONTOIS CYCLISME Open 1 \u00ab\u00a0<br \/>17 LE FUR Maxence A.PO.GE CYCLISTE Open 1 \u00ab\u00a0<br \/>18 FOVIAUX Corantin VC BAZAS\/BERNOS BEAULAC Open 3 \u00ab\u00a0<br \/>19 MARTIN Thomas APOGE OPEN 1 \u00ab\u00a0<br \/>20 DUVAL Marco LA FEUILLIE CYCLISTE Open 3 \u00ab\u00a0<br \/>21 BARBELANNE Romain UV AUCH GG OPEN 3 \u00ab\u00a0<br \/>22 DARBO Christophe STADE MONTOIS CYCLISME Open 1 \u00ab\u00a0<br \/>23 BARRET Flavien DORDOGNE SUD CYCLISME Open 3 \u00ab\u00a0<br \/>24 SAUMON Didier CLUB INTERNET Access 2 \u00ab\u00a0<br \/>25 DELABY Lucas G.M.C. 38 (EYBENS FORMATION) Open 1 \u00ab\u00a0<br \/>26 JOISNOT Guillaume US VILLENAVAISE CYCLISME Access 2 \u00ab\u00a0<br \/>27 PELLIER Pierre Mathieu DORDOGNE SUD CYCLISME Open 1 \u00ab\u00a0<br \/>28 LABBE Gerald GUIDON MACARIEN Access 2 \u00ab\u00a0<br \/>29 IGNACE Alain TONNEINS ACCESS 1 \u00ab\u00a0<br \/>30 FABRE Julian VC DU SUD GIRONDE Open 1 \u00ab\u00a0<br \/>31 JOURDAN Bastien VC BAZAS\/BERNOS BEAULAC Access 1 \u00ab\u00a0<br \/>32 DUPIN Melanie TEAM ELLES OPEN 1 \u00ab\u00a0<br \/>33 MESSEGUE Quentin SUA CYCLISME Open 3 \u00ab\u00a0<br \/>34 LUSTENBERGER Leo VC DU BRUILHOIS ET DE L\u2019AGENAIS Open 2 \u00ab\u00a0<br \/>35 BENOT COLLIN Clement CC MARMANDAIS Open 3 \u00ab\u00a0<\/p>\n<p>&#13;<\/p>\n","protected":false},"excerpt":{"rendered":"&#13; &#13; Publi\u00e9 le 23 ao\u00fbt 2025 dans R\u00e9sultats &#13; Malgr\u00e9 les difficult\u00e9s le VC Bazas Bernos Beaulac&hellip;\n","protected":false},"author":2,"featured_media":339995,"comment_status":"","ping_status":"","sticky":false,"template":"","format":"standard","meta":{"footnotes":""},"categories":[1411],"tags":[1154,207,1011,27,60],"class_list":{"0":"post-339994","1":"post","2":"type-post","3":"status-publish","4":"format-standard","5":"has-post-thumbnail","7":"category-cyclisme","8":"tag-cycling","9":"tag-cyclisme","10":"tag-fr","11":"tag-france","12":"tag-sports"},"share_on_mastodon":{"url":"https:\/\/pubeurope.com\/@fr\/115082091256375617","error":""},"_links":{"self":[{"href":"https:\/\/www.europesays.com\/fr\/wp-json\/wp\/v2\/posts\/339994","targetHints":{"allow":["GET"]}}],"collection":[{"href":"https:\/\/www.europesays.com\/fr\/wp-json\/wp\/v2\/posts"}],"about":[{"href":"https:\/\/www.europesays.com\/fr\/wp-json\/wp\/v2\/types\/post"}],"author":[{"embeddable":true,"href":"https:\/\/www.europesays.com\/fr\/wp-json\/wp\/v2\/users\/2"}],"replies":[{"embeddable":true,"href":"https:\/\/www.europesays.com\/fr\/wp-json\/wp\/v2\/comments?post=339994"}],"version-history":[{"count":0,"href":"https:\/\/www.europesays.com\/fr\/wp-json\/wp\/v2\/posts\/339994\/revisions"}],"wp:featuredmedia":[{"embeddable":true,"href":"https:\/\/www.europesays.com\/fr\/wp-json\/wp\/v2\/media\/339995"}],"wp:attachment":[{"href":"https:\/\/www.europesays.com\/fr\/wp-json\/wp\/v2\/media?parent=339994"}],"wp:term":[{"taxonomy":"category","embeddable":true,"href":"https:\/\/www.europesays.com\/fr\/wp-json\/wp\/v2\/categories?post=339994"},{"taxonomy":"post_tag","embeddable":true,"href":"https:\/\/www.europesays.com\/fr\/wp-json\/wp\/v2\/tags?post=339994"}],"curies":[{"name":"wp","href":"https:\/\/api.w.org\/{rel}","templated":true}]}}