{"id":34000,"date":"2025-04-18T12:00:12","date_gmt":"2025-04-18T12:00:12","guid":{"rendered":"https:\/\/www.europesays.com\/fr\/34000\/"},"modified":"2025-04-18T12:00:12","modified_gmt":"2025-04-18T12:00:12","slug":"ukraine-le-kremlin-acte-la-fin-du-moratoire-sur-les-frappes-visant-les-sites-energetiques-actualites","status":"publish","type":"post","link":"https:\/\/www.europesays.com\/fr\/34000\/","title":{"rendered":"Ukraine: le Kremlin acte la fin du moratoire sur les frappes visant les sites \u00e9nerg\u00e9tiques : Actualit\u00e9s"},"content":{"rendered":"<p class=\"lead \">Le Kremlin a consid\u00e9r\u00e9 comme \u00ab\u00a0expir\u00e9\u00a0\u00bb le moratoire sur les frappes visant les sites \u00e9nerg\u00e9tiques, entr\u00e9 en vigueur en mars pour 30 jours, quelques heures apr\u00e8s que les \u00c9tats-Unis ont menac\u00e9 vendredi de quitter la table des n\u00e9gociations si Moscou et Kiev tergiversent trop en vue d&rsquo;un r\u00e8glement du conflit.<\/p>\n<p class=\"lead \">Cette annonce \u00e9loigne, \u00e0 ce stade, la perspective d&rsquo;un arr\u00eat imminent des combats, apr\u00e8s plus de trois ans d&rsquo;invasion russe, alors que Donald Trump veut tout faire pour arracher \u00ab\u00a0un deal\u00a0\u00bb entre l&rsquo;Ukraine et la Russie et obtenir la paix au plus vite.<\/p>\n<p class=\"lead \">En parall\u00e8le, de nouvelles frappes russes nocturnes ont fait au moins deux morts et plusieurs dizaines de bless\u00e9s dans les villes de Kharkiv et Soumy, selon les autorit\u00e9s ukrainiennes.<\/p>\n<p class=\"lead \">La Maison Blanche s&rsquo;\u00e9tait f\u00e9licit\u00e9e en mars d&rsquo;avoir obtenu, s\u00e9par\u00e9ment, l&rsquo;accord de Moscou et de Kiev pour un arr\u00eat des attaques visant les infrastructures \u00e9nerg\u00e9tiques du camp adverse. Environ un mois plus tard, il est remis au placard par le Kremlin.<\/p>\n<p class=\"lead \">\u00ab\u00a0Le mois (de moratoire) a en effet expir\u00e9\u00a0\u00bb, a dit le porte-parole de la pr\u00e9sidence russe, Dmitri Peskov, lors de son briefing quotidien, en r\u00e9ponse \u00e0 une question de l&rsquo;AFP.<\/p>\n<p class=\"lead \">Et de pr\u00e9ciser: \u00ab\u00a0Pour le moment, il n&rsquo;y a pas eu d&rsquo;autres instructions de la part du commandant en chef supr\u00eame, le pr\u00e9sident Poutine\u00a0\u00bb, actant ainsi la fin, c\u00f4t\u00e9 russe, de ce fragile accord, vu toutefois comme \u00ab\u00a0un certain progr\u00e8s\u00a0\u00bb.<\/p>\n<p class=\"lead \">Dans les faits, un certain flou persistait d\u00e9j\u00e0 sur ses conditions et la date r\u00e9elle de son entr\u00e9e en vigueur; les Russes disant le 18 mars \u00e0 l&rsquo;issue d&rsquo;un appel Poutine-Trump, et Kiev quelques jours plus tard, apr\u00e8s des pourparlers avec les Am\u00e9ricains.<\/p>\n<p class=\"lead \">De surcro\u00eet, Kiev comme Moscou s&rsquo;accusaient presque quotidiennement de le violer, symbole de sa fragilit\u00e9 et de la difficult\u00e9 \u00e0 s&rsquo;assurer de son respect.<\/p>\n<p class=\"lead \">Avant l&rsquo;annonce de cette tr\u00eave limit\u00e9e aux sites \u00e9nerg\u00e9tiques, Donald Trump avait initialement propos\u00e9 un cessez-le-feu inconditionnel et complet, dont le principe avait \u00e9t\u00e9 accept\u00e9 par Kiev, mais \u00e9cart\u00e9 par Vladimir Poutine.<\/p>\n<p class=\"lead \">&#8211; Paix \u00ab\u00a0faisable ou non\u00a0\u00bb ? &#8211;<\/p>\n<p class=\"lead \">Vendredi, le secr\u00e9taire d\u2019\u00c9tat am\u00e9ricain, Marco Rubio, a ainsi verbalis\u00e9 l&rsquo;impatience de Washington, \u00e0 l&rsquo;issue de r\u00e9unions organis\u00e9es la veille avec les Ukrainiens et les Europ\u00e9ens \u00e0 Paris: \u00ab\u00a0Nous devons d\u00e9terminer dans les prochains jours si (la paix) est faisable ou non\u00a0\u00bb.<\/p>\n<p class=\"lead \">Il a menac\u00e9 de \u00ab\u00a0passer \u00e0 autre chose\u00a0\u00bb si les \u00c9tats-Unis venaient \u00e0 \u00e9tablir que la paix \u00ab\u00a0n&rsquo;est pas possible\u00a0\u00bb, contrastant avec les propos de Donald Trump qui promettait pendant sa campagne \u00e9lectorale de mettre fin \u00e0 la guerre en Ukraine \u00ab\u00a0en 24 heures\u00a0\u00bb. <\/p>\n<p class=\"lead \">\u00ab\u00a0Les \u00c9tats-Unis ont d&rsquo;autres priorit\u00e9s\u00a0\u00bb, a lanc\u00e9 M. Rubio \u00e0 son d\u00e9part de France, affirmant que Washington ne voulait pas que le dossier ukrainien tra\u00eene pendant \u00ab\u00a0des semaines et des mois\u00a0\u00bb.<\/p>\n<p class=\"lead \">Am\u00e9ricains, Europ\u00e9ens et Ukrainiens sont convenus de se retrouver la semaine prochaine \u00e0 Londres pour une nouvelle r\u00e9union.<\/p>\n<p class=\"lead \">Or, depuis deux mois, Donald Trump a effectu\u00e9 un revirement spectaculaire et inattendu avec la Russie, utilisant \u00e0 plusieurs reprises la rh\u00e9torique de Moscou notamment sur les origines du conflit, faisant craindre \u00e0 Kiev la fin du pr\u00e9cieux soutien militaire am\u00e9ricain.<\/p>\n<p class=\"lead \">Les Europ\u00e9ens ont, eux, \u00e9t\u00e9 jusque-l\u00e0 mis \u00e0 l&rsquo;\u00e9cart des n\u00e9gociations lanc\u00e9es par Washington.<\/p>\n<p class=\"lead \">Certains, le pr\u00e9sident fran\u00e7ais Emmanuel Macron en t\u00eate, poussent l&rsquo;id\u00e9e de la mise en place future d&rsquo;un contingent de la paix europ\u00e9en en Ukraine une fois un \u00e9ventuel cessez-le-feu \u00e9tabli. Mais cette option divise parmi les alli\u00e9s de Kiev et reste une ligne rouge pour Moscou.<\/p>\n<p class=\"lead \">De son c\u00f4t\u00e9, Marco Rubio a appel\u00e9 jeudi son homologue russe Sergue\u00ef Lavrov pour lui transmettre le \u00ab\u00a0m\u00eame message\u00a0\u00bb qu&rsquo;aux Europ\u00e9ens et aux Ukrainiens: \u00ab\u00a0la paix est possible si toutes les parties s&rsquo;engagent \u00e0 parvenir \u00e0 un accord\u00a0\u00bb, mettant ainsi la pression sur Kiev et Moscou.<\/p>\n<p class=\"lead \">&#8211; Nouvelles attaques russes &#8211;<\/p>\n<p class=\"lead \">En Ukraine, les attaques russes ne faiblissent pas. Une personne est morte et au moins 98 ont \u00e9t\u00e9 bless\u00e9es, dans une attaque de missile contre Kharkiv, selon un dernier bilan du maire, Igor Terekhov.<\/p>\n<p class=\"lead \">A Soumy, o\u00f9 35 personnes ont p\u00e9ri dimanche dans une double-frappe de l&rsquo;arm\u00e9e russe, une nouvelle attaque de drones a fait un mort et un bless\u00e9, a par ailleurs indiqu\u00e9 l&rsquo;administration militaire locale.<\/p>\n<p class=\"lead \">De son c\u00f4t\u00e9, l&rsquo;arm\u00e9e russe a affirm\u00e9 dans un communiqu\u00e9 vendredi que ces frappes avaient vis\u00e9 des sites \u00ab\u00a0militaires ukrainiens\u00a0\u00bb.<\/p>\n<p class=\"lead \">En parall\u00e8le, Am\u00e9ricains et Ukrainiens ont sign\u00e9 jeudi un \u00ab\u00a0m\u00e9morandum d&rsquo;intention\u00a0\u00bb, premi\u00e8re \u00e9tape visant \u00e0 conclure un accord complexe sur l&rsquo;acc\u00e8s aux ressources naturelles et aux minerais critiques de l&rsquo;Ukraine.<\/p>\n<p class=\"lead \">Publi\u00e9 vendredi par Kiev, le m\u00e9morandum pr\u00e9cise que le Premier ministre ukrainien Denys Chmygal se rendrait la semaine prochaine \u00e0 Washington pour des n\u00e9gociations et assure qu&rsquo;Am\u00e9ricains et Ukrainiens visent \u00e0 conclure leur n\u00e9gociations sur l&rsquo;accord d&rsquo;ici le 26 avril.<\/p>\n<p class=\"lead \">La veille, Donald Trump avait assur\u00e9 que l&rsquo;accord bilat\u00e9ral serait sign\u00e9 \u00ab\u00a0jeudi prochain\u00a0\u00bb.<\/p>\n","protected":false},"excerpt":{"rendered":"Le Kremlin a consid\u00e9r\u00e9 comme \u00ab\u00a0expir\u00e9\u00a0\u00bb le moratoire sur les frappes visant les sites \u00e9nerg\u00e9tiques, entr\u00e9 en vigueur&hellip;\n","protected":false},"author":2,"featured_media":34001,"comment_status":"","ping_status":"","sticky":false,"template":"","format":"standard","meta":{"footnotes":""},"categories":[1888],"tags":[1111,1928,11,1927,10268,2120,312,1777,674,1011,27,6228,11200,12,1926,626,1925,316,25,132,1778,220,308],"class_list":{"0":"post-34000","1":"post","2":"type-post","3":"status-publish","4":"format-standard","5":"has-post-thumbnail","7":"category-paris","8":"tag-actu","9":"tag-actu-paris","10":"tag-actualites","11":"tag-actualites-paris","12":"tag-arme","13":"tag-conflit","14":"tag-diplomatie","15":"tag-eu","16":"tag-europe","17":"tag-fr","18":"tag-france","19":"tag-gb","20":"tag-mtaux","21":"tag-news","22":"tag-news-paris","23":"tag-paris","24":"tag-paris-news","25":"tag-politique","26":"tag-republique-francaise","27":"tag-russie","28":"tag-ue","29":"tag-ukraine","30":"tag-usa"},"share_on_mastodon":{"url":"https:\/\/pubeurope.com\/@fr\/114358860153753218","error":""},"_links":{"self":[{"href":"https:\/\/www.europesays.com\/fr\/wp-json\/wp\/v2\/posts\/34000","targetHints":{"allow":["GET"]}}],"collection":[{"href":"https:\/\/www.europesays.com\/fr\/wp-json\/wp\/v2\/posts"}],"about":[{"href":"https:\/\/www.europesays.com\/fr\/wp-json\/wp\/v2\/types\/post"}],"author":[{"embeddable":true,"href":"https:\/\/www.europesays.com\/fr\/wp-json\/wp\/v2\/users\/2"}],"replies":[{"embeddable":true,"href":"https:\/\/www.europesays.com\/fr\/wp-json\/wp\/v2\/comments?post=34000"}],"version-history":[{"count":0,"href":"https:\/\/www.europesays.com\/fr\/wp-json\/wp\/v2\/posts\/34000\/revisions"}],"wp:featuredmedia":[{"embeddable":true,"href":"https:\/\/www.europesays.com\/fr\/wp-json\/wp\/v2\/media\/34001"}],"wp:attachment":[{"href":"https:\/\/www.europesays.com\/fr\/wp-json\/wp\/v2\/media?parent=34000"}],"wp:term":[{"taxonomy":"category","embeddable":true,"href":"https:\/\/www.europesays.com\/fr\/wp-json\/wp\/v2\/categories?post=34000"},{"taxonomy":"post_tag","embeddable":true,"href":"https:\/\/www.europesays.com\/fr\/wp-json\/wp\/v2\/tags?post=34000"}],"curies":[{"name":"wp","href":"https:\/\/api.w.org\/{rel}","templated":true}]}}