{"id":340000,"date":"2025-08-24T05:30:21","date_gmt":"2025-08-24T05:30:21","guid":{"rendered":"https:\/\/www.europesays.com\/fr\/340000\/"},"modified":"2025-08-24T05:30:21","modified_gmt":"2025-08-24T05:30:21","slug":"du-vignoble-nantais-isaure-est-la-meilleure-apprentie-de-france-en-photographie","status":"publish","type":"post","link":"https:\/\/www.europesays.com\/fr\/340000\/","title":{"rendered":"Du Vignoble nantais, Isaure est la meilleure apprentie de France en photographie"},"content":{"rendered":"<p>            Par<br \/>\n        <strong><br \/>\n            <a href=\"https:\/\/actu.fr\/auteur\/herve-pavageau\" title=\"Consulter tous les articles de Herv\u00e9 Pavageau\" target=\"_blank\" rel=\"noopener\">Herv\u00e9 Pavageau<\/a><br \/>\n        <\/strong><\/p>\n<p>        Publi\u00e9 le<\/p>\n<p>            23 ao\u00fbt 2025 \u00e0 8h16        <\/p>\n<p><b>L\u2019appareil photo <\/b>sera certainement de sortie pour saisir les \u00e9motions qui risquent de la submerger.<\/p>\n<p class=\" wall-content\">Le jeudi 28\u00a0ao\u00fbt, Isaure Gu\u00e9ret, 20\u00a0ans, ne sera pas cette fois derri\u00e8re l\u2019objectif. Mais devant.<\/p>\n<p class=\" wall-content\">Entour\u00e9e de ses proches, la jeune femme de Vallet sera au centre de la c\u00e9r\u00e9monie pour f\u00eater son<b> titre de Meilleure apprentie de France 2025<\/b> en <a href=\"https:\/\/actu.fr\/tag\/photographie\" target=\"_blank\" rel=\"noopener\">photographie<\/a>.<\/p>\n<p class=\" wall-content\">Un titre qu\u2019Isaure Gu\u00e9ret c\u00e9l\u00e9brera aux c\u00f4t\u00e9s de <a href=\"https:\/\/milcendeau-photographe.fr\/\" target=\"_blank\" rel=\"noopener\">Jean-Claude Milcendeau<\/a>, photographe professionnel, son ma\u00eetre d\u2019apprentissage et Meilleur ouvrier de France en 2023, install\u00e9 rue des Forges.<\/p>\n<p>D\u00e9clic pendant le Covid<\/p>\n<p class=\" wall-content\">C\u2019est d\u2019ailleurs dans cet atelier, situ\u00e9 juste en face l\u2019espace de coworking o\u00f9 se d\u00e9roulera la petite r\u00e9ception priv\u00e9e, qu\u2019Isaure Gu\u00e9ret a fait ses classes et ses armes.<\/p>\n<p>Vid\u00e9os : en ce moment sur Actu<\/p>\n<p class=\" wall-content\">Pour la<b> jeune apprentie en brevet technique des m\u00e9tiers<\/b>, le d\u00e9clic de la photographie n\u2019a pas retenti tout de suite.<\/p>\n<p class=\" wall-content\">Il est l\u2019aboutissement d\u2019ann\u00e9es de recherches et d\u2019exp\u00e9rimentation, commenc\u00e9es lors de la crise sanitaire.<\/p>\n<p>Votre r\u00e9gion, votre actu !<\/p>\n<p>Recevez chaque jour les infos qui comptent pour vous.<\/p>\n<p>\t<a href=\"https:\/\/actu.fr\/newsletter\" class=\"ac-btn ac-btn--corner ac-btn--medium ac-btn--blue800\" target=\"_blank\" rel=\"noopener\">S&rsquo;incrire<\/a><\/p>\n<p class=\" wall-content\">C\u2019est en plein Covid, qu\u2019Isaure Gu\u00e9ret va <b>saisir son premier bo\u00eetier.<\/b><\/p>\n<blockquote class=\"ac-article-quote wall-content\">\n<p>C\u2019est mon papy qui faisait de la photo. Il avait toujours un appareil pour capturer les moments de famille. Cela me fascinait.<\/p>\n<p>Isaure Gu\u00e9ret, Meilleure apprentie de France<\/p><\/blockquote>\n<p>Inscrite dans un club photo en Vend\u00e9e<\/p>\n<p class=\" wall-content\">Pendant le confinement, l\u2019adolescente s\u2019ennuie. Elle s\u2019\u00e9vade en prenant des photos du jardin. Et de ce qui l\u2019entoure. <b>L\u2019exercice est une r\u00e9v\u00e9lation<\/b>. \u00ab Cela m\u2019a tout de suite beaucoup plu \u00bb, confie-t-elle.<\/p>\n<p class=\" wall-content\">Pendant ses ann\u00e9es lyc\u00e9e, l\u2019appareil photo n\u2019est jamais loin. L\u2019\u0153il s\u2019aguerrit, \u00e9volue. Isaure capture les paysages.<\/p>\n<p class=\" wall-content\">En cherchant les petits d\u00e9tails. La qu\u00eate \u00ab qui fait la diff\u00e9rence \u00bb.<\/p>\n<p class=\" wall-content\">Inscrite dans un club photos \u00e0 Rocheservi\u00e8re (en Vend\u00e9e),<b> Isaure Gu\u00e9ret passe un bac g\u00e9n\u00e9ral,<\/b> avant de se lancer dans une formation en alternance sur trois ans dans la photographie.<\/p>\n<p>    <img   decoding=\"async\" loading=\"lazy\" class=\"size-large\" src=\"https:\/\/www.europesays.com\/fr\/wp-content\/uploads\/2025\/08\/806a26070e986846a26070e98d86a2v-960x640.jpg\" alt=\"Jean-Claude Milcendeau\" width=\"960\" height=\"640\"\/><br \/>\n    Isaure Gu\u00e9ret avec Jean-Claude Milcendeau, son ma\u00eetre d\u2019apprentissage et Meilleur ouvrier de France en 2023. \u00a9HSMApprentie chez le Meilleur ouvrier de France<\/p>\n<p class=\" wall-content\">C\u2019est \u00e0 <a href=\"https:\/\/actu.fr\/pays-de-la-loire\/vallet_44212\" target=\"_blank\" rel=\"noopener\">Vallet <\/a>chez Jean-Claude Milcendeau, Meilleur ouvrier de France, que l\u2019apprentie va apprendre le m\u00e9tier, les techniques.<\/p>\n<p class=\" wall-content\">Notamment le traitement des photos en post-production. Cette composante essentielle de la pratique de la photographie permet de parfaire les prises de vues, d\u2019en corriger les \u00e9ventuels d\u00e9fauts.<\/p>\n<p class=\" wall-content\"><b>L\u2019\u00e9l\u00e8ve d\u00e9cide de s\u2019inscrire au concours de Meilleure apprentie<\/b>, \u00e9preuve d\u2019exigence, \u00e0 l\u2019automne 2024.<\/p>\n<p>Trois photos pour l\u2019examen<\/p>\n<p class=\" wall-content\">Pour l\u2019examen, l\u2019apprentie de Vallet <b>doit r\u00e9aliser trois photographies <\/b>sur des th\u00e8mes bien d\u00e9finis : un chef d\u2019entreprise dans son environnement, un paysage, et un sujet cr\u00e9atif d\u2019un portrait s\u2019inspirant d\u2019un peintre c\u00e9l\u00e8bre.<\/p>\n<p class=\" wall-content\">\u00ab En plus des photos, on devait r\u00e9aliser un \u00e9crit expliquant tout le cheminement du travail \u00bb, explique Isaure Gu\u00e9ret, \u00e9l\u00e8ve \u00e0 l\u2019\u00e9cole CMA de Rennes, un des gros viviers de portraitistes en France.<\/p>\n<p class=\" wall-content\">Le sujet et les deux portraits, en or, <b>ont fait tilt aupr\u00e8s des jurys.<\/b> Que ce soit au niveau d\u00e9partemental, r\u00e9gional et national.<\/p>\n<p class=\" wall-content\">La diff\u00e9rence s\u2019est faite dans le sens du d\u00e9tail et de \u00ab cette recherche de la diff\u00e9rence, d\u2019aller chercher l\u2019excellence, de la touche en plus tout en restant dans le sujet \u00bb, commente Jean-Claude Milcendeau, \u00ab fier \u00bb de son \u00e9l\u00e8ve, <b>qui a accompagn\u00e9 l\u2019apprentie pendant ses longs mois de travail.<\/b><\/p>\n<p>La touche en plus<\/p>\n<p class=\" wall-content\">La touche en plus ? C\u2019est par exemple cette femme mod\u00e8le drap\u00e9e d\u2019une longue robe rouge <b>pos\u00e9e sur la dune du Pyla<\/b>, devant la mer, qui illumine une photo-tableau, jouant sur les lignes.<\/p>\n<p class=\" wall-content\">Ou ce portrait compos\u00e9 d\u2019une autre femme portant un cadre \u00e9voquant une \u0153uvre de Ren\u00e9 Magritte.<\/p>\n<p class=\" wall-content\">Derri\u00e8re chacune de ces photos conceptualis\u00e9es,<b> il y a toute une histoire<\/b>. Et beaucoup de travail et de m\u00e9thode qui ne laissent pas \u00ab de place \u00e0 l\u2019impr\u00e9vu \u00bb.<\/p>\n<p>Isaure ne veut pas br\u00fbler les \u00e9tapes<\/p>\n<p class=\" wall-content\">Aur\u00e9ol\u00e9e de son titre national, Isaure Gu\u00e9ret ne veut pas br\u00fbler les \u00e9tapes. Sans mettre sur pause sa passion, l\u2019apprentie photographe veut enrichir ses connaissances<b> en poursuivant ses \u00e9tudes dans la vente et la communication<\/b>. Tout en continuant \u00ab dans la photo \u00bb, pr\u00e9cise-t-elle.<\/p>\n<p class=\" wall-content\">La jeune photographe poursuit sa voie. En remettant l\u2019ouvrage sur le m\u00e9tier. \u00ab J\u2019essaie de voir ce qui m\u2019entoure diff\u00e9remment : un ensemble, une partie, une chose en particulier \u00bb, commente celle dont l\u2019\u0153il \u00ab s\u2019est aiguis\u00e9 \u00bb.<\/p>\n<p class=\" wall-content\">Et a fait flasher le <b>jury national<\/b> du concours du Meilleur apprenti de France.<\/p>\n<p class=\" wall-content\">Personnalisez votre actualit\u00e9 en ajoutant vos villes et m\u00e9dias en favori avec <a href=\"https:\/\/moncompte.actu.fr\" title=\"D\u00e9couvez Mon Actu\" rel=\"nofollow noopener\" data-trk=\"{&quot;cta&quot;:{&quot;action&quot;:&quot;https:\\\/\\\/moncompte.actu.fr&quot;,&quot;category&quot;:&quot;mon compte&quot;,&quot;from&quot;:&quot;article footer&quot;,&quot;name&quot;:&quot;Mon actu&quot;,&quot;type&quot;:&quot;cta&quot;}}\" target=\"_blank\">Mon Actu<\/a>.<\/p>\n","protected":false},"excerpt":{"rendered":"Par Herv\u00e9 Pavageau Publi\u00e9 le 23 ao\u00fbt 2025 \u00e0 8h16 L\u2019appareil photo sera certainement de sortie pour saisir&hellip;\n","protected":false},"author":2,"featured_media":340001,"comment_status":"","ping_status":"","sticky":false,"template":"","format":"standard","meta":{"footnotes":""},"categories":[1358],"tags":[1348,1384,1385,1386,58,59,1011,27,1756,104,2900],"class_list":{"0":"post-340000","1":"post","2":"type-post","3":"status-publish","4":"format-standard","5":"has-post-thumbnail","7":"category-arts-et-design","8":"tag-arts","9":"tag-arts-and-design","10":"tag-arts-et-design","11":"tag-design","12":"tag-divertissement","13":"tag-entertainment","14":"tag-fr","15":"tag-france","16":"tag-photographie","17":"tag-societe","18":"tag-vignoble-nantais"},"share_on_mastodon":{"url":"https:\/\/pubeurope.com\/@fr\/115082102454538506","error":""},"_links":{"self":[{"href":"https:\/\/www.europesays.com\/fr\/wp-json\/wp\/v2\/posts\/340000","targetHints":{"allow":["GET"]}}],"collection":[{"href":"https:\/\/www.europesays.com\/fr\/wp-json\/wp\/v2\/posts"}],"about":[{"href":"https:\/\/www.europesays.com\/fr\/wp-json\/wp\/v2\/types\/post"}],"author":[{"embeddable":true,"href":"https:\/\/www.europesays.com\/fr\/wp-json\/wp\/v2\/users\/2"}],"replies":[{"embeddable":true,"href":"https:\/\/www.europesays.com\/fr\/wp-json\/wp\/v2\/comments?post=340000"}],"version-history":[{"count":0,"href":"https:\/\/www.europesays.com\/fr\/wp-json\/wp\/v2\/posts\/340000\/revisions"}],"wp:featuredmedia":[{"embeddable":true,"href":"https:\/\/www.europesays.com\/fr\/wp-json\/wp\/v2\/media\/340001"}],"wp:attachment":[{"href":"https:\/\/www.europesays.com\/fr\/wp-json\/wp\/v2\/media?parent=340000"}],"wp:term":[{"taxonomy":"category","embeddable":true,"href":"https:\/\/www.europesays.com\/fr\/wp-json\/wp\/v2\/categories?post=340000"},{"taxonomy":"post_tag","embeddable":true,"href":"https:\/\/www.europesays.com\/fr\/wp-json\/wp\/v2\/tags?post=340000"}],"curies":[{"name":"wp","href":"https:\/\/api.w.org\/{rel}","templated":true}]}}