{"id":340006,"date":"2025-08-24T05:33:15","date_gmt":"2025-08-24T05:33:15","guid":{"rendered":"https:\/\/www.europesays.com\/fr\/340006\/"},"modified":"2025-08-24T05:33:15","modified_gmt":"2025-08-24T05:33:15","slug":"chilly-gonzales-derriere-le-pianiste-lamateur-de-rap","status":"publish","type":"post","link":"https:\/\/www.europesays.com\/fr\/340006\/","title":{"rendered":"Chilly Gonzales, derri\u00e8re le pianiste, l&rsquo;amateur de rap"},"content":{"rendered":"<p class=\"article__intro\">\u00ab\u00a0Gonzo\u00a0\u00bb, c\u2019est le dernier album de Chilly Gonzales. Le compositeur de g\u00e9nie et pianiste hors pair pr\u00e9sente un opus compos\u00e9 \u00e0 67,8 % de rap. Pour l\u2019occasion, il emm\u00e8ne Toki Woki pianoter au centre Bechstein. <\/p>\n<p>\n      L\u2019actu des r\u00e9gions\n    <\/p>\n<p>\n      Chaque jour, un tour d\u2019horizon des principales infos de toutes les r\u00e9gions.\n    <\/p>\n<p>    France T\u00e9l\u00e9visions utilise votre adresse e-mail afin de vous envoyer la newsletter \u00ab\u00a0L\u2019actu des r\u00e9gions\u00a0\u00bb. Vous pouvez vous d\u00e9sinscrire \u00e0 tout moment via le lien en bas de cette newsletter. <a target=\"_blank\" href=\"https:\/\/www.francetelevisions.fr\/groupe\/confidentialite\/politique-de-confidentialite\/politique-de-confidentialite-de-france-televisions-6503\" rel=\"nofollow noopener\">Notre politique de confidentialit\u00e9<\/a><\/p>\n<p> Chilly Gonzales de son vrai nom Jason Charles Beck, est un pianiste hors pair qui s&rsquo;est fait conna\u00eetre du grand public avec l&rsquo;album \u00ab\u00a0Solo Piano\u00a0\u00bb et son apparition \u00e0 l&rsquo;ouverture des Jeux paralympiques. <\/p>\n<p>On le retrouve au centre Bechstein connu pour ses pianos haut de gamme, les pr\u00e9f\u00e9r\u00e9s du musicien. Qu&rsquo;il \u00e9crive, compose, chante, r\u00e9alise, Chilly met le piano au centre de toutes ses cr\u00e9ations. <\/p>\n<p>Dans \u00ab\u00a0Gonzo\u00a0\u00bb, l&rsquo;artiste s&rsquo;essaye au rap apr\u00e8s avoir chant\u00e9 en fran\u00e7ais : \u00ab\u00a0C&rsquo;est marrant parce que comme je fais tr\u00e8s souvent de la musique instrumentale, l\u00e0, ce sont les premi\u00e8res paroles que j&rsquo;\u00e9cris depuis 2011 avec l&rsquo;album -French Kiss-\u00ab\u00a0. <\/p>\n<p>Dans un de ses titres, Chilly Gonzales met en exergue le sujet de la cancel culture en parlant \u00e0 travers Wagner,\u00a0\u00bbun monstre\u00a0\u00bb et antis\u00e9mite notoire de son \u00e9poque, \u00ab\u00a0j&rsquo;aurais pu \u00e9crire sur R.Kelly ou Kanye West\u00a0\u00bb, confesse l&rsquo;auteur. <\/p>\n<p>Pour d\u00e9couvrir la suite de l&rsquo;interview de Chilly Gonzales, d\u00e9couvrez \u00ab\u00a0Toki Woki\u00a0\u00bb sur notre site <a target=\"_blank\" rel=\"noopener noreferrer nofollow\" href=\"https:\/\/www.france.tv\/france-3\/paris-ile-de-france\/toki-woki\/6798697-toki-woki-chilly-gonzales-part1.html#about-section\">france.tv\/idf<\/a><\/p>\n","protected":false},"excerpt":{"rendered":"\u00ab\u00a0Gonzo\u00a0\u00bb, c\u2019est le dernier album de Chilly Gonzales. Le compositeur de g\u00e9nie et pianiste hors pair pr\u00e9sente un&hellip;\n","protected":false},"author":2,"featured_media":340007,"comment_status":"","ping_status":"","sticky":false,"template":"","format":"standard","meta":{"footnotes":""},"categories":[1355],"tags":[58,59,1011,27,1361,873],"class_list":{"0":"post-340006","1":"post","2":"type-post","3":"status-publish","4":"format-standard","5":"has-post-thumbnail","7":"category-musique","8":"tag-divertissement","9":"tag-entertainment","10":"tag-fr","11":"tag-france","12":"tag-music","13":"tag-musique"},"share_on_mastodon":{"url":"https:\/\/pubeurope.com\/@fr\/115082114073683187","error":""},"_links":{"self":[{"href":"https:\/\/www.europesays.com\/fr\/wp-json\/wp\/v2\/posts\/340006","targetHints":{"allow":["GET"]}}],"collection":[{"href":"https:\/\/www.europesays.com\/fr\/wp-json\/wp\/v2\/posts"}],"about":[{"href":"https:\/\/www.europesays.com\/fr\/wp-json\/wp\/v2\/types\/post"}],"author":[{"embeddable":true,"href":"https:\/\/www.europesays.com\/fr\/wp-json\/wp\/v2\/users\/2"}],"replies":[{"embeddable":true,"href":"https:\/\/www.europesays.com\/fr\/wp-json\/wp\/v2\/comments?post=340006"}],"version-history":[{"count":0,"href":"https:\/\/www.europesays.com\/fr\/wp-json\/wp\/v2\/posts\/340006\/revisions"}],"wp:featuredmedia":[{"embeddable":true,"href":"https:\/\/www.europesays.com\/fr\/wp-json\/wp\/v2\/media\/340007"}],"wp:attachment":[{"href":"https:\/\/www.europesays.com\/fr\/wp-json\/wp\/v2\/media?parent=340006"}],"wp:term":[{"taxonomy":"category","embeddable":true,"href":"https:\/\/www.europesays.com\/fr\/wp-json\/wp\/v2\/categories?post=340006"},{"taxonomy":"post_tag","embeddable":true,"href":"https:\/\/www.europesays.com\/fr\/wp-json\/wp\/v2\/tags?post=340006"}],"curies":[{"name":"wp","href":"https:\/\/api.w.org\/{rel}","templated":true}]}}