{"id":340008,"date":"2025-08-24T05:34:52","date_gmt":"2025-08-24T05:34:52","guid":{"rendered":"https:\/\/www.europesays.com\/fr\/340008\/"},"modified":"2025-08-24T05:34:52","modified_gmt":"2025-08-24T05:34:52","slug":"tom-nicolosi-et-son-equipe-de-luqam-en-visite-a-saint-pierre-et-miquelon-pour-un-projet-de-court-metrage-documentaire","status":"publish","type":"post","link":"https:\/\/www.europesays.com\/fr\/340008\/","title":{"rendered":"Tom Nicolosi et son \u00e9quipe de l&rsquo;UQAM en visite \u00e0 Saint-Pierre et Miquelon pour un projet de court-m\u00e9trage documentaire"},"content":{"rendered":"<p>Tom Nicolosi, \u00e9tudiant en cin\u00e9ma \u00e0 l\u2019Universit\u00e9 du Qu\u00e9bec \u00e0 Montr\u00e9al (UQAM), pr\u00e9pare un projet de court-m\u00e9trage documentaire consacr\u00e9 \u00e0 la vie sur Saint-Pierre-et-Miquelon. Du 23 au 28 ao\u00fbt, Tom et son \u00e9quipe poseront leurs valises sur SPM \u00e0 la recherche de visages, d\u2019histoires, de gestes du quotidien \u2014 sur terre comme en mer \u2014 pour saisir l\u2019\u00e2me de ce territoire aussi riche qu\u2019attachant.<\/p>\n<p>Il s\u2019appelle Tom Nicolosi, il a 23 ans, vit \u00e0 Montr\u00e9al et \u00e9tudie le cin\u00e9ma \u00e0 l\u2019UQAM. Depuis l\u2019enfance, il baigne dans un univers marqu\u00e9 par la culture et les images.<\/p>\n<blockquote class=\"ftvi_content_quote\">\n<p class=\"ftvi_citation_quote\">J\u2019ai toujours \u00e9t\u00e9 passionn\u00e9 par le cin\u00e9ma. Au d\u00e9part, je voulais faire de la fiction, mais en d\u00e9couvrant le documentaire pendant mes \u00e9tudes, je me suis dit : c\u2019est \u00e7a que je veux faire. <\/p>\n<\/blockquote>\n<p>Parmi ses premiers projets, Tom a r\u00e9alis\u00e9 un court-m\u00e9trage sur Frania Eisenbach-Haverland, survivante de l\u2019Holocauste, en collaboration avec Ta\u00efga M\u00e9dia et le mus\u00e9e de l\u2019Holocauste de Montr\u00e9al. Une exp\u00e9rience marquante qui a confirm\u00e9 son go\u00fbt pour le documentaire et son envie de capter les histoires vraies.<\/p>\n<p>Ses inspirations ? Le mouvement du cin\u00e9ma direct des ann\u00e9es 60, avec des figures comme Michel Brault et Pierre Perrault.<\/p>\n<blockquote class=\"ftvi_content_quote\">\n<p class=\"ftvi_citation_quote\">Ce qui me fascine, c\u2019est de capturer un instant. Ce sont les sujets qui font le film, pas le r\u00e9alisateur.<\/p>\n<\/blockquote>\n<p>C\u2019est dans cet esprit que Tom et son \u00e9quipe de jeunes cin\u00e9astes d\u00e9barquent \u00e0 Saint-Pierre-et-Miquelon pour un tournage de cinq jours. Avec lui : Sara Lecault (assistante r\u00e9alisation), \u00c9mile Martel (directeur photo) et Samuel Berthelot (preneur de son). Dans une d\u00e9marche o\u00f9 les gens et les ambiances se captent par elles-m\u00eames, Tom cherche donc \u00e0 retranscrire \u00ab\u00a0avec le plus d&rsquo;authenticit\u00e9 possible ce qu&rsquo;est la vie \u00e0 Saint-Pierre-et-Miquelon, racont\u00e9e par ses habitants \u00bb. Montrer \u00e0 travers des m\u00e9tiers, des visages et des histoires la relation que les habitants ont avec leur territoire.<\/p>\n<p>                                    <img class=\"a-article__image lazy libre\" width=\"0\" height=\"0\" data-src=\"https:\/\/www.europesays.com\/fr\/wp-content\/uploads\/2025\/08\/518857098-3116577351856416-8045090867799604305-n-68a5ed98eadf3975517863.jpg\" style=\"--img-placeholder: url('\/assets\/img\/placeholders\/article-800-450.svg');\" alt=\"\" aria-hidden=\"true\"\/><\/p>\n<p>                .<br \/>\n                     \u2022<br \/>\n                            \u00a9Tom Nicolosi<\/p>\n<p>Mais pourquoi avoir choisi l\u2019archipel ?<\/p>\n<blockquote class=\"ftvi_content_quote\">\n<p class=\"ftvi_citation_quote\">\u00c0 l\u2019\u00e9cole, j\u2019avais des cours de g\u00e9ographie sur les territoires d\u2019outre-mer. J\u2019avais beaucoup d\u2019amis de la R\u00e9union, de Guadeloupe, de Martinique\u2026 et j\u2019ai d\u00e9couvert Saint-Pierre-et-Miquelon. Je me suis demand\u00e9 : comment \u00e7a se fait que je ne connaisse pas cet endroit ? En me renseignant sur son histoire, j\u2019ai tout de suite eu envie d\u2019y aller un jour. <\/p>\n<\/blockquote>\n<p>Ils ne sont pas encore arriv\u00e9s qu\u2019ils ressentent d\u00e9j\u00e0 la fiert\u00e9 et l\u2019amour des habitants pour le territoire. L\u2019accueil a d\u2019ailleurs \u00e9t\u00e9 imm\u00e9diat : \u00ab quand on a annonc\u00e9 le projet sur Facebook, on a re\u00e7u \u00e9norm\u00e9ment de messages. Les gens nous ont encourag\u00e9s, donn\u00e9 des conseils, partag\u00e9 des contacts\u2026 \u00c7a nous a encore plus motiv\u00e9s ! \u00bb<\/p>\n<p>Et bien que chaque nouveau contact soit le bienvenu, l\u2019\u00e9quipe a d\u00e9j\u00e0 trouv\u00e9 mati\u00e8re \u00e0 s\u2019occuper pendant ces cinq jours\u00a0; visite de mus\u00e9e, rencontre avec des acteurs au c\u0153ur de la pr\u00e9servation du patrimoine, visite guid\u00e9e de l&rsquo;\u00eele aux marins&#8230; L\u2019objectif : filmer les habitants et leur lien au territoire, avec authenticit\u00e9.<\/p>\n<p>Ce court-m\u00e9trage, autoproduit gr\u00e2ce \u00e0 une cagnotte et \u00e0 quelques brocantes, n\u2019est qu\u2019une premi\u00e8re \u00e9tape. L\u2019ambition de Tom et de son \u00e9quipe est claire : revenir tourner un long-m\u00e9trage documentaire.<\/p>\n<blockquote class=\"ftvi_content_quote\">\n<p class=\"ftvi_citation_quote\">On aimerait pr\u00e9senter toutes les richesses de Saint-Pierre-et-Miquelon, autant terrestres que maritimes. Pourquoi pas suivre un p\u00eacheur, pour toucher \u00e0 la culture maritime de l\u2019archipel. <\/p>\n<\/blockquote>\n<p>Pour cela il faudra convaincre des producteurs et obtenir un financement, et ce premier projet compte bien leur servir de carte de visite.<\/p>\n<p>Si Tom r\u00eave un jour de vivre de sa passion, il nourrit d\u00e9j\u00e0 d\u2019autres projets de documentaires : une travers\u00e9e du Sahara \u00e0 la rencontre des peuples nomades, ou encore un film en Alberta aupr\u00e8s d\u2019une famille de cow-boys.<\/p>\n<p>                                    <img class=\"a-article__image lazy libre\" width=\"0\" height=\"0\" data-src=\"https:\/\/www.europesays.com\/fr\/wp-content\/uploads\/2025\/08\/0563ba2b-8bd8-443f-a695-2a2059901300-68a5edc320c7e577742713.jpg\" style=\"--img-placeholder: url('\/assets\/img\/placeholders\/article-800-450.svg');\" alt=\"\" aria-hidden=\"true\"\/><\/p>\n<p>                .<br \/>\n                     \u2022<br \/>\n                            \u00a9Tom Nicolosi<\/p>\n<p>En attendant, son c\u0153ur bat pour l\u2019Atlantique. Le film portera d\u2019ailleurs le titre : \u00ab Saint-Pierre-et-Miquelon, le C\u0153ur de l\u2019Atlantique \u00bb. Et il adresse d\u2019ores et d\u00e9j\u00e0 un mot aux habitants :<\/p>\n<blockquote class=\"ftvi_content_quote\">\n<p class=\"ftvi_citation_quote\">Le film se fera avec vous. Si vous nous croisez dans les rues, \u00e0 un caf\u00e9, n\u2019h\u00e9sitez pas \u00e0 venir nous parler, \u00e7a nous fera plaisir de discuter avec vous ! <\/p>\n<\/blockquote>\n<p>N&rsquo;h\u00e9sitez pas \u00e0 la contacter et \u00e0 suivre de pr\u00e8s ce projet ;<\/p>\n<ul>\n<li>Sur la page Facebook &amp; Instagram \u00ab\u00a0Le C\u0153ur de l\u2019Atlantique\u00a0\u00bb<\/li>\n<li>Ou directement sur le profil Facebook de Tom Nicolosi<\/li>\n<\/ul>\n<p>Tom Nicolosi \u00e9tait l&rsquo;invit\u00e9 de Youna Deniaud dans l&rsquo;\u00e9mission \u00ab\u00a0Dans ma bulle\u00a0\u00bb;<\/p><\/p>\n","protected":false},"excerpt":{"rendered":"Tom Nicolosi, \u00e9tudiant en cin\u00e9ma \u00e0 l\u2019Universit\u00e9 du Qu\u00e9bec \u00e0 Montr\u00e9al (UQAM), pr\u00e9pare un projet de court-m\u00e9trage documentaire&hellip;\n","protected":false},"author":2,"featured_media":340009,"comment_status":"","ping_status":"","sticky":false,"template":"","format":"standard","meta":{"footnotes":""},"categories":[1354],"tags":[58,59,1346,1011,27,1360],"class_list":{"0":"post-340008","1":"post","2":"type-post","3":"status-publish","4":"format-standard","5":"has-post-thumbnail","7":"category-films","8":"tag-divertissement","9":"tag-entertainment","10":"tag-films","11":"tag-fr","12":"tag-france","13":"tag-movies"},"share_on_mastodon":{"url":"https:\/\/pubeurope.com\/@fr\/115082122325703235","error":""},"_links":{"self":[{"href":"https:\/\/www.europesays.com\/fr\/wp-json\/wp\/v2\/posts\/340008","targetHints":{"allow":["GET"]}}],"collection":[{"href":"https:\/\/www.europesays.com\/fr\/wp-json\/wp\/v2\/posts"}],"about":[{"href":"https:\/\/www.europesays.com\/fr\/wp-json\/wp\/v2\/types\/post"}],"author":[{"embeddable":true,"href":"https:\/\/www.europesays.com\/fr\/wp-json\/wp\/v2\/users\/2"}],"replies":[{"embeddable":true,"href":"https:\/\/www.europesays.com\/fr\/wp-json\/wp\/v2\/comments?post=340008"}],"version-history":[{"count":0,"href":"https:\/\/www.europesays.com\/fr\/wp-json\/wp\/v2\/posts\/340008\/revisions"}],"wp:featuredmedia":[{"embeddable":true,"href":"https:\/\/www.europesays.com\/fr\/wp-json\/wp\/v2\/media\/340009"}],"wp:attachment":[{"href":"https:\/\/www.europesays.com\/fr\/wp-json\/wp\/v2\/media?parent=340008"}],"wp:term":[{"taxonomy":"category","embeddable":true,"href":"https:\/\/www.europesays.com\/fr\/wp-json\/wp\/v2\/categories?post=340008"},{"taxonomy":"post_tag","embeddable":true,"href":"https:\/\/www.europesays.com\/fr\/wp-json\/wp\/v2\/tags?post=340008"}],"curies":[{"name":"wp","href":"https:\/\/api.w.org\/{rel}","templated":true}]}}