{"id":340018,"date":"2025-08-24T05:39:17","date_gmt":"2025-08-24T05:39:17","guid":{"rendered":"https:\/\/www.europesays.com\/fr\/340018\/"},"modified":"2025-08-24T05:39:17","modified_gmt":"2025-08-24T05:39:17","slug":"ces-touristes-francais-auraient-utilise-lia-pour-escroquer-un-hotel","status":"publish","type":"post","link":"https:\/\/www.europesays.com\/fr\/340018\/","title":{"rendered":"Ces touristes fran\u00e7ais auraient utilis\u00e9 l\u2019IA pour escroquer un h\u00f4tel"},"content":{"rendered":"<p itemprop=\"description\">Gr\u00e2ce \u00e0 l\u2019IA, deux touristes fran\u00e7ais ont tent\u00e9 d\u2019arnaquer un h\u00f4tel avec une facture \u00e0 4100 euros. Ils ont \u00e9t\u00e9 arr\u00eat\u00e9s par la police locale. <\/p>\n<p>Des vacances gratuites, pay\u00e9es gr\u00e2ce \u00e0 l\u2019intelligence artificielle (IA), \u00e7a vous dit ? C\u2019est bien ce qu\u2019on entreprit deux Fran\u00e7ais, en qu\u00eate d\u2019un s\u00e9jour paisible sur les plages de Catalogne. Malheureusement pour les deux arnaqueurs, les cong\u00e9s se sont termin\u00e9s par une arrestation, comme le soulignent nos confr\u00e8res de L\u2019Ind\u00e9pendant.<\/p>\n<p>   Les deux Fran\u00e7ais sont partis en vacances sur les c\u00f4tes catalanes <\/p>\n<p>Qui n\u2019a pas besoin de prendre des <a href=\"https:\/\/www.maison-travaux.fr\/actualites\/voici-quoi-ressemblent-vacances-plage-chine-voir-avec-cote-dazur-595042.html\" target=\"_blank\" rel=\"noopener\">cong\u00e9s bien m\u00e9rit\u00e9s<\/a>, une fois par an, durant l\u2019\u00e9t\u00e9 ? <strong>Deux Fran\u00e7ais<\/strong>, en qu\u00eate de d\u00e9paysement et de bon temps, ont justement fait le choix de prendre <strong>une p\u00e9riode de repos en Espagne,<\/strong> dans les villes situ\u00e9es au sud de Barcelone. Un vrai cadre de r\u00eaves.<\/p>\n<p>Ils ont alors fait <a href=\"https:\/\/www.maison-travaux.fr\/sequiper\/conseils-pratiques\/vacances-endroit-precis-poser-valise-hotel-eviter-ramener-punaises-lit-595386.html\" target=\"_blank\" rel=\"noopener\">leur valise<\/a> pour les d\u00e9poser<strong> dans un h\u00f4tel de luxe de la Costa Daurada,<\/strong> plus pr\u00e9cis\u00e9ment <strong>dans la ville de Cambrils<\/strong>, en Catalogne. \u00c2g\u00e9s de <strong>26 et 28 ans,<\/strong> les deux comp\u00e8res se sont offerts un r\u00e9el s\u00e9jour de r\u00eave, avec une facture d\u2019un montant de <strong>4 171.68 euros.<\/strong><\/p>\n<p> Mais au moment de r\u00e9gler, ces derniers ont tent\u00e9 d\u2019utiliser l\u2019IA pour arnaquer l\u2019h\u00f4tel <\/p>\n<p>Pourquoi payer ses vacances si on peut demander <strong>\u00e0 l\u2019IA de le faire pour nous ?<\/strong> Lorsqu\u2019il a fallu <strong>r\u00e9gler le montant de leurs vacances,<\/strong> les jeunes Fran\u00e7ais ont alors choisi de faire appel \u00e0 <a href=\"https:\/\/www.maison-travaux.fr\/actualites\/voici-metier-pourrait-disparaitre-moins-cause-intelligence-artificielle-583716.html\" target=\"_blank\" rel=\"noopener\">l\u2019intelligence artificielle<\/a> pour manipuler leur facture et<strong> prouver le paiement<\/strong> gr\u00e2ce \u00e0 un faux virement bancaire.<\/p>\n<p>Mais <strong>la fraude n\u2019est pas pass\u00e9e<\/strong> aupr\u00e8s du personnel averti de <a href=\"https:\/\/www.maison-travaux.fr\/sequiper\/conseils-pratiques\/vacances-endroit-precis-poser-valise-hotel-eviter-ramener-punaises-lit-595386.html\" target=\"_blank\" rel=\"noopener\">l\u2019\u00e9tablissement h\u00f4telier<\/a>. Ces derniers ont alors fait le choix de <strong>proposer une r\u00e9solution de ce probl\u00e8me \u00e0 l\u2019amiable,<\/strong> en demandant simplement aux deux Fran\u00e7ais de payer leur facture. Sans avertir les autorit\u00e9s.<\/p>\n<p>\t\t\t\t<img decoding=\"async\" src=\"data:image\/svg+xml,%3Csvg%20xmlns=\" http:=\"\" width=\"100%\" height=\"auto\" data-lazy-src=\"https:\/\/www.europesays.com\/fr\/wp-content\/uploads\/2025\/08\/1756013957_899_maxresdefault.jpg\"\/><\/p>\n<p>\t\t\t\t<video width=\"100%\" height=\"360px\" controls=\"\" id=\"player_970a376509d1d90719deb4299f5be9b2\" preload=\"auto\" class=\"video-js vjs-default-skin vjs-big-play-centered\" style=\"display:none; text-align: center; margin-bottom: 4px;\" poster=\"https:\/\/www.europesays.com\/fr\/wp-content\/uploads\/2025\/08\/1756013957_899_maxresdefault.jpg\"\/><br \/>\n\t\t\t Les deux jeunes ont alors tent\u00e9 une nouvelle fois de duper l\u2019h\u00f4tel gr\u00e2ce \u00e0 l\u2019IA <\/p>\n<p>Il faut croire que les deux jeunes citoyens de l\u2019Hexagone n\u2019avaient pas de quoi honorer <a href=\"https:\/\/www.maison-travaux.fr\/actualites\/vacances-voici-pourquoi-partir-mardi-mercredi-change-vraiment-tout-pour-votre-budget-595041.html\" target=\"_blank\" rel=\"noopener\">leur facture<\/a>. En effet, <strong>ils ont accept\u00e9 le deal<\/strong> propos\u00e9 par l\u2019h\u00f4tel, mais ont une nouvelle fois, selon le personnel de l&rsquo;\u00e9tablissement,<strong> pr\u00e9sent\u00e9 des faux documents g\u00e9n\u00e9r\u00e9s gr\u00e2ce \u00e0 l\u2019IA<\/strong> pour prouver leur paiement.<\/p>\n<p>Le personnel de <a href=\"https:\/\/www.maison-travaux.fr\/sequiper\/conseils-pratiques\/hotel-petit-dejeuner-gratuit-586090.html\" target=\"_blank\" rel=\"noopener\">l\u2019h\u00f4tel<\/a> a alors contact\u00e9 <strong>les Mossos d\u2019Esquadra<\/strong>, des agents de la police autonome de Catalogne. Ils se sont rendus dans l\u2019h\u00f4tel et ont finalement<strong> arr\u00eat\u00e9 les deux Fran\u00e7ais,<\/strong> le mardi 19 ao\u00fbt 2025. Une enqu\u00eate a \u00e9t\u00e9 ouverte et nous saurons bient\u00f4t quel sort sera r\u00e9serv\u00e9<strong> aux deux arnaqueurs.<\/strong><\/p>\n","protected":false},"excerpt":{"rendered":"Gr\u00e2ce \u00e0 l\u2019IA, deux touristes fran\u00e7ais ont tent\u00e9 d\u2019arnaquer un h\u00f4tel avec une facture \u00e0 4100 euros. Ils&hellip;\n","protected":false},"author":2,"featured_media":340019,"comment_status":"","ping_status":"","sticky":false,"template":"","format":"standard","meta":{"footnotes":""},"categories":[6],"tags":[35,33,34,1011,27,729],"class_list":{"0":"post-340018","1":"post","2":"type-post","3":"status-publish","4":"format-standard","5":"has-post-thumbnail","7":"category-economie","8":"tag-business","9":"tag-economie","10":"tag-economy","11":"tag-fr","12":"tag-france","13":"tag-yout_video"},"share_on_mastodon":{"url":"https:\/\/pubeurope.com\/@fr\/115082137663714149","error":""},"_links":{"self":[{"href":"https:\/\/www.europesays.com\/fr\/wp-json\/wp\/v2\/posts\/340018","targetHints":{"allow":["GET"]}}],"collection":[{"href":"https:\/\/www.europesays.com\/fr\/wp-json\/wp\/v2\/posts"}],"about":[{"href":"https:\/\/www.europesays.com\/fr\/wp-json\/wp\/v2\/types\/post"}],"author":[{"embeddable":true,"href":"https:\/\/www.europesays.com\/fr\/wp-json\/wp\/v2\/users\/2"}],"replies":[{"embeddable":true,"href":"https:\/\/www.europesays.com\/fr\/wp-json\/wp\/v2\/comments?post=340018"}],"version-history":[{"count":0,"href":"https:\/\/www.europesays.com\/fr\/wp-json\/wp\/v2\/posts\/340018\/revisions"}],"wp:featuredmedia":[{"embeddable":true,"href":"https:\/\/www.europesays.com\/fr\/wp-json\/wp\/v2\/media\/340019"}],"wp:attachment":[{"href":"https:\/\/www.europesays.com\/fr\/wp-json\/wp\/v2\/media?parent=340018"}],"wp:term":[{"taxonomy":"category","embeddable":true,"href":"https:\/\/www.europesays.com\/fr\/wp-json\/wp\/v2\/categories?post=340018"},{"taxonomy":"post_tag","embeddable":true,"href":"https:\/\/www.europesays.com\/fr\/wp-json\/wp\/v2\/tags?post=340018"}],"curies":[{"name":"wp","href":"https:\/\/api.w.org\/{rel}","templated":true}]}}