{"id":340020,"date":"2025-08-24T05:40:16","date_gmt":"2025-08-24T05:40:16","guid":{"rendered":"https:\/\/www.europesays.com\/fr\/340020\/"},"modified":"2025-08-24T05:40:16","modified_gmt":"2025-08-24T05:40:16","slug":"deux-adolescents-de-15-et-17-ans-retrouves-morts-dans-leur-chambre-dhotel-par-leur-pere-apres-avoir-dine-dans-un-quartier-touristique-distanbul","status":"publish","type":"post","link":"https:\/\/www.europesays.com\/fr\/340020\/","title":{"rendered":"Deux adolescents de 15 et 17 ans retrouv\u00e9s morts dans leur chambre d\u2019h\u00f4tel par leur p\u00e8re apr\u00e8s avoir d\u00een\u00e9 dans un quartier touristique d&rsquo;Istanbul"},"content":{"rendered":"<p>Selon la chaine de t\u00e9l\u00e9vision priv\u00e9e NTV, les deux gar\u00e7ons \u00e2g\u00e9s de 15 et 17 ans \u00e9taient morts \u00e0 l&rsquo;arriv\u00e9e de la police et des secours, alert\u00e9s par l&rsquo;h\u00f4tel o\u00f9 ils \u00e9taient descendus dans le quartier de Fatih.<\/p>\n<p>\u00ab\u00a0A leur arriv\u00e9e, les ambulanciers ont constat\u00e9 le d\u00e9c\u00e8s des deux enfants. Le p\u00e8re a \u00e9t\u00e9 transport\u00e9 \u00e0 l&rsquo;h\u00f4pital en ambulance\u00a0\u00bb, indique la chaine selon laquelle les trois, en vacances en Turquie, s&rsquo;\u00e9taient rendus vendredi dans le quartier central et touristique de Taksim pour diner.<\/p>\n<p>NTV pr\u00e9cise que le p\u00e8re de famille, \u00e2g\u00e9 de 57 ans, a \u00e9t\u00e9 transport\u00e9 \u00e0 l&rsquo;h\u00f4pital en \u00e9tat de choc mais que, contrairement \u00e0 ses fils, il n&rsquo;avait pas mang\u00e9 la veille.<\/p>\n<p>De m\u00eame, rapporte le site d&rsquo;information Haber T\u00fcrk, \u00ab\u00a0le p\u00e8re de famille a d\u00e9clar\u00e9 \u00e0 la police avoir accompagn\u00e9 ses fils diner la veille dans le quartier de Taksim mais n&rsquo;avoir pas mang\u00e9\u00a0\u00bb.<\/p>\n<p>NTV cite un employ\u00e9 de l&rsquo;h\u00f4tel, Mehmet Kirdag, qui a entendu le p\u00e8re appeler \u00e0 l&rsquo;aide.<\/p>\n<p>\u00ab\u00a0Il appelait ses enfants. Lorsque j&rsquo;ai frapp\u00e9 \u00e0 la porte et suis entr\u00e9, les deux fils \u00e9taient morts, l&rsquo;un dans le lit, l&rsquo;autre par terre (&#8230;) \u00c0 l&rsquo;arriv\u00e9e des ambulanciers, les deux jeunes hommes \u00e9taient d\u00e9c\u00e9d\u00e9s. Le p\u00e8re \u00e9tait en \u00e9tat de choc\u00a0\u00bb.<\/p>\n<p>NTV pr\u00e9cise que la police a ouvert une enqu\u00eate.<\/p>\n","protected":false},"excerpt":{"rendered":"Selon la chaine de t\u00e9l\u00e9vision priv\u00e9e NTV, les deux gar\u00e7ons \u00e2g\u00e9s de 15 et 17 ans \u00e9taient morts&hellip;\n","protected":false},"author":2,"featured_media":340021,"comment_status":"","ping_status":"","sticky":false,"template":"","format":"standard","meta":{"footnotes":""},"categories":[5],"tags":[11,118,1011,27,14,12,28],"class_list":{"0":"post-340020","1":"post","2":"type-post","3":"status-publish","4":"format-standard","5":"has-post-thumbnail","7":"category-international","8":"tag-actualites","9":"tag-faits-divers","10":"tag-fr","11":"tag-france","12":"tag-international","13":"tag-news","14":"tag-world"},"share_on_mastodon":{"url":"https:\/\/pubeurope.com\/@fr\/115082141634345983","error":""},"_links":{"self":[{"href":"https:\/\/www.europesays.com\/fr\/wp-json\/wp\/v2\/posts\/340020","targetHints":{"allow":["GET"]}}],"collection":[{"href":"https:\/\/www.europesays.com\/fr\/wp-json\/wp\/v2\/posts"}],"about":[{"href":"https:\/\/www.europesays.com\/fr\/wp-json\/wp\/v2\/types\/post"}],"author":[{"embeddable":true,"href":"https:\/\/www.europesays.com\/fr\/wp-json\/wp\/v2\/users\/2"}],"replies":[{"embeddable":true,"href":"https:\/\/www.europesays.com\/fr\/wp-json\/wp\/v2\/comments?post=340020"}],"version-history":[{"count":0,"href":"https:\/\/www.europesays.com\/fr\/wp-json\/wp\/v2\/posts\/340020\/revisions"}],"wp:featuredmedia":[{"embeddable":true,"href":"https:\/\/www.europesays.com\/fr\/wp-json\/wp\/v2\/media\/340021"}],"wp:attachment":[{"href":"https:\/\/www.europesays.com\/fr\/wp-json\/wp\/v2\/media?parent=340020"}],"wp:term":[{"taxonomy":"category","embeddable":true,"href":"https:\/\/www.europesays.com\/fr\/wp-json\/wp\/v2\/categories?post=340020"},{"taxonomy":"post_tag","embeddable":true,"href":"https:\/\/www.europesays.com\/fr\/wp-json\/wp\/v2\/tags?post=340020"}],"curies":[{"name":"wp","href":"https:\/\/api.w.org\/{rel}","templated":true}]}}