{"id":340024,"date":"2025-08-24T05:42:19","date_gmt":"2025-08-24T05:42:19","guid":{"rendered":"https:\/\/www.europesays.com\/fr\/340024\/"},"modified":"2025-08-24T05:42:19","modified_gmt":"2025-08-24T05:42:19","slug":"affaire-jean-pormanove-les-explications-de-larcom-et-les-zones-dombres-qui-demeurent-mediapart-fr","status":"publish","type":"post","link":"https:\/\/www.europesays.com\/fr\/340024\/","title":{"rendered":"Affaire \u00ab Jean Pormanove \u00bb : les explications de l\u2019Arcom, et les zones d\u2019ombres qui demeurent &#8211; mediapart.fr"},"content":{"rendered":"<ol>\n<li><a href=\"https:\/\/news.google.com\/rss\/articles\/CBMizgFBVV95cUxPdWVrT0dXZ3dVUTJvRjNTRHhmWjlZV1A4RGNIQlJtUWZXY2pZRHYxdEM4OEJobXNTSlZRVjFYVWxVMUQwZUdFNVdXUTNfQVBrV1ZWNHQwYkVXRUljUHFpWVNqSllFTVJnRWJqZW9ZTXdRcXdoRE56a2wxcVN4dkpsTFZwcmVRdWtGQ2dXTzBUQ1h2TjhkMEdCR0liV3dxQ2htVUtfOUxvMEhxRDVrR0JTRUVpNTFlakJmdFU1M0lhcnVKa1hLVW1QUzRRS254Zw?oc=5\" target=\"_blank\" rel=\"nofollow noopener\">Affaire \u00ab Jean Pormanove \u00bb : les explications de l\u2019Arcom, et les zones d\u2019ombres qui demeurent<\/a>&nbsp;&nbsp;mediapart.fr<\/li>\n<li><a href=\"https:\/\/news.google.com\/rss\/articles\/CBMirAJBVV95cUxOMTRNWU9yS2VjLTVxMVNwWlo3Q19lT2VZVlZJOXRUSk83SGtyQUxweXlNb3E0cWJrN0lDb19TMXFnQ0hyMW5IRmwyV1g3VlhkNHk5YS1IRjRkMkt1RUdkYl9OaUh3ZEVud2xXYk9RUTk2MUV5bDdJVndGU1p6VGViWEttR0h0TlZwZmVMT1FmYXBGVDlkbGtMN2dxek92YzBZVnB6Z0JHQlhJQVg3T2J3RGVuMzVpSG9oOTFkLXRXVTdUbmgxLV8zdnFRQnBZN0NBRzlwWnAwVXlBYUN2OGZBT0RkYUhkbmdfUVo3MFlubEprNWhUWGlObk4wdmRyRzlNUkRTNnJTcE9GeGFhNW9oaDl0MF9jV1YtQ002bjNjNFhEcWljMGtwSUlRUnI?oc=5\" target=\"_blank\" rel=\"nofollow noopener\">Mort de Jean Pormanove : les streamers Naruto et Safine ont continu\u00e9 \u00e0 lui infliger des s\u00e9vices en sachant son \u00e9tat de sant\u00e9 fragile<\/a>&nbsp;&nbsp;Lib\u00e9ration<\/li>\n<li><a href=\"https:\/\/news.google.com\/rss\/articles\/CBMinwJBVV95cUxNWHBjc0ppdFdhcXp1QXJxRWs5LXVWY3pCVmwzSXpKR3RKenl6OGdBaS0wWkNIeEZEd3NWOEgtTm5pMGRrTl9pQUdNeVRxZUQyMjFidXhQNGtYQ3l3aWRTWERaSEN0RXhwYU1nd1ZzZkl6b05naEpleFpoVTNmanJubW5Ldk1tcGlaNkJWNGlyYnUtaHV5Z2duVWNfVER1bU5RRl9hS3FSWHJwQ3JIa0ptSFlJWkkwMG8yWGhLaXpYMUM4VzdPNm5iN3FCX1dQc2pxUkd3V3FNdTdHSEpZeWxod3BVMVZNX0NTOWNVM0VBZGNMVkdZLUJXbC1rSnZDRHFNZjBQQXZ3M2xvQkhwZDk1aXJwVXhhMnhwdXpuUDNQaw?oc=5\" target=\"_blank\" rel=\"nofollow noopener\">\u00ab\u00a0Cela peut \u00eatre jug\u00e9 en homicide involontaire\u00a0\u00bb: Apr\u00e8s l&rsquo;autopsie, les deux costreameurs de Jean Pormanove peuvent-ils encore \u00eatre poursuivis?<\/a>&nbsp;&nbsp;BFMTV<\/li>\n<li><a href=\"https:\/\/news.google.com\/rss\/articles\/CBMi3AFBVV95cUxPclVEVWVsRU9wU3dFbVVTaE9reXk2OU9aZk14aWZrMjBrVWI0TjZEc19iemhDYzdxUV9PamJta0xZYjV6MHVObGs2WkNzdkZnQ19FNGdxd1F0ZjBpbUNHdDVod2Y4eFN4N0lRTS1rREozdkk1enNERlk1NlJBbS1CMjJaalZDZnhlcDlfR2d3RUlfM2loX0tlZmFBNGw4U0xlTDJLRnNBQ3VEb0ctT2pjckxja29OYzZCY0hLcUlnMVpRa0xnTFZST0hmSktoTldrcHhRYS1BMkdJRk51?oc=5\" target=\"_blank\" rel=\"nofollow noopener\">Pendant plusieurs heures, Kick a remis en ligne les vid\u00e9os qui ont pr\u00e9c\u00e9d\u00e9 la mort de Jean Pormanove<\/a>&nbsp;&nbsp;mediapart.fr<\/li>\n<li><a href=\"https:\/\/news.google.com\/rss\/articles\/CBMi_wJBVV95cUxQNTJKZ2NtUVhmRDhhMTAtUWhMMWMyZGR1UmEta2hkZVkwc1ZmUkZtMzF6UEFuM3FGTFpjSlhpUEhGV2lGdlAzVVQ2WlV0ejYzY3NXdEx3aWZNdk1XSGlEczc0el9INXRXS1FTQU12blFHMjBqcVR1N3E2R0gwa21EanNqNUJoRld2ZVkyR01wQWo0aFdQREZpTjlxRVBDSVE1d1piTDh4QTJLYnZJZUZtN29KLUFLQW05V1FxRVVPQXZSaUpQc3U0S1ZrR1UyemhNa1VZaHJXa1hNdEFQOGI1SFJseWJsU05lU0FCN2RydnhGd3lyVXd0X1JVa0xHR2FJcTBpQndqbFU0ZHJ2X0c0YVVSczBDemZCalQ4SXFuVTVxQUh2Ynk0QThmcHE5dWl5eFYzTi1uRUt2eF8xZGIyUTQxRF9hOTB2UFkxbXc1bDBSXzczZUhMSEFpNkw3XzJxVjIxdHk5V241d0RmdnN6Ym9fREtEQkpfOWl3OTVNbw?oc=5\" target=\"_blank\" rel=\"nofollow noopener\">\u00ab\u00a0Tout ce qui prouvait les s\u00e9vices a \u00e9t\u00e9 supprim\u00e9\u00a0\u00bb : un lanceur d&rsquo;alerte publie 1 700 vid\u00e9os pour prouver les mauvais traitements subis par Jean Pormanove<\/a>&nbsp;&nbsp;France Info<\/li>\n<\/ol>\n","protected":false},"excerpt":{"rendered":"Affaire \u00ab Jean Pormanove \u00bb : les explications de l\u2019Arcom, et les zones d\u2019ombres qui demeurent&nbsp;&nbsp;mediapart.fr Mort de&hellip;\n","protected":false},"author":2,"featured_media":338453,"comment_status":"","ping_status":"","sticky":false,"template":"","format":"standard","meta":{"footnotes":""},"categories":[2],"tags":[11,4690,1011,27,47018,47019,12,4125],"class_list":{"0":"post-340024","1":"post","2":"type-post","3":"status-publish","4":"format-standard","5":"has-post-thumbnail","7":"category-actualites","8":"tag-actualites","9":"tag-arcom","10":"tag-fr","11":"tag-france","12":"tag-jean-pormanove","13":"tag-kick","14":"tag-news","15":"tag-numerique"},"share_on_mastodon":{"url":"https:\/\/pubeurope.com\/@fr\/115082149472650458","error":""},"_links":{"self":[{"href":"https:\/\/www.europesays.com\/fr\/wp-json\/wp\/v2\/posts\/340024","targetHints":{"allow":["GET"]}}],"collection":[{"href":"https:\/\/www.europesays.com\/fr\/wp-json\/wp\/v2\/posts"}],"about":[{"href":"https:\/\/www.europesays.com\/fr\/wp-json\/wp\/v2\/types\/post"}],"author":[{"embeddable":true,"href":"https:\/\/www.europesays.com\/fr\/wp-json\/wp\/v2\/users\/2"}],"replies":[{"embeddable":true,"href":"https:\/\/www.europesays.com\/fr\/wp-json\/wp\/v2\/comments?post=340024"}],"version-history":[{"count":0,"href":"https:\/\/www.europesays.com\/fr\/wp-json\/wp\/v2\/posts\/340024\/revisions"}],"wp:featuredmedia":[{"embeddable":true,"href":"https:\/\/www.europesays.com\/fr\/wp-json\/wp\/v2\/media\/338453"}],"wp:attachment":[{"href":"https:\/\/www.europesays.com\/fr\/wp-json\/wp\/v2\/media?parent=340024"}],"wp:term":[{"taxonomy":"category","embeddable":true,"href":"https:\/\/www.europesays.com\/fr\/wp-json\/wp\/v2\/categories?post=340024"},{"taxonomy":"post_tag","embeddable":true,"href":"https:\/\/www.europesays.com\/fr\/wp-json\/wp\/v2\/tags?post=340024"}],"curies":[{"name":"wp","href":"https:\/\/api.w.org\/{rel}","templated":true}]}}