{"id":340025,"date":"2025-08-24T05:43:11","date_gmt":"2025-08-24T05:43:11","guid":{"rendered":"https:\/\/www.europesays.com\/fr\/340025\/"},"modified":"2025-08-24T05:43:11","modified_gmt":"2025-08-24T05:43:11","slug":"saint-etienne-alcoolise-il-tente-detrangler-son-pere","status":"publish","type":"post","link":"https:\/\/www.europesays.com\/fr\/340025\/","title":{"rendered":"Saint-\u00c9tienne. Alcoolis\u00e9, il tente d\u2019\u00e9trangler son p\u00e8re"},"content":{"rendered":"<p>Ce vendredi 22\u00a0ao\u00fbt, vers 18\u00a0h\u00a030, \u00e0 Saint-Etienne, un homme de 52 ans ass\u00e8ne des coups \u00e0 un homme plus \u00e2g\u00e9s, dans la rue.<\/p>\n<p>Les deux hommes s\u2019engouffrent dans un immeuble puis dans un appartement. La voisine entend des bruits suspects et appelle la police. Lorsque les fonctionnaires forcent la porte de l\u2019appartement, cet homme violent, sur un canap\u00e9, tente d\u2019\u00e9trangler la personne \u00e2g\u00e9e.<\/p>\n<p>Cinq jours d&rsquo;ITT<\/p>\n<p>Cet homme de 76 ans est le p\u00e8re de ce dernier. L\u2019individu va se d\u00e9battre lors de son interpellation. Il est fortement alcoolis\u00e9. Il sera plac\u00e9 en garde \u00e0 vue. Il reconna\u00eet les faits de violences sur son p\u00e8re.<\/p>\n<p>La victime s\u2019est vue prescrire cinq jours d\u2019interruption temporaire de travail, (ITT). Le mis en cause sera d\u00e9f\u00e9r\u00e9 devant un magistrat.<\/p>\n","protected":false},"excerpt":{"rendered":"Ce vendredi 22\u00a0ao\u00fbt, vers 18\u00a0h\u00a030, \u00e0 Saint-Etienne, un homme de 52 ans ass\u00e8ne des coups \u00e0 un homme&hellip;\n","protected":false},"author":2,"featured_media":340026,"comment_status":"","ping_status":"","sticky":false,"template":"","format":"standard","meta":{"footnotes":""},"categories":[9653],"tags":[1111,11,2430,271,272,7539,1777,674,274,1011,27,3367,12,25,4001,7538],"class_list":{"0":"post-340025","1":"post","2":"type-post","3":"status-publish","4":"format-standard","5":"has-post-thumbnail","7":"category-saint-etienne","8":"tag-actu","9":"tag-actualites","10":"tag-auvergne-rhone-alpes","11":"tag-crime","12":"tag-delit-et-contravention","13":"tag-edition-loire-sud","14":"tag-eu","15":"tag-europe","16":"tag-faits-divers-justice","17":"tag-fr","18":"tag-france","19":"tag-loire","20":"tag-news","21":"tag-republique-francaise","22":"tag-saint-etienne","23":"tag-saint-etienne-ville"},"share_on_mastodon":{"url":"https:\/\/pubeurope.com\/@fr\/115082153528125443","error":""},"_links":{"self":[{"href":"https:\/\/www.europesays.com\/fr\/wp-json\/wp\/v2\/posts\/340025","targetHints":{"allow":["GET"]}}],"collection":[{"href":"https:\/\/www.europesays.com\/fr\/wp-json\/wp\/v2\/posts"}],"about":[{"href":"https:\/\/www.europesays.com\/fr\/wp-json\/wp\/v2\/types\/post"}],"author":[{"embeddable":true,"href":"https:\/\/www.europesays.com\/fr\/wp-json\/wp\/v2\/users\/2"}],"replies":[{"embeddable":true,"href":"https:\/\/www.europesays.com\/fr\/wp-json\/wp\/v2\/comments?post=340025"}],"version-history":[{"count":0,"href":"https:\/\/www.europesays.com\/fr\/wp-json\/wp\/v2\/posts\/340025\/revisions"}],"wp:featuredmedia":[{"embeddable":true,"href":"https:\/\/www.europesays.com\/fr\/wp-json\/wp\/v2\/media\/340026"}],"wp:attachment":[{"href":"https:\/\/www.europesays.com\/fr\/wp-json\/wp\/v2\/media?parent=340025"}],"wp:term":[{"taxonomy":"category","embeddable":true,"href":"https:\/\/www.europesays.com\/fr\/wp-json\/wp\/v2\/categories?post=340025"},{"taxonomy":"post_tag","embeddable":true,"href":"https:\/\/www.europesays.com\/fr\/wp-json\/wp\/v2\/tags?post=340025"}],"curies":[{"name":"wp","href":"https:\/\/api.w.org\/{rel}","templated":true}]}}