{"id":340027,"date":"2025-08-24T05:44:09","date_gmt":"2025-08-24T05:44:09","guid":{"rendered":"https:\/\/www.europesays.com\/fr\/340027\/"},"modified":"2025-08-24T05:44:09","modified_gmt":"2025-08-24T05:44:09","slug":"lucas-stassin-seme-encore-le-doute-sur-son-avenir","status":"publish","type":"post","link":"https:\/\/www.europesays.com\/fr\/340027\/","title":{"rendered":"Lucas Stassin s\u00e8me encore le doute sur son avenir"},"content":{"rendered":"<p>Hier soir, <a href=\"https:\/\/www.dailymercato.com\/club\/as-saint-etienne-20\" rel=\"nofollow noopener\" target=\"_blank\">l&rsquo;AS Saint-Etienne<\/a> a encha\u00een\u00e9 une 2e victoire cons\u00e9cutive en championnat. De quoi permettre \u00e0 Eirik Horneland de continuer \u00e0 esp\u00e9rer disputer le titre en fin de saison. Mais la route sera longue. Notamment parce que le coach norv\u00e9gien n&rsquo;est pas encore \u00e0 l&rsquo;abri de perdre plusieurs attaquants.<\/p>\n<p>Ce week-end, <a href=\"https:\/\/www.dailymercato.com\/news\/mercato-asse-ben-old-vers-un-pret-chez-un-rival\" rel=\"nofollow noopener\" target=\"_blank\">la rumeur du pr\u00eat de Ben Old<\/a> a surpris de nombreux supporters st\u00e9phanois. Dans le m\u00eame temps, <strong>le mercato de l&rsquo;ASSE doit g\u00e9rer le dossier de Lucas Stassin<\/strong>. A l&rsquo;issue du match US Boulogne &#8211; ASSE, le N\u00b032 des Verts est revenu sur sa situation.<\/p>\n<p>\u00ab\u00a0Aujourd&rsquo;hui, je suis encore \u00e0 Saint-Etienne\u00a0\u00bb<\/p>\n<p>Donner un micro \u00e0 un joueur en partance ne plait jamais aux pr\u00e9sidents de club. Ivan Gazidis l&rsquo;a encore appris, en d\u00e9couvrant la d\u00e9claration de Lucas Stassin en zone mixte apr\u00e8s la victoire contre l&rsquo;USBCO. <strong>\u00ab\u00a0Aujourd&rsquo;hui, je suis encore \u00e0 Saint-Etienne, mais on verra dans le futur\u00a0\u00bb<\/strong> a l\u00e2ch\u00e9 l&rsquo;attaquant belge de 20 ans.<\/p>\n<p>Une sortie qui entretient un peu plus le flou sur sa situation. <a href=\"https:\/\/www.dailymercato.com\/news\/mercato-asse-lucas-stassin-vers-le-rc-lens-batubinsika-a-une-touche-en-belgique\" rel=\"nofollow noopener\" target=\"_blank\">Convoit\u00e9 de toutes parts<\/a>, <strong>Lucas Stassin peut-il rester en Ligue 2 ?<\/strong> Pour cela, l&rsquo;ASSE devra avoir les reins solides, et refuser des offres pouvant monter jusqu&rsquo;\u00e0 30M\u20ac. Heureusement, Stassin a rassur\u00e9 le club du Forez en affichant un professionnalisme exemplaire.\u00a0\u00ab\u00a0Je suis \u00e0 Saint-Etienne et je donne tout pour l&rsquo;instant\u00a0\u00bb. Certains retiendront le \u00ab\u00a0pour l&rsquo;instant\u00a0\u00bb&#8230;<\/p>\n<blockquote class=\"twitter-tweet\"><p>&#13;<\/p>\n<p dir=\"ltr\" lang=\"fr\">Lucas Stassin : \u00ab\u00a0Aujourd&rsquo;hui je suis \u00e0 Saint Etienne, je donne tout&#8230; pour l&rsquo;instant\u00a0\u00bb<a href=\"https:\/\/t.co\/f83RUSCdyi\" rel=\"nofollow\">pic.twitter.com\/f83RUSCdyi<\/a><\/p>\n<p>&#13;<br \/>\n\u2014 Alex (@Alex_InDaHouse2) <a href=\"https:\/\/twitter.com\/Alex_InDaHouse2\/status\/1959345855820927110?ref_src=twsrc%5Etfw\" rel=\"nofollow noopener\" target=\"_blank\">August 23, 2025<\/a><\/p><\/blockquote>\n<p>Supporter st\u00e9phanois, je ne perds pas espoir de revoir les Verts retrouver les sommets. En attendant, je m&rsquo;endes clu remets aux autres clubs historiques du football fran\u00e7ais pour prendre mon mal en patience, et ainsi admirer des clubs comme Strasbourg ou le RC Lens.<\/p>\n<p>            <script async src=\"https:\/\/platform.twitter.com\/widgets.js\" charset=\"utf-8\"><\/script><\/p>\n","protected":false},"excerpt":{"rendered":"Hier soir, l&rsquo;AS Saint-Etienne a encha\u00een\u00e9 une 2e victoire cons\u00e9cutive en championnat. De quoi permettre \u00e0 Eirik Horneland&hellip;\n","protected":false},"author":2,"featured_media":340028,"comment_status":"","ping_status":"","sticky":false,"template":"","format":"standard","meta":{"footnotes":""},"categories":[9653],"tags":[1111,11,2430,1777,674,1011,27,12,25,4001],"class_list":{"0":"post-340027","1":"post","2":"type-post","3":"status-publish","4":"format-standard","5":"has-post-thumbnail","7":"category-saint-etienne","8":"tag-actu","9":"tag-actualites","10":"tag-auvergne-rhone-alpes","11":"tag-eu","12":"tag-europe","13":"tag-fr","14":"tag-france","15":"tag-news","16":"tag-republique-francaise","17":"tag-saint-etienne"},"share_on_mastodon":{"url":"https:\/\/pubeurope.com\/@fr\/115082157269470731","error":""},"_links":{"self":[{"href":"https:\/\/www.europesays.com\/fr\/wp-json\/wp\/v2\/posts\/340027","targetHints":{"allow":["GET"]}}],"collection":[{"href":"https:\/\/www.europesays.com\/fr\/wp-json\/wp\/v2\/posts"}],"about":[{"href":"https:\/\/www.europesays.com\/fr\/wp-json\/wp\/v2\/types\/post"}],"author":[{"embeddable":true,"href":"https:\/\/www.europesays.com\/fr\/wp-json\/wp\/v2\/users\/2"}],"replies":[{"embeddable":true,"href":"https:\/\/www.europesays.com\/fr\/wp-json\/wp\/v2\/comments?post=340027"}],"version-history":[{"count":0,"href":"https:\/\/www.europesays.com\/fr\/wp-json\/wp\/v2\/posts\/340027\/revisions"}],"wp:featuredmedia":[{"embeddable":true,"href":"https:\/\/www.europesays.com\/fr\/wp-json\/wp\/v2\/media\/340028"}],"wp:attachment":[{"href":"https:\/\/www.europesays.com\/fr\/wp-json\/wp\/v2\/media?parent=340027"}],"wp:term":[{"taxonomy":"category","embeddable":true,"href":"https:\/\/www.europesays.com\/fr\/wp-json\/wp\/v2\/categories?post=340027"},{"taxonomy":"post_tag","embeddable":true,"href":"https:\/\/www.europesays.com\/fr\/wp-json\/wp\/v2\/tags?post=340027"}],"curies":[{"name":"wp","href":"https:\/\/api.w.org\/{rel}","templated":true}]}}