{"id":340029,"date":"2025-08-24T05:47:08","date_gmt":"2025-08-24T05:47:08","guid":{"rendered":"https:\/\/www.europesays.com\/fr\/340029\/"},"modified":"2025-08-24T05:47:08","modified_gmt":"2025-08-24T05:47:08","slug":"football-pourquoi-las-nancy-lorraine-sest-si-bien-adaptee-a-cette-ligue-2","status":"publish","type":"post","link":"https:\/\/www.europesays.com\/fr\/340029\/","title":{"rendered":"Football. Pourquoi l\u2019AS Nancy Lorraine s\u2019est si bien adapt\u00e9e \u00e0 cette Ligue 2"},"content":{"rendered":"<p>Apr\u00e8s Dunkerque &#8211; ASNL<\/p>\n<p>(1-3)<\/p>\n<p>Toutes celles et ceux qui supportent Nancy, qui suivent l\u2019actualit\u00e9 du club au chardon, le savent bien\u00a0: ce retour en fanfare de l\u2019ASNL en Ligue 2, en t\u00eate du classement au bout de trois journ\u00e9es, ce n\u2019est pas le fruit du hasard. C\u2019est la r\u00e9compense d\u2019un long et fantastique travail accompli par Pablo Correa <a href=\"https:\/\/www.estrepublicain.fr\/sport\/2023\/11\/17\/exclusif-pablo-correa-est-bien-de-retour-a-l-as-nancy-lorraine-comme-entraineur\" target=\"_blank\" rel=\"noopener\">depuis son come-back sur le banc nanc\u00e9ien en 2023<\/a> , en duo avec le directeur sportif Micha\u00ebl Chr\u00e9tien. \u00ab\u00a0PC\u00a0\u00bb a repris et transform\u00e9 une \u00e9quipe qui occupait l\u2019avant-derni\u00e8re place en National, en \u00e9tant incapable de gagner des matches, ni m\u00eame de marquer des buts.<\/p>\n<p>Un fil conducteur<\/p>\n<p>Pour tous les autres observateurs du ballon rond qui avaient perdu de vue l\u2019ASNL en troisi\u00e8me division, la r\u00e9ussite exceptionnelle du promu nanc\u00e9ien, en ce d\u00e9but de saison de Ligue 2, est un sacr\u00e9 sujet d\u2019\u00e9tonnement.\u00a0En conf\u00e9rence de&#8230;<\/p>\n","protected":false},"excerpt":{"rendered":"Apr\u00e8s Dunkerque &#8211; ASNL (1-3) Toutes celles et ceux qui supportent Nancy, qui suivent l\u2019actualit\u00e9 du club au&hellip;\n","protected":false},"author":2,"featured_media":340030,"comment_status":"","ping_status":"","sticky":false,"template":"","format":"standard","meta":{"footnotes":""},"categories":[9635],"tags":[1111,11,3703,1777,674,107,1701,1795,63,1011,27,775,1702,12,25,517,1700,774],"class_list":{"0":"post-340029","1":"post","2":"type-post","3":"status-publish","4":"format-standard","5":"has-post-thumbnail","7":"category-nancy","8":"tag-actu","9":"tag-actualites","10":"tag-asnl","11":"tag-eu","12":"tag-europe","13":"tag-fil-info","14":"tag-fil-info-sport","15":"tag-fil-web","16":"tag-football","17":"tag-fr","18":"tag-france","19":"tag-grand-est","20":"tag-nancy","21":"tag-news","22":"tag-republique-francaise","23":"tag-sport","24":"tag-sport-lorrain","25":"tag-vosges"},"share_on_mastodon":{"url":"https:\/\/pubeurope.com\/@fr\/115082169089563989","error":""},"_links":{"self":[{"href":"https:\/\/www.europesays.com\/fr\/wp-json\/wp\/v2\/posts\/340029","targetHints":{"allow":["GET"]}}],"collection":[{"href":"https:\/\/www.europesays.com\/fr\/wp-json\/wp\/v2\/posts"}],"about":[{"href":"https:\/\/www.europesays.com\/fr\/wp-json\/wp\/v2\/types\/post"}],"author":[{"embeddable":true,"href":"https:\/\/www.europesays.com\/fr\/wp-json\/wp\/v2\/users\/2"}],"replies":[{"embeddable":true,"href":"https:\/\/www.europesays.com\/fr\/wp-json\/wp\/v2\/comments?post=340029"}],"version-history":[{"count":0,"href":"https:\/\/www.europesays.com\/fr\/wp-json\/wp\/v2\/posts\/340029\/revisions"}],"wp:featuredmedia":[{"embeddable":true,"href":"https:\/\/www.europesays.com\/fr\/wp-json\/wp\/v2\/media\/340030"}],"wp:attachment":[{"href":"https:\/\/www.europesays.com\/fr\/wp-json\/wp\/v2\/media?parent=340029"}],"wp:term":[{"taxonomy":"category","embeddable":true,"href":"https:\/\/www.europesays.com\/fr\/wp-json\/wp\/v2\/categories?post=340029"},{"taxonomy":"post_tag","embeddable":true,"href":"https:\/\/www.europesays.com\/fr\/wp-json\/wp\/v2\/tags?post=340029"}],"curies":[{"name":"wp","href":"https:\/\/api.w.org\/{rel}","templated":true}]}}