{"id":340031,"date":"2025-08-24T05:50:10","date_gmt":"2025-08-24T05:50:10","guid":{"rendered":"https:\/\/www.europesays.com\/fr\/340031\/"},"modified":"2025-08-24T05:50:10","modified_gmt":"2025-08-24T05:50:10","slug":"maisons-cambriolees-pres-de-montpellier-quatre-mineurs-roumains-dont-un-de-13-ans-interpelles-en-flagrant-delit-par-les-gendarmes","status":"publish","type":"post","link":"https:\/\/www.europesays.com\/fr\/340031\/","title":{"rendered":"Maisons cambriol\u00e9es pr\u00e8s de Montpellier\u00a0: quatre mineurs roumains, dont un de 13 ans, interpell\u00e9s en flagrant d\u00e9lit par les gendarmes"},"content":{"rendered":"<p>\n                                                                Ce samedi 23\u00a0ao\u00fbt dans la matin\u00e9e, l\u2019une des victimes a alert\u00e9 les gendarmes, qui se sont aussit\u00f4t rendus sur place et ont interpell\u00e9 les auteurs pr\u00e9sum\u00e9s.\n                            <\/p>\n<p>Quatre mineurs de nationalit\u00e9 roumaine, dont un \u00e2g\u00e9 d\u2019\u00e0 peine 13 ans\u00a0: c\u2019est l\u2019\u00e9quipe de cambrioleurs pr\u00e9sum\u00e9s que les gendarmes ont interpell\u00e9e ce samedi 23\u00a0ao\u00fbt dans une commune proche de Montpellier.<\/p>\n<p>Il est 10\u00a0h\u00a030 quand une habitante de Vendargues, \u00e0 l\u2019est de la m\u00e9tropole, signale avoir \u00e9t\u00e9 victime d\u2019un vol \u00e0 son domicile, dans le secteur de la rue du Recantou.<\/p>\n<p>Deux maisons cambriol\u00e9es, \u00e0 200\u00a0m l\u2019une de l\u2019autre<\/p>\n<p>Les militaires de la brigade de Castries se rendent dans ce lotissement, et tr\u00e8s rapidement, appr\u00e9hendent les quatre auteurs pr\u00e9sum\u00e9s en possession de leur butin. Tous ont \u00e9t\u00e9 plac\u00e9s en garde \u00e0 vue. L\u2019un d\u2019eux a \u00e9t\u00e9 reconnu par la victime.<\/p>\n<p>Ce sont en fait deux maisons qui ont \u00e9t\u00e9 visit\u00e9es, \u00e0 200\u00a0m l\u2019une de l\u2019autre. Une partie des effets d\u00e9rob\u00e9s a \u00e9t\u00e9 r\u00e9cup\u00e9r\u00e9e et restitu\u00e9e \u00e0 leurs propri\u00e9taires.<\/p>\n","protected":false},"excerpt":{"rendered":"Ce samedi 23\u00a0ao\u00fbt dans la matin\u00e9e, l\u2019une des victimes a alert\u00e9 les gendarmes, qui se sont aussit\u00f4t rendus&hellip;\n","protected":false},"author":2,"featured_media":340032,"comment_status":"","ping_status":"","sticky":false,"template":"","format":"standard","meta":{"footnotes":""},"categories":[9599],"tags":[1111,11,1777,674,1011,27,2208,12,2680,25],"class_list":{"0":"post-340031","1":"post","2":"type-post","3":"status-publish","4":"format-standard","5":"has-post-thumbnail","7":"category-montpellier","8":"tag-actu","9":"tag-actualites","10":"tag-eu","11":"tag-europe","12":"tag-fr","13":"tag-france","14":"tag-montpellier","15":"tag-news","16":"tag-occitanie","17":"tag-republique-francaise"},"share_on_mastodon":{"url":"https:\/\/pubeurope.com\/@fr\/115082181331653741","error":""},"_links":{"self":[{"href":"https:\/\/www.europesays.com\/fr\/wp-json\/wp\/v2\/posts\/340031","targetHints":{"allow":["GET"]}}],"collection":[{"href":"https:\/\/www.europesays.com\/fr\/wp-json\/wp\/v2\/posts"}],"about":[{"href":"https:\/\/www.europesays.com\/fr\/wp-json\/wp\/v2\/types\/post"}],"author":[{"embeddable":true,"href":"https:\/\/www.europesays.com\/fr\/wp-json\/wp\/v2\/users\/2"}],"replies":[{"embeddable":true,"href":"https:\/\/www.europesays.com\/fr\/wp-json\/wp\/v2\/comments?post=340031"}],"version-history":[{"count":0,"href":"https:\/\/www.europesays.com\/fr\/wp-json\/wp\/v2\/posts\/340031\/revisions"}],"wp:featuredmedia":[{"embeddable":true,"href":"https:\/\/www.europesays.com\/fr\/wp-json\/wp\/v2\/media\/340032"}],"wp:attachment":[{"href":"https:\/\/www.europesays.com\/fr\/wp-json\/wp\/v2\/media?parent=340031"}],"wp:term":[{"taxonomy":"category","embeddable":true,"href":"https:\/\/www.europesays.com\/fr\/wp-json\/wp\/v2\/categories?post=340031"},{"taxonomy":"post_tag","embeddable":true,"href":"https:\/\/www.europesays.com\/fr\/wp-json\/wp\/v2\/tags?post=340031"}],"curies":[{"name":"wp","href":"https:\/\/api.w.org\/{rel}","templated":true}]}}