{"id":340033,"date":"2025-08-24T05:51:13","date_gmt":"2025-08-24T05:51:13","guid":{"rendered":"https:\/\/www.europesays.com\/fr\/340033\/"},"modified":"2025-08-24T05:51:13","modified_gmt":"2025-08-24T05:51:13","slug":"atelier-filme-lavenir-a-montpellier-la-jeunesse-moteur-de-creation","status":"publish","type":"post","link":"https:\/\/www.europesays.com\/fr\/340033\/","title":{"rendered":"Atelier Filme l\u2019avenir\u00a0: \u00e0 Montpellier, la jeunesse, moteur de cr\u00e9ation"},"content":{"rendered":"<p>La voix de Juliette Steimer r\u00e9sonne entre les murs de l\u2019ancienne chapelle Saint-Charles transform\u00e9e en un espace associatif nomm\u00e9 La Maison des Ch\u0153urs, <a href=\"https:\/\/www.humanite.fr\/societe\/associations\/si-la-maison-ferme-je-serai-tres-peine-car-ici-je-me-sens-utile-a-montpellier-une-association-qui-defend-les-droits-des-chomeurs-est-menacee-de-fermeture\" target=\"_blank\" rel=\"noopener\">\u00e0 Montpellier<\/a>. La com\u00e9dienne pr\u00e9sente le programme et l\u2019organisation du dispositif Filme L\u2019Avenir.<\/p>\n<p>\u00ab\u00a0Tout le monde peut tout faire\u00a0\u00bb, garantit-elle devant un PowerPoint. En face, une trentaine de participants silencieux. Certains jouent avec leurs doigts, comme pour cacher leur angoisse. Une fois toutes les consignes expliqu\u00e9es, Juliette rassemble le public en cercle et lance un exercice pour briser la glace.<\/p>\n<p>Chacun s\u2019avance, avec plus ou moins d\u2019assurance, se pr\u00e9sente puis d\u00e9signe le suivant. Les \u00e9quipes se forment derri\u00e8re les cinq r\u00e9alisateurs qui vont encadrer l\u2019atelier. \u00ab\u00a0Ce sont des jeunes choisis \u00e0 la fois pour leurs qualit\u00e9s professionnelles mais aussi pour leur sens de la p\u00e9dagogie et de la transmission\u00a0\u00bb, atteste Aur\u00e9lie Cardin.<\/p>\n<p>La d\u00e9l\u00e9gu\u00e9e g\u00e9n\u00e9rale de l\u2019association Extra Muros a fond\u00e9 le dispositif Filme L\u2019Avenir en 2020. Chaque \u00e9t\u00e9, le programme fait sa tourn\u00e9e dans plusieurs villes de France ainsi que <a href=\"https:\/\/www.humanite.fr\/medias\/television\/television-outre-mer-a-quand-legalite-sociale-pleine-et-entiere-748684\" target=\"_blank\" rel=\"noopener\">dans les DROM-COM<\/a>.<\/p>\n<p>Deux jours d\u2019ateliers lors desquels les participants vont cr\u00e9er de toutes pi\u00e8ces, accompagn\u00e9s d\u2019un professionnel de l\u2019audiovisuel, un film de 90 secondes sur un th\u00e8me impos\u00e9. Ils apprennent \u00e0 manier les cam\u00e9ras, s\u2019essayent \u00e0 l\u2019\u00e9criture d\u2019un sc\u00e9nario et exp\u00e9rimentent l\u2019\u00e9tape du montage.<\/p>\n<p>\u00ab\u00a0Filme L\u2019Avenir s\u2019adresse prioritairement aux jeunes des quartiers politiques de la ville, \u00e0 ceux qui ne partent pas en vacances et aux territoires ruraux. Il reste toujours des places en plus pour ne pas fermer les portes \u00e0 d\u2019autres personnes voulant participer\u00a0\u00bb, nous apprend celle qui a \u00e9galement <a href=\"https:\/\/www.humanite.fr\/culture-et-savoir\/cinema\/festival-cinebanlieue-le-cinema-cest-la-partie-emergee-de-liceberg-727433\" target=\"_blank\" rel=\"noopener\">cr\u00e9\u00e9 le festival Cin\u00e9Banlieue<\/a>.<\/p>\n<p>Chacun peut \u00eatre \u00e0 la fois acteur et cadreur, selon ses envies<\/p>\n<p>Cette ann\u00e9e, le th\u00e8me \u00ab\u00a0Viens on s\u2019aime\u00a0\u00bb a \u00e9t\u00e9 tr\u00e8s bien accueilli par les participants. V\u00eatue d\u2019un d\u00e9bardeur vert, Sassa Hadjara est en vacances dans la r\u00e9gion montpelli\u00e9raine et participe \u00e0 ces journ\u00e9es avec une amie. \u00ab\u00a0Actuellement, on a besoin de paix, de vivre ensemble\u00a0\u00bb, affirme-t-elle. \u00ab\u00a0Il fallait un th\u00e8me f\u00e9d\u00e9rateur car le contexte est assez lourd, c\u2019est important de parler d\u2019amour\u00a0\u00bb, ajoute Aur\u00e9lie Cardin.<\/p>\n<p>Nouveaut\u00e9 cet \u00e9t\u00e9\u00a0: les amateurs ont pour mission de r\u00e9aliser un deuxi\u00e8me film durant les 48\u00a0heures d\u2019atelier. L\u2019occasion de traiter les diff\u00e9rents types d\u2019amour comme le fait le groupe de C\u00e9cile. Assise sur un canap\u00e9 vert et \u00e9paul\u00e9e par la r\u00e9alisatrice Rebecca Gallon, l\u2019\u00e9quipe a rapidement trouv\u00e9 deux id\u00e9es de sc\u00e9nario\u00a0: l\u2019amour maternel qui donne \u00e0 une femme l\u2019illusion d\u2019avoir <a href=\"https:\/\/www.humanite.fr\/sports\/federations-sportives\/kaylia-nemour-la-gymnaste-obtient-la-mise-a-pied-de-de-son-ancienne-entraineuse-quelle-accusait-de-pratiques-violentes\" target=\"_blank\" rel=\"noopener\">un enfant prodige de la gymnastique<\/a> et la passion d\u2019un couple s\u00e9par\u00e9 par les trajectoires de vie.<\/p>\n<p>Apr\u00e8s avoir pitch\u00e9 les futurs <a href=\"https:\/\/www.humanite.fr\/culture-et-savoir\/bande-de-gaza\/from-ground-zero-22-courts-metrages-rendent-compte-du-drame-a-gaza\" target=\"_blank\" rel=\"noopener\">courts-m\u00e9trages<\/a>, chaque groupe peut commencer le tournage. Les plans s\u2019encha\u00eenent, les conseils s\u2019\u00e9changent et la cam\u00e9ra passe de main en main sous les directives de Rebecca. Ma\u00e9line et Franco sont venus en couple. La jeune femme aux cheveux boucl\u00e9s a obtenu un baccalaur\u00e9at cin\u00e9ma et r\u00eave d\u2019en faire son m\u00e9tier.<\/p>\n<p>\u00ab\u00a0J\u2019avais d\u00e9j\u00e0 particip\u00e9 l\u2019ann\u00e9e derni\u00e8re, j\u2019\u00e9tais s\u00fbre de revenir et je ne suis pas d\u00e9\u00e7ue.\u00a0\u00bb Pour son compagnon chilien, c\u2019est une premi\u00e8re\u00a0: \u00ab\u00a0j\u2019ai toujours voulu jouer dans un film et gr\u00e2ce \u00e0 Ma\u00e9line, j\u2019ai eu l\u2019occasion de conna\u00eetre Filme L\u2019Avenir\u00a0\u00bb.<\/p>\n<p>Les bras en l\u2019air, <a href=\"https:\/\/www.humanite.fr\/monde\/afrique\/neocolonialisme-apres-un-siecle-et-demi-de-presence-larmee-francaise-quitte-enfin-le-senegal\" target=\"_blank\" rel=\"noopener\">cet ancien militaire<\/a> s\u2019efforce de tenir l\u2019appareil pour filmer un des premiers plans. Tous l\u2019encouragent avant de se mettre en place de l\u2019autre c\u00f4t\u00e9 de la cam\u00e9ra. Ici, chacun peut \u00eatre \u00e0 la fois acteur et cadreur, selon ses envies. L\u2019\u00e9quipe joue la sc\u00e8ne o\u00f9 C\u00e9cile interpr\u00e8te une maman \u00e9bahie devant les exploits en gymnastique de son fils.<\/p>\n<p>L\u2019enfant est jou\u00e9 par Nino est le fils de Juliette Steimer, qui participe exceptionnellement \u00e0 ces journ\u00e9es. Ses rebonds sur le sol r\u00e9sonnent et rythment l\u2019apr\u00e8s-midi. \u00ab\u00a0J\u2019ai peur qu\u2019il se fasse mal\u00a0\u00bb, s\u2019inqui\u00e8te Sassa \u00e0 chaque figure.<\/p>\n<p>Un atelier gratuit<\/p>\n<p>\u00c0 la fin de la tourn\u00e9e, soixante des quatre-vingts films r\u00e9alis\u00e9s sont s\u00e9lectionn\u00e9s <a href=\"https:\/\/www.humanite.fr\/culture-et-savoir\/cinema\/festival-cinebanlieue-le-cinema-cest-la-partie-emergee-de-liceberg-727433\" target=\"_blank\" rel=\"noopener\">pour le festival Cin\u00e9Banlieue<\/a> avec la possibilit\u00e9 de remporter cinq prix. Toutes les \u00e9quipes en lice sont invit\u00e9es \u00e0 la remise des prix le 14\u00a0novembre prochain. Les courts-m\u00e9trages seront \u00e9galement visionnables sur la plateforme jeunesse de <a href=\"https:\/\/www.humanite.fr\/medias\/eglise-protestante\/sur-france-2-hugues-nancy-raconte-pourquoi-le-massacre-de-la-saint-barthelemy-en-1572-est-terriblement-dactualite\" target=\"_blank\" rel=\"noopener\">France T\u00e9l\u00e9visions<\/a> d\u00e8s septembre.<\/p>\n<p>Si la perspective d\u2019une r\u00e9compense motive les participants, c\u2019est avant tout le d\u00e9fi qui les anime. \u00ab\u00a0Je suis quelqu\u2019un de tr\u00e8s comp\u00e9titif mais avant les r\u00e9sultats du concours, j\u2019esp\u00e8re que ma famille sera fi\u00e8re de moi\u00a0\u00bb, poursuit Franco.<\/p>\n<p>L\u2019objectif est aussi de permettre une premi\u00e8re immersion dans le monde cin\u00e9matographique et d\u2019orienter au mieux ceux qui souhaitent se lancer dans ce choix de carri\u00e8re. La d\u00e9l\u00e9gu\u00e9e g\u00e9n\u00e9rale d\u2019Extra Muros en lien avec la F\u00e9mis et la Cin\u00e9Fabrique conna\u00eet cet \u00e9cosyst\u00e8me.<\/p>\n<p>Gr\u00e2ce \u00e0 cette \u00ab\u00a0cha\u00eene solidaire\u00a0\u00bb que d\u00e9crit Aur\u00e9lie Cardin, de nombreux jeunes ont pu poursuivre leur r\u00eave au sein de ces \u00e9tablissements. Dans le but de d\u00e9mocratiser la culture et de lutter contre les barri\u00e8res sociales, Filme l\u2019Avenir est un atelier gratuit.<\/p>\n<p>\u00ab\u00a0Si c\u2019est ouvert \u00e0 tous, il ne faut pas que l\u2019argent soit une barri\u00e8re\u00a0\u00bb, ajoute la fondatrice. Le programme offre l\u2019opportunit\u00e9 de d\u00e9couvrir les coulisses <a href=\"https:\/\/www.humanite.fr\/culture-et-savoir\/cinema\/salve-maria-une-mere-au-bord-de-la-crise-de-nerfs\" target=\"_blank\" rel=\"noopener\">du cin\u00e9ma<\/a> et, peut-\u00eatre, de s\u2019y projeter.<\/p>\n<p>Au plus pr\u00e8s de celles et ceux qui cr\u00e9ent<\/p>\n<p>L\u2019Humanit\u00e9 a toujours revendiqu\u00e9 l\u2019id\u00e9e que <strong>la culture n\u2019est pas une marchandise<\/strong>, qu\u2019elle est une condition de la vie politique et de l\u2019\u00e9mancipation humaine.<\/p>\n<p>Face \u00e0 des politiques culturelles lib\u00e9rales, qui fragilisent le service public de la culture, le journal rend compte de la r\u00e9sistance des cr\u00e9ateurs et de tous les personnels de la culture, mais aussi des solidarit\u00e9s du public.<\/p>\n<p>Les partis pris insolites, audacieux, singuliers sont la marque de fabrique des pages culture du journal. Nos journalistes explorent <strong>les coulisses du monde de la culture et la gen\u00e8se des \u0153uvres<\/strong> qui font et bousculent l\u2019actualit\u00e9.<\/p>\n<p><strong>Aidez-nous \u00e0 d\u00e9fendre une id\u00e9e ambitieuse de la culture\u00a0!<\/strong><br \/><a href=\"https:\/\/www.humanite.fr\/lhumanite-cest-vous\" target=\"_blank\" rel=\"noopener\">Je veux en savoir plus\u00a0!<\/a><\/p>\n","protected":false},"excerpt":{"rendered":"La voix de Juliette Steimer r\u00e9sonne entre les murs de l\u2019ancienne chapelle Saint-Charles transform\u00e9e en un espace associatif&hellip;\n","protected":false},"author":2,"featured_media":340034,"comment_status":"","ping_status":"","sticky":false,"template":"","format":"standard","meta":{"footnotes":""},"categories":[9599],"tags":[1111,11,7196,1777,674,1011,27,2208,12,2680,25],"class_list":{"0":"post-340033","1":"post","2":"type-post","3":"status-publish","4":"format-standard","5":"has-post-thumbnail","7":"category-montpellier","8":"tag-actu","9":"tag-actualites","10":"tag-cinu00e9ma","11":"tag-eu","12":"tag-europe","13":"tag-fr","14":"tag-france","15":"tag-montpellier","16":"tag-news","17":"tag-occitanie","18":"tag-republique-francaise"},"share_on_mastodon":{"url":"https:\/\/pubeurope.com\/@fr\/115082184774017200","error":""},"_links":{"self":[{"href":"https:\/\/www.europesays.com\/fr\/wp-json\/wp\/v2\/posts\/340033","targetHints":{"allow":["GET"]}}],"collection":[{"href":"https:\/\/www.europesays.com\/fr\/wp-json\/wp\/v2\/posts"}],"about":[{"href":"https:\/\/www.europesays.com\/fr\/wp-json\/wp\/v2\/types\/post"}],"author":[{"embeddable":true,"href":"https:\/\/www.europesays.com\/fr\/wp-json\/wp\/v2\/users\/2"}],"replies":[{"embeddable":true,"href":"https:\/\/www.europesays.com\/fr\/wp-json\/wp\/v2\/comments?post=340033"}],"version-history":[{"count":0,"href":"https:\/\/www.europesays.com\/fr\/wp-json\/wp\/v2\/posts\/340033\/revisions"}],"wp:featuredmedia":[{"embeddable":true,"href":"https:\/\/www.europesays.com\/fr\/wp-json\/wp\/v2\/media\/340034"}],"wp:attachment":[{"href":"https:\/\/www.europesays.com\/fr\/wp-json\/wp\/v2\/media?parent=340033"}],"wp:term":[{"taxonomy":"category","embeddable":true,"href":"https:\/\/www.europesays.com\/fr\/wp-json\/wp\/v2\/categories?post=340033"},{"taxonomy":"post_tag","embeddable":true,"href":"https:\/\/www.europesays.com\/fr\/wp-json\/wp\/v2\/tags?post=340033"}],"curies":[{"name":"wp","href":"https:\/\/api.w.org\/{rel}","templated":true}]}}