{"id":340036,"date":"2025-08-24T05:55:11","date_gmt":"2025-08-24T05:55:11","guid":{"rendered":"https:\/\/www.europesays.com\/fr\/340036\/"},"modified":"2025-08-24T05:55:11","modified_gmt":"2025-08-24T05:55:11","slug":"grenoble-un-homme-gravement-blesse-dun-coup-de-couteau-dans-le-quartier-de-la-gare","status":"publish","type":"post","link":"https:\/\/www.europesays.com\/fr\/340036\/","title":{"rendered":"Grenoble. Un homme gravement bless\u00e9 d&rsquo;un coup de couteau dans le quartier de la gare"},"content":{"rendered":"<p>Les sapeurs-pompiers et une \u00e9quipe du Samu 38 sont intervenus t\u00f4t ce dimanche 24 ao\u00fbt, dans le quartier de la gare \u00e0 Grenoble, pour porter secours \u00e0 un jeune homme gravement bless\u00e9 \u00e0 l&rsquo;arme blanche.<\/p>\n<p>Il \u00e9tait un peu plus de 6 heures lorsque cet homme de 25 ans, gravement atteint au thorax d&rsquo;un coup de couteau, a \u00e9t\u00e9 pris en charge dans le hall d&rsquo;un immeuble o\u00f9 il s&rsquo;\u00e9tait r\u00e9fugi\u00e9 au 8, rue \u00c9mile-Gueymard.<\/p>\n<p>Ce contenu est bloqu\u00e9 car vous n&rsquo;avez pas accept\u00e9 les cookies et autres traceurs.<\/p>\n<p>En cliquant sur \u00ab J\u2019accepte \u00bb, les cookies et autres traceurs seront d\u00e9pos\u00e9s et vous pourrez visualiser les contenus  (<a href=\"\" class=\"consentModule_policy\" target=\"_blank\" title=\"Consulter la politique de protection des donn\u00e9es du fournisseur\">plus d&rsquo;informations<\/a>).<\/p>\n<p>En cliquant sur \u00ab J\u2019accepte tous les cookies \u00bb, vous autorisez des d\u00e9p\u00f4ts de cookies et autres traceurs pour le stockage de vos donn\u00e9es sur nos sites et applications \u00e0 des fins de personnalisation et de ciblage publicitaire.<\/p>\n<p class=\"consentModule_secondaryText\">Vous gardez la possibilit\u00e9 de retirer votre consentement \u00e0 tout moment en consultant notre <a href=\"https:\/\/www.ledauphine.com\/protection-des-donnees\" target=\"_blank\" title=\"Consulter notre politique de protection des donn\u00e9es\" rel=\"noopener\">politique de protection des donn\u00e9es<\/a>. <br \/>&#13;<br \/>\n            <a href=\"https:\/\/www.ledauphine.com\/faits-divers-justice\/2025\/08\/24\/javascript:Didomi.notice.show()\" class=\"consentModule_cmp\" target=\"_blank\" rel=\"noopener\">G\u00e9rer mes choix<\/a>&#13;\n        <\/p>\n<p>&#13;<br \/>\n                        J&rsquo;accepte&#13;<br \/>\n            J&rsquo;accepte tous les cookies&#13;\n        <\/p>\n<p>L&rsquo;agression semble avoir \u00e9t\u00e9 commise sur la voie publique, une voiture abandonn\u00e9e -porti\u00e8res ouvertes et pneus crev\u00e9s- \u00e0 l&rsquo;arr\u00eat de bus devant la gare faisant l&rsquo;objet de constatations par les policiers grenoblois.<\/p>\n<p>M\u00e9dicalis\u00e9e,\u00a0 la victime a \u00e9t\u00e9 transport\u00e9e au CHU Grenoble Alpes o\u00f9 elle a \u00e9t\u00e9 admise au service de d\u00e9chocage.<\/p>\n<p>Une enqu\u00eate a \u00e9t\u00e9 ouverte.<\/p>\n","protected":false},"excerpt":{"rendered":"Les sapeurs-pompiers et une \u00e9quipe du Samu 38 sont intervenus t\u00f4t ce dimanche 24 ao\u00fbt, dans le quartier&hellip;\n","protected":false},"author":2,"featured_media":340037,"comment_status":"","ping_status":"","sticky":false,"template":"","format":"standard","meta":{"footnotes":""},"categories":[9566],"tags":[1111,11,2430,271,272,112,1777,674,274,107,1011,27,2731,2732,108,12,25],"class_list":{"0":"post-340036","1":"post","2":"type-post","3":"status-publish","4":"format-standard","5":"has-post-thumbnail","7":"category-grenoble","8":"tag-actu","9":"tag-actualites","10":"tag-auvergne-rhone-alpes","11":"tag-crime","12":"tag-delit-et-contravention","13":"tag-edition-grenoble-agglomeration","14":"tag-eu","15":"tag-europe","16":"tag-faits-divers-justice","17":"tag-fil-info","18":"tag-fr","19":"tag-france","20":"tag-grenoble","21":"tag-grenoble-bassin","22":"tag-isere","23":"tag-news","24":"tag-republique-francaise"},"share_on_mastodon":{"url":"https:\/\/pubeurope.com\/@fr\/115082200580817621","error":""},"_links":{"self":[{"href":"https:\/\/www.europesays.com\/fr\/wp-json\/wp\/v2\/posts\/340036","targetHints":{"allow":["GET"]}}],"collection":[{"href":"https:\/\/www.europesays.com\/fr\/wp-json\/wp\/v2\/posts"}],"about":[{"href":"https:\/\/www.europesays.com\/fr\/wp-json\/wp\/v2\/types\/post"}],"author":[{"embeddable":true,"href":"https:\/\/www.europesays.com\/fr\/wp-json\/wp\/v2\/users\/2"}],"replies":[{"embeddable":true,"href":"https:\/\/www.europesays.com\/fr\/wp-json\/wp\/v2\/comments?post=340036"}],"version-history":[{"count":0,"href":"https:\/\/www.europesays.com\/fr\/wp-json\/wp\/v2\/posts\/340036\/revisions"}],"wp:featuredmedia":[{"embeddable":true,"href":"https:\/\/www.europesays.com\/fr\/wp-json\/wp\/v2\/media\/340037"}],"wp:attachment":[{"href":"https:\/\/www.europesays.com\/fr\/wp-json\/wp\/v2\/media?parent=340036"}],"wp:term":[{"taxonomy":"category","embeddable":true,"href":"https:\/\/www.europesays.com\/fr\/wp-json\/wp\/v2\/categories?post=340036"},{"taxonomy":"post_tag","embeddable":true,"href":"https:\/\/www.europesays.com\/fr\/wp-json\/wp\/v2\/tags?post=340036"}],"curies":[{"name":"wp","href":"https:\/\/api.w.org\/{rel}","templated":true}]}}