{"id":340038,"date":"2025-08-24T05:56:11","date_gmt":"2025-08-24T05:56:11","guid":{"rendered":"https:\/\/www.europesays.com\/fr\/340038\/"},"modified":"2025-08-24T05:56:11","modified_gmt":"2025-08-24T05:56:11","slug":"agglomeration-grenobloise-plusieurs-agressions-a-larme-blanche-font-trois-blesses","status":"publish","type":"post","link":"https:\/\/www.europesays.com\/fr\/340038\/","title":{"rendered":"Agglom\u00e9ration grenobloise\u00a0: plusieurs agressions \u00e0 l&rsquo;arme blanche font trois bless\u00e9s"},"content":{"rendered":"<p>Les pompiers de l&rsquo;Is\u00e8re sont intervenus sur deux agressions \u00e0 l&rsquo;arme blanche dans la nuit du samedi 23 au dimanche 24 ao\u00fbt. \u00c0 Saint-Martin-d&rsquo;H\u00e8res un homme et une femme ont \u00e9t\u00e9 violemment agress\u00e9s et \u00e0 Grenoble. Plusieurs heures plus tard, un homme de 25 ans a re\u00e7u \u00e0 son tour des coups de couteau.<\/p>\n<p><strong>Deux agressions \u00e0 l&rsquo;arme blanche ont \u00e9maill\u00e9 la nuit du samedi 23 au dimanche 24 ao\u00fbt dans l&rsquo;agglom\u00e9ration grenobloise.<\/strong> \u00c0 Saint-Martin-d&rsquo;H\u00e8res, \u00e0 l&rsquo;angle des rues de Normandie et Jacques Brel peu apr\u00e8s une heure du matin, un homme de 20 ans et une femme de 19 ans ont re\u00e7u des coups de couteau. Les deux ont \u00e9t\u00e9 transport\u00e9s en urgence au CHU de Grenoble, la jeune femme dans un \u00e9tat plus critique que le jeune homme.<\/p>\n<p>Plusieurs heures plus tard aux alentours de 6 heure 15, un jeune homme de 25 ans a \u00e9galement \u00e9t\u00e9 la cible de coups de couteau, c&rsquo;\u00e9tait \u00e0 Grenoble rue \u00c9mile Gu\u00e9mard, aux abords de la gare. Gri\u00e8vement bless\u00e9, il a \u00e9galement \u00e9t\u00e9 emmen\u00e9 en urgence absolue au CHU de Grenoble.<\/p>\n","protected":false},"excerpt":{"rendered":"Les pompiers de l&rsquo;Is\u00e8re sont intervenus sur deux agressions \u00e0 l&rsquo;arme blanche dans la nuit du samedi 23&hellip;\n","protected":false},"author":2,"featured_media":340039,"comment_status":"","ping_status":"","sticky":false,"template":"","format":"standard","meta":{"footnotes":""},"categories":[9566],"tags":[1111,11,2430,1777,674,1011,27,2731,12,25],"class_list":{"0":"post-340038","1":"post","2":"type-post","3":"status-publish","4":"format-standard","5":"has-post-thumbnail","7":"category-grenoble","8":"tag-actu","9":"tag-actualites","10":"tag-auvergne-rhone-alpes","11":"tag-eu","12":"tag-europe","13":"tag-fr","14":"tag-france","15":"tag-grenoble","16":"tag-news","17":"tag-republique-francaise"},"share_on_mastodon":{"url":"https:\/\/pubeurope.com\/@fr\/115082204881075365","error":""},"_links":{"self":[{"href":"https:\/\/www.europesays.com\/fr\/wp-json\/wp\/v2\/posts\/340038","targetHints":{"allow":["GET"]}}],"collection":[{"href":"https:\/\/www.europesays.com\/fr\/wp-json\/wp\/v2\/posts"}],"about":[{"href":"https:\/\/www.europesays.com\/fr\/wp-json\/wp\/v2\/types\/post"}],"author":[{"embeddable":true,"href":"https:\/\/www.europesays.com\/fr\/wp-json\/wp\/v2\/users\/2"}],"replies":[{"embeddable":true,"href":"https:\/\/www.europesays.com\/fr\/wp-json\/wp\/v2\/comments?post=340038"}],"version-history":[{"count":0,"href":"https:\/\/www.europesays.com\/fr\/wp-json\/wp\/v2\/posts\/340038\/revisions"}],"wp:featuredmedia":[{"embeddable":true,"href":"https:\/\/www.europesays.com\/fr\/wp-json\/wp\/v2\/media\/340039"}],"wp:attachment":[{"href":"https:\/\/www.europesays.com\/fr\/wp-json\/wp\/v2\/media?parent=340038"}],"wp:term":[{"taxonomy":"category","embeddable":true,"href":"https:\/\/www.europesays.com\/fr\/wp-json\/wp\/v2\/categories?post=340038"},{"taxonomy":"post_tag","embeddable":true,"href":"https:\/\/www.europesays.com\/fr\/wp-json\/wp\/v2\/tags?post=340038"}],"curies":[{"name":"wp","href":"https:\/\/api.w.org\/{rel}","templated":true}]}}